{"id":159463,"date":"2020-03-06T14:17:06","date_gmt":"2020-03-06T17:17:06","guid":{"rendered":"http:\/\/aconteceunovale.com.br\/portal\/?p=159463"},"modified":"2020-03-06T14:18:06","modified_gmt":"2020-03-06T17:18:06","slug":"safra-de-amendoim-em-minas-gerais-crescera-quase-50-neste-ano","status":"publish","type":"post","link":"https:\/\/aconteceunovale.com.br\/portal\/?p=159463","title":{"rendered":"Safra de amendoim em Minas Gerais crescer\u00e1 quase 50% neste ano"},"content":{"rendered":"\n<p>Em 2020, a safra de gr\u00e3os de Minas Gerais deve bater recorde com uma produ\u00e7\u00e3o prevista de 14,3 milh\u00f5es de toneladas &#8211; a maior desde 1976. Em meio aos produtos mais cultivados no estado, como milho, trigo, arroz e soja, o amendoim j\u00e1 ganha destaque.<\/p>\n\n\n\n<p>Se em 2019 foram produzidas 7,7 mil toneladas do gr\u00e3o nas fazendas do estado, neste ano a expectativa \u00e9 de 11,5 mil toneladas, um aumento de 49,8%. A \u00e1rea colhida tamb\u00e9m foi ampliada, passando de 2,4 para 3,5 mil hectares. Para complementar, em 2020, o Valor Bruto da Produ\u00e7\u00e3o (VBP) foi o que mais cresceu, chegando a 67,7% de aumento em rela\u00e7\u00e3o ao ano passado, passando de R$ 21 para R$ 36 milh\u00f5es.<\/p>\n\n\n\n<p>Conforme boletim divulgado em fevereiro pela Companhia Nacional de Abastecimento (Conab), a produ\u00e7\u00e3o de amendoim tamb\u00e9m est\u00e1 em expans\u00e3o no pa\u00eds, mas em uma propor\u00e7\u00e3o bem menor que em Minas Gerais. Segundo o \u00f3rg\u00e3o, a \u00e1rea de amendoim plantado no Brasil atingiu 150,4 mil hectares, um acr\u00e9scimo de 7,6% em compara\u00e7\u00e3o com o ano passado.<\/p>\n\n\n\n<p>O subsecret\u00e1rio de Pol\u00edtica e Economia Agropecu\u00e1ria da\u00a0Secretaria de Estado de Agricultura, Pecu\u00e1ria e Abastecimento (Seapa), Jo\u00e3o Ricardo Albanez, explica que o cultivo de amendoim ocorre majoritariamente na primeira safra, no ver\u00e3o. &#8220;Principalmente durante a entressafra da cana-de-a\u00e7\u00facar, por ser uma \u00f3tima op\u00e7\u00e3o para a rota\u00e7\u00e3o de culturas, possibilitando recuperar o solo com fixa\u00e7\u00e3o de nitrog\u00eanio&#8221;, diz.<\/p>\n\n\n\n<figure class=\"wp-block-gallery columns-1 is-cropped wp-block-gallery-1 is-layout-flex wp-block-gallery-is-layout-flex\"><ul class=\"blocks-gallery-grid\"><li class=\"blocks-gallery-item\"><figure><img loading=\"lazy\" decoding=\"async\" width=\"678\" height=\"428\" src=\"http:\/\/aconteceunovale.com.br\/portal\/wp-content\/uploads\/2020\/03\/amendoim.jpg\" alt=\"\" data-id=\"159464\" class=\"wp-image-159464\" srcset=\"https:\/\/aconteceunovale.com.br\/portal\/wp-content\/uploads\/2020\/03\/amendoim.jpg 678w, https:\/\/aconteceunovale.com.br\/portal\/wp-content\/uploads\/2020\/03\/amendoim-300x189.jpg 300w, https:\/\/aconteceunovale.com.br\/portal\/wp-content\/uploads\/2020\/03\/amendoim-665x420.jpg 665w\" sizes=\"auto, (max-width: 678px) 100vw, 678px\" \/><figcaption class=\"blocks-gallery-item__caption\"><em>Em 2019, as tr\u00eas cidades com maiores \u00e1reas de plantio de amendoim foram Frutal, Santa Vit\u00f3ria e Iturama &#8211; Foto: Divulga\u00e7\u00e3o\/Seapa<\/em><\/figcaption><\/figure><\/li><\/ul><\/figure>\n\n\n\n<p><strong>Maiores produtores<\/strong><\/p>\n\n\n\n<p>Em 2019, as tr\u00eas cidades com maiores \u00e1reas de plantio de amendoim foram Frutal, Santa Vit\u00f3ria e Iturama, todas na regi\u00e3o do Tri\u00e2ngulo Mineiro. De acordo com o engenheiro agr\u00f4nomo da\u00a0Empresa de Assist\u00eancia T\u00e9cnica e Extens\u00e3o Rural (Emater-MG)\u00a0Lu\u00eds Guilherme Brunhara, apesar de estar no topo do ranking de produ\u00e7\u00e3o, Frutal concentra poucos produtores.<\/p>\n\n\n\n<p>\u201cS\u00e3o cerca de tr\u00eas ou quatro agricultores. Eles fazem uma parceria com as usinas de cana-de-a\u00e7\u00facar, arrendando os terrenos na entressafra para cultivar o amendoim. Essa coopera\u00e7\u00e3o acaba sendo positiva tamb\u00e9m para os usineiros, pois o amendoim recupera o solo para a safra seguinte da cana\u201d, explica o agr\u00f4nomo.<\/p>\n\n\n\n<p>Al\u00e9m disso, conforme a coordenadora regional da Emater-MG em Uberaba, Guilhermina Maria Severino, h\u00e1 ainda outro incentivo para o aumento na produ\u00e7\u00e3o na regi\u00e3o do Pontal do Tri\u00e2ngulo. A \u00e1rea cultivada nos munic\u00edpios de Iturama, Limeira do Oeste, Carneirinho e Uni\u00e3o de Minas ser\u00e1 ampliada pela proximidade de uma f\u00e1brica.<\/p>\n\n\n\n<p>\u201cEssa ind\u00fastria vai produzir, esmagar e processar amendoim na cidade de Parana\u00edba, no Mato Grosso do Sul. Devido \u00e0 proximidade com essa regi\u00e3o, os produtores est\u00e3o interessados no cultivo para venderem para o outro estado\u201d, destaca Guilhermina.<\/p>\n\n\n\n<p class=\"has-text-color has-background has-very-light-gray-color has-very-dark-gray-background-color\">Quer saber as not\u00edcias do <strong>Aconteceu no Vale<\/strong> em primeira m\u00e3o? Siga-nos no Facebook <a rel=\"noreferrer noopener\" href=\"http:\/\/facebook.com\/aconteceunovale\" target=\"_blank\">@aconteceunovale<\/a>, Twitter <a rel=\"noreferrer noopener\" href=\"https:\/\/twitter.com\/noticiadosvales\" target=\"_blank\">@noticiadosvales<\/a> e Instagram <a rel=\"noreferrer noopener\" href=\"https:\/\/www.instagram.com\/aconteceunovale\" target=\"_blank\">@aconteceunovale<\/a>.<\/p>\n","protected":false},"excerpt":{"rendered":"<p>Em 2020, a safra de gr\u00e3os de Minas Gerais deve bater recorde com uma produ\u00e7\u00e3o prevista de 14,3 milh\u00f5es de toneladas &#8211; a maior desde 1976. Em meio aos produtos mais cultivados no estado, como milho, trigo, arroz e soja, o amendoim j\u00e1 ganha destaque. Se em 2019 foram produzidas 7,7 mil toneladas do gr\u00e3o [&hellip;]<\/p>\n","protected":false},"author":1,"featured_media":159464,"comment_status":"open","ping_status":"closed","sticky":false,"template":"","format":"standard","meta":{"amp_status":"","footnotes":""},"categories":[6,123],"tags":[217483,217480,217478,217479,217475,1018,25775,200,1555,217481,217476,217477,217482,55307,1553],"class_list":["post-159463","post","type-post","status-publish","format-standard","has-post-thumbnail","hentry","category-br","category-gerais","tag-amendoim-emater-mg","tag-amendoim-frutal","tag-amendoim-iturama","tag-amendoim-santa-vitoria","tag-cultivo-de-amendoim-em-minas-gerais","tag-destaque","tag-emater-mg","tag-frutal","tag-iturama","tag-minas-gerais-se-torna-o-segundo-maior-produtor-de-amendoim-do-pais","tag-producao-de-amendoim-em-minas-gerais","tag-safra-de-amendoim-em-minas-gerais","tag-safra-de-amendoim-em-minas-gerais-crescera-quase-50-neste-ano","tag-safra-de-graos-em-minas-gerais","tag-santa-vitoria"],"_links":{"self":[{"href":"https:\/\/aconteceunovale.com.br\/portal\/index.php?rest_route=\/wp\/v2\/posts\/159463","targetHints":{"allow":["GET"]}}],"collection":[{"href":"https:\/\/aconteceunovale.com.br\/portal\/index.php?rest_route=\/wp\/v2\/posts"}],"about":[{"href":"https:\/\/aconteceunovale.com.br\/portal\/index.php?rest_route=\/wp\/v2\/types\/post"}],"author":[{"embeddable":true,"href":"https:\/\/aconteceunovale.com.br\/portal\/index.php?rest_route=\/wp\/v2\/users\/1"}],"replies":[{"embeddable":true,"href":"https:\/\/aconteceunovale.com.br\/portal\/index.php?rest_route=%2Fwp%2Fv2%2Fcomments&post=159463"}],"version-history":[{"count":1,"href":"https:\/\/aconteceunovale.com.br\/portal\/index.php?rest_route=\/wp\/v2\/posts\/159463\/revisions"}],"predecessor-version":[{"id":159465,"href":"https:\/\/aconteceunovale.com.br\/portal\/index.php?rest_route=\/wp\/v2\/posts\/159463\/revisions\/159465"}],"wp:featuredmedia":[{"embeddable":true,"href":"https:\/\/aconteceunovale.com.br\/portal\/index.php?rest_route=\/wp\/v2\/media\/159464"}],"wp:attachment":[{"href":"https:\/\/aconteceunovale.com.br\/portal\/index.php?rest_route=%2Fwp%2Fv2%2Fmedia&parent=159463"}],"wp:term":[{"taxonomy":"category","embeddable":true,"href":"https:\/\/aconteceunovale.com.br\/portal\/index.php?rest_route=%2Fwp%2Fv2%2Fcategories&post=159463"},{"taxonomy":"post_tag","embeddable":true,"href":"https:\/\/aconteceunovale.com.br\/portal\/index.php?rest_route=%2Fwp%2Fv2%2Ftags&post=159463"}],"curies":[{"name":"wp","href":"https:\/\/api.w.org\/{rel}","templated":true}]}}