{"id":159460,"date":"2020-03-05T23:07:39","date_gmt":"2020-03-06T02:07:39","guid":{"rendered":"http:\/\/aconteceunovale.com.br\/portal\/?p=159460"},"modified":"2020-03-05T23:08:18","modified_gmt":"2020-03-06T02:08:18","slug":"tre-esclarece-sobre-o-fim-do-prazo-da-revisao-biometrica","status":"publish","type":"post","link":"https:\/\/aconteceunovale.com.br\/portal\/?p=159460","title":{"rendered":"TRE esclarece sobre o fim do prazo da revis\u00e3o biom\u00e9trica"},"content":{"rendered":"\n<p>Nesta sexta-feira (06 de mar\u00e7o), termina a revis\u00e3o biom\u00e9trica do eleitorado de\u00a062 munic\u00edpios mineiros. Entre eles, est\u00e3o cidades como Governador Valadares, Ibirit\u00e9, Juiz de Fora, Montes Claros, Nova Lima, Ribeir\u00e3o das Neves, Sabar\u00e1, Santa Luzia, Sete Lagoas e Vespasiano. Confira a\u00a0<a href=\"http:\/\/www.tre-mg.jus.br\/imprensa\/noticias-tre-mg\/arquivos\/62-municipios-ultima-semana-biometria\/rybena_pdf?file=http:\/\/www.tre-mg.jus.br\/imprensa\/noticias-tre-mg\/arquivos\/62-municipios-ultima-semana-biometria\/at_download\/file\" target=\"_blank\" rel=\"noreferrer noopener\" aria-label=\" (abre numa nova aba)\">rela\u00e7\u00e3o completa<\/a>\u00a0(formato PDF).\u00a0<\/p>\n\n\n\n<p>Somente os eleitores das 62 cidades listadas acima,\u00a0que ainda n\u00e3o coletaram os dados biom\u00e9tricos, ter\u00e3o o t\u00edtulo cancelado\u00a0se n\u00e3o procurarem a Justi\u00e7a Eleitoral at\u00e9 o dia 06 de mar\u00e7o. Nesse caso, eles ficar\u00e3o impedidos de votar em qualquer elei\u00e7\u00e3o oficial, incluindo as elei\u00e7\u00f5es municipais deste ano, at\u00e9 regularizarem a situa\u00e7\u00e3o. A regulariza\u00e7\u00e3o poder\u00e1 ser feita de 09 de mar\u00e7o a 06 de maio.\u00a0<\/p>\n\n\n\n<p>O eleitor que j\u00e1 fez o cadastramento biom\u00e9trico (no t\u00edtulo de eleitor est\u00e1 escrito \u201cidentifica\u00e7\u00e3o biom\u00e9trica\u201d) n\u00e3o precisa comparecer no cart\u00f3rio eleitoral.\u00a0Essa informa\u00e7\u00e3o \u00e9 v\u00e1lida tanto nos munic\u00edpios onde a biometria \u00e9 obrigat\u00f3ria quanto onde ainda n\u00e3o \u00e9.<\/p>\n\n\n\n<p><strong>06 de maio \u00e9 a data limite para tirar novo t\u00edtulo ou transferir<\/strong>&nbsp;<\/p>\n\n\n\n<p>Essa \u00e9 a data limite para qualquer cidad\u00e3o que precise fazer o alistamento eleitoral, atualiza\u00e7\u00e3o de cadastro, transfer\u00eancia de munic\u00edpio, transfer\u00eancia para uma se\u00e7\u00e3o de f\u00e1cil acesso e regulariza\u00e7\u00e3o de pend\u00eancias por ter t\u00edtulo o t\u00edtulo cancelado ou n\u00e3o votado em elei\u00e7\u00f5es passadas.&nbsp;<\/p>\n\n\n\n<p><strong>Atendimento<\/strong>&nbsp;<\/p>\n\n\n\n<p>Para fazer o cadastramento biom\u00e9trico ou buscar outros servi\u00e7os da Justi\u00e7a Eleitoral, \u00e9 necess\u00e1rio que o eleitor leve documento de identifica\u00e7\u00e3o oficial e comprovante de endere\u00e7o. Quem j\u00e1 tiver o t\u00edtulo pode lev\u00e1-lo, para facilitar o procedimento. Para o eleitor do sexo masculino com mais de 18 anos que for tirar o t\u00edtulo pela primeira vez, tamb\u00e9m \u00e9 necess\u00e1rio apresentar o comprovante de quita\u00e7\u00e3o com o servi\u00e7o militar. A carteira de trabalho n\u00e3o est\u00e1 sendo aceita para qualquer opera\u00e7\u00e3o.&nbsp;<\/p>\n\n\n\n<p>Em todos os munic\u00edpios, o atendimento \u00e9 feito por ordem de chegada ou por agendamento, que deve ser feito no\u00a0<a rel=\"noreferrer noopener\" aria-label=\" (abre numa nova aba)\" href=\"http:\/\/www.tre-mg.jus.br\/eleitor\/agendamento\" target=\"_blank\">site do TRE-MG<\/a>\u00a0ou pelo Disque-Eleitor (148).\u00a0<\/p>\n\n\n\n<p class=\"has-text-color has-background has-very-light-gray-color has-very-dark-gray-background-color\">Quer saber as not\u00edcias do <strong>Aconteceu no Vale<\/strong> em primeira m\u00e3o? Siga-nos no Facebook <a rel=\"noreferrer noopener\" href=\"http:\/\/facebook.com\/aconteceunovale\" target=\"_blank\">@aconteceunovale<\/a>, Twitter <a rel=\"noreferrer noopener\" href=\"https:\/\/twitter.com\/noticiadosvales\" target=\"_blank\">@noticiadosvales<\/a> e Instagram <a rel=\"noreferrer noopener\" href=\"https:\/\/www.instagram.com\/aconteceunovale\" target=\"_blank\">@aconteceunovale<\/a>.<\/p>\n","protected":false},"excerpt":{"rendered":"<p>Nesta sexta-feira (06 de mar\u00e7o), termina a revis\u00e3o biom\u00e9trica do eleitorado de\u00a062 munic\u00edpios mineiros. Entre eles, est\u00e3o cidades como Governador Valadares, Ibirit\u00e9, Juiz de Fora, Montes Claros, Nova Lima, Ribeir\u00e3o das Neves, Sabar\u00e1, Santa Luzia, Sete Lagoas e Vespasiano. Confira a\u00a0rela\u00e7\u00e3o completa\u00a0(formato PDF).\u00a0 Somente os eleitores das 62 cidades listadas acima,\u00a0que ainda n\u00e3o coletaram os [&hellip;]<\/p>\n","protected":false},"author":1,"featured_media":159461,"comment_status":"open","ping_status":"closed","sticky":false,"template":"","format":"standard","meta":{"amp_status":"","footnotes":""},"categories":[123,40240],"tags":[146166,205329,205330,215207,215208,247,1494,215205,206,17165,210,1496,215742,215206,51800,3674,1779,1498,1532,217474,1778],"class_list":["post-159460","post","type-post","status-publish","format-standard","has-post-thumbnail","hentry","category-gerais","category-politica-2","tag-biometria-em-minas-gerais","tag-eleicoes-2020","tag-eleicoes-municipais-de-2020","tag-falta-um-mes-para-o-fim-da-revisao-biometrica-em-governador-valadares","tag-falta-um-mes-para-o-fim-da-revisao-biometrica-em-montes-claros","tag-governador-valadares","tag-ibirite","tag-informacoes-sobre-recadastramento-biometrico","tag-juiz-de-fora","tag-justica-eleitoral","tag-montes-claros","tag-nova-lima","tag-prazo-da-revisao-biometrica-e-prorrogado-para-06-de-marco","tag-prazo-para-recadastramento-biometrico","tag-recadastramento-biometrico","tag-ribeirao-das-neves","tag-sabara","tag-santa-luzia","tag-sete-lagoas","tag-tre-esclarece-sobre-o-fim-do-prazo-da-revisao-biometrica","tag-vespasiano"],"_links":{"self":[{"href":"https:\/\/aconteceunovale.com.br\/portal\/index.php?rest_route=\/wp\/v2\/posts\/159460","targetHints":{"allow":["GET"]}}],"collection":[{"href":"https:\/\/aconteceunovale.com.br\/portal\/index.php?rest_route=\/wp\/v2\/posts"}],"about":[{"href":"https:\/\/aconteceunovale.com.br\/portal\/index.php?rest_route=\/wp\/v2\/types\/post"}],"author":[{"embeddable":true,"href":"https:\/\/aconteceunovale.com.br\/portal\/index.php?rest_route=\/wp\/v2\/users\/1"}],"replies":[{"embeddable":true,"href":"https:\/\/aconteceunovale.com.br\/portal\/index.php?rest_route=%2Fwp%2Fv2%2Fcomments&post=159460"}],"version-history":[{"count":1,"href":"https:\/\/aconteceunovale.com.br\/portal\/index.php?rest_route=\/wp\/v2\/posts\/159460\/revisions"}],"predecessor-version":[{"id":159462,"href":"https:\/\/aconteceunovale.com.br\/portal\/index.php?rest_route=\/wp\/v2\/posts\/159460\/revisions\/159462"}],"wp:featuredmedia":[{"embeddable":true,"href":"https:\/\/aconteceunovale.com.br\/portal\/index.php?rest_route=\/wp\/v2\/media\/159461"}],"wp:attachment":[{"href":"https:\/\/aconteceunovale.com.br\/portal\/index.php?rest_route=%2Fwp%2Fv2%2Fmedia&parent=159460"}],"wp:term":[{"taxonomy":"category","embeddable":true,"href":"https:\/\/aconteceunovale.com.br\/portal\/index.php?rest_route=%2Fwp%2Fv2%2Fcategories&post=159460"},{"taxonomy":"post_tag","embeddable":true,"href":"https:\/\/aconteceunovale.com.br\/portal\/index.php?rest_route=%2Fwp%2Fv2%2Ftags&post=159460"}],"curies":[{"name":"wp","href":"https:\/\/api.w.org\/{rel}","templated":true}]}}