{"id":159458,"date":"2020-03-05T22:58:36","date_gmt":"2020-03-06T01:58:36","guid":{"rendered":"http:\/\/aconteceunovale.com.br\/portal\/?p=159458"},"modified":"2020-03-05T22:59:18","modified_gmt":"2020-03-06T01:59:18","slug":"eleitores-de-jacinto-voltam-as-urnas-no-domingo","status":"publish","type":"post","link":"https:\/\/aconteceunovale.com.br\/portal\/?p=159458","title":{"rendered":"Eleitores de Jacinto voltam \u00e0s urnas no domingo"},"content":{"rendered":"\n<p>Neste domingo, 8 de mar\u00e7o de 2020, os eleitores de Jacinto (144\u00aa Zona Eleitoral) voltam \u00e0s urnas para eleger prefeito e vice da cidade. A vota\u00e7\u00e3o ocorrer\u00e1 das 8h \u00e0s 17h e o voto \u00e9 obrigat\u00f3rio.\u00a0<\/p>\n\n\n\n<p>O munic\u00edpio do Vale do Jequitinhonha tem 8.764 eleitores que votar\u00e3o para escolher entre os dois concorrentes: \u00a0Adailton Alves de Almeida (Dai da Sa\u00fade \u2013 PRTB) e seu vice Marcone Sousa Carvalho (CIDADANIA), que concorrem pela Coliga\u00e7\u00e3o \u201cPelo Povo de Jacinto\u201d (PRTB\/PROS\/CIDADANIA), e Valdenir Pereira da Silva J\u00fanior (J\u00fanior de Denir \u2013 PSDB), vice Jo\u00e3o Alves Berberino (PP), candidatos que disputam pela Coliga\u00e7\u00e3o \u201cPor Jacinto a Luta Vale a Pena (PSDB\/PP\/MDB).\u00a0<\/p>\n\n\n\n<p>O munic\u00edpio tem 31 se\u00e7\u00f5es eleitorais, distribu\u00eddas em sete locais de vota\u00e7\u00e3o. Ser\u00e3o utilizadas 31 urnas eletr\u00f4nicas e mais oito de conting\u00eancia. Para organizar os trabalhos de vota\u00e7\u00e3o, est\u00e3o convocados para trabalhar 124 mes\u00e1rios.&nbsp;<\/p>\n\n\n\n<p><strong>Entenda o caso<\/strong>&nbsp;<\/p>\n\n\n\n<p>As novas elei\u00e7\u00f5es ocorrer\u00e3o em raz\u00e3o de a chapa eleita em 2016, sendo prefeito Leonardo Augusto de Souza\u00a0(PRB), e do vice-prefeito, Jo\u00e3o Alves Berberino (PP), ter sido cassada pelo TRE-MG por abuso de poder econ\u00f4mico em per\u00edodo eleitoral. \u00a0Foi declarada ainda a inelegibilidade de ent\u00e3o prefeito por oito anos. Em 22 de outubro de 2019, o TSE confirmou a cassa\u00e7\u00e3o e determinou o novo pleito. <\/p>\n\n\n\n<p class=\"has-text-color has-background has-very-light-gray-color has-very-dark-gray-background-color\">Quer saber as not\u00edcias do <strong>Aconteceu no Vale<\/strong> em primeira m\u00e3o? Siga-nos no Facebook <a rel=\"noreferrer noopener\" href=\"http:\/\/facebook.com\/aconteceunovale\" target=\"_blank\">@aconteceunovale<\/a>, Twitter <a rel=\"noreferrer noopener\" href=\"https:\/\/twitter.com\/noticiadosvales\" target=\"_blank\">@noticiadosvales<\/a> e Instagram <a rel=\"noreferrer noopener\" href=\"https:\/\/www.instagram.com\/aconteceunovale\" target=\"_blank\">@aconteceunovale<\/a>.<\/p>\n","protected":false},"excerpt":{"rendered":"<p>Neste domingo, 8 de mar\u00e7o de 2020, os eleitores de Jacinto (144\u00aa Zona Eleitoral) voltam \u00e0s urnas para eleger prefeito e vice da cidade. A vota\u00e7\u00e3o ocorrer\u00e1 das 8h \u00e0s 17h e o voto \u00e9 obrigat\u00f3rio.\u00a0 O munic\u00edpio do Vale do Jequitinhonha tem 8.764 eleitores que votar\u00e3o para escolher entre os dois concorrentes: \u00a0Adailton Alves [&hellip;]<\/p>\n","protected":false},"author":1,"featured_media":95688,"comment_status":"open","ping_status":"closed","sticky":false,"template":"","format":"standard","meta":{"amp_status":"","footnotes":""},"categories":[40240,120],"tags":[159746,217467,159741,159747,159744,159743,217468,161468,161467,217469,1704,408,151659,475,217473,159740,151658,77985,217466,161886,161885,161466,159745,541,161469,217470,217471,151655,159742,121547,267,217472],"class_list":["post-159458","post","type-post","status-publish","format-standard","has-post-thumbnail","hentry","category-politica-2","category-jequi","tag-144a-zona-eleitoral","tag-adailton-alves-de-almeida","tag-afastamento-do-prefeito-de-jacinto","tag-andre-luiz-alves","tag-camara-de-jacinto","tag-camara-municipal-de-jacinto","tag-dai-da-saude","tag-eleicao-em-jacinto","tag-eleicao-suplementar-em-jacinto","tag-eleitores-de-jacinto-voltam-as-urnas-no-domingo","tag-ibiracatu","tag-jacinto","tag-joao-alves-berberino","tag-jordania","tag-junior-de-denir","tag-justica-eleitoral-afasta-prefeito-de-jacinto","tag-leonardo-augusto-de-souza","tag-luiz-fux","tag-marcone-sousa-carvalho","tag-ministro-do-tribunal-superior-eleitoral","tag-ministro-do-tse-concede-liminar-e-mantem-prefeito-de-jacinto-no-cargo","tag-municipio-de-jacinto-tambem-tera-eleicao-em-novembro","tag-nadson-lucio-carvalho","tag-no-vale-do-jequitinhonha","tag-nova-eleicao-em-jacinto","tag-pelo-povo-de-jacinto","tag-por-jacinto-a-luta-vale-a-pena","tag-prefeito-de-jacinto","tag-processo-prefeito-de-jacinto","tag-santana-da-vargem","tag-tse","tag-valdenir-pereira-da-silva-junior"],"_links":{"self":[{"href":"https:\/\/aconteceunovale.com.br\/portal\/index.php?rest_route=\/wp\/v2\/posts\/159458","targetHints":{"allow":["GET"]}}],"collection":[{"href":"https:\/\/aconteceunovale.com.br\/portal\/index.php?rest_route=\/wp\/v2\/posts"}],"about":[{"href":"https:\/\/aconteceunovale.com.br\/portal\/index.php?rest_route=\/wp\/v2\/types\/post"}],"author":[{"embeddable":true,"href":"https:\/\/aconteceunovale.com.br\/portal\/index.php?rest_route=\/wp\/v2\/users\/1"}],"replies":[{"embeddable":true,"href":"https:\/\/aconteceunovale.com.br\/portal\/index.php?rest_route=%2Fwp%2Fv2%2Fcomments&post=159458"}],"version-history":[{"count":1,"href":"https:\/\/aconteceunovale.com.br\/portal\/index.php?rest_route=\/wp\/v2\/posts\/159458\/revisions"}],"predecessor-version":[{"id":159459,"href":"https:\/\/aconteceunovale.com.br\/portal\/index.php?rest_route=\/wp\/v2\/posts\/159458\/revisions\/159459"}],"wp:featuredmedia":[{"embeddable":true,"href":"https:\/\/aconteceunovale.com.br\/portal\/index.php?rest_route=\/wp\/v2\/media\/95688"}],"wp:attachment":[{"href":"https:\/\/aconteceunovale.com.br\/portal\/index.php?rest_route=%2Fwp%2Fv2%2Fmedia&parent=159458"}],"wp:term":[{"taxonomy":"category","embeddable":true,"href":"https:\/\/aconteceunovale.com.br\/portal\/index.php?rest_route=%2Fwp%2Fv2%2Fcategories&post=159458"},{"taxonomy":"post_tag","embeddable":true,"href":"https:\/\/aconteceunovale.com.br\/portal\/index.php?rest_route=%2Fwp%2Fv2%2Ftags&post=159458"}],"curies":[{"name":"wp","href":"https:\/\/api.w.org\/{rel}","templated":true}]}}