{"id":159452,"date":"2020-03-05T16:35:05","date_gmt":"2020-03-05T19:35:05","guid":{"rendered":"http:\/\/aconteceunovale.com.br\/portal\/?p=159452"},"modified":"2020-03-05T16:35:11","modified_gmt":"2020-03-05T19:35:11","slug":"zema-anuncia-nomeacao-de-mil-professores-aprovados-em-concurso","status":"publish","type":"post","link":"https:\/\/aconteceunovale.com.br\/portal\/?p=159452","title":{"rendered":"Zema anuncia nomea\u00e7\u00e3o de mil professores aprovados em concurso"},"content":{"rendered":"\n<p>O governador Romeu Zema anunciou, nesta quinta-feira (5\/3), a nomea\u00e7\u00e3o de mil servidores aprovados em concurso para atuarem na rede estadual de ensino. Todos os cargos nomeados s\u00e3o de Professor de Educa\u00e7\u00e3o B\u00e1sica (PEB), de diferentes disciplinas. As nomea\u00e7\u00f5es s\u00e3o referentes aos cargos disponibilizados no edital n\u00ba 07\/2017 e contemplam vagas em munic\u00edpios de todas as 47 Superintend\u00eancias Regionais de Ensino de Minas Gerais (SREs).<\/p>\n\n\n\n<p>\u201cEsta \u00e9 uma antiga e justa reivindica\u00e7\u00e3o dos profissionais da Educa\u00e7\u00e3o. Os novos professores passaram em concurso p\u00fablico realizado em 2017, por\u00e9m, n\u00e3o tinham sido nomeados ainda. Esses professores v\u00e3o contribuir, e muito, para o desenvolvimento da Educa\u00e7\u00e3o em Minas Gerais. Eles entram nas unidades com uma nova metodologia, que visa garantir efetividade no ensino. Em Minas, o aluno tem que sair da escola tendo de fato aprendido. A minha meta \u00e9 aumentar a nota dos estudantes no Ideb (\u00cdndice de Desenvolvimento da Educa\u00e7\u00e3o B\u00e1sica). Para isso, come\u00e7amos a reorganizar, no ano passado, toda a rede. As nomea\u00e7\u00f5es fazem parte desse processo\u201d, afirmou o governador.<\/p>\n\n\n\n<p>Este \u00e9 o primeiro lote de nomea\u00e7\u00f5es publicados neste ano. A a\u00e7\u00e3o integra a pol\u00edtica de valoriza\u00e7\u00e3o profissional da&nbsp;<a href=\"http:\/\/www.educacao.mg.gov.br\/\" target=\"_blank\" rel=\"noreferrer noopener\">Secretaria de Estado de Educa\u00e7\u00e3o (SEE)<\/a>. A pasta j\u00e1 nomeou, desde o \u00faltimo ano, mais de 2,9 mil servidores para atuarem na rede estadual. Foram realizados tr\u00eas lotes de nomea\u00e7\u00f5es. O primeiro ocorreu em agosto de 2019, quando foram feitas mil nomea\u00e7\u00f5es. Ainda no ano passado, em outubro, outros dois lotes de chamamento dos aprovados em concurso foram executados.<\/p>\n\n\n\n<p>Com a publica\u00e7\u00e3o da nova lista, ser\u00e3o mais de 3,9 mil novos profissionais atuando na rede estadual. O objetivo, segundo o governador, \u00e9 chegar a 8 mil novos servidores neste ano.<\/p>\n\n\n\n<p>Nos pr\u00f3ximos dias ser\u00e3o publicados os nomes no\u00a0<a rel=\"noreferrer noopener\" href=\"http:\/\/www.jornalminasgerais.mg.gov.br\/\" target=\"_blank\">Di\u00e1rio Oficial do Estado<\/a>. Assim, os professores poder\u00e3o dar in\u00edcio aos tr\u00e2mites legais para come\u00e7arem a trabalhar. <\/p>\n\n\n\n<p class=\"has-text-color has-background has-very-light-gray-color has-very-dark-gray-background-color\">Quer saber as not\u00edcias do <strong>Aconteceu no Vale<\/strong> em primeira m\u00e3o? Siga-nos no Facebook <a rel=\"noreferrer noopener\" href=\"http:\/\/facebook.com\/aconteceunovale\" target=\"_blank\">@aconteceunovale<\/a>, Twitter <a rel=\"noreferrer noopener\" href=\"https:\/\/twitter.com\/noticiadosvales\" target=\"_blank\">@noticiadosvales<\/a> e Instagram <a rel=\"noreferrer noopener\" href=\"https:\/\/www.instagram.com\/aconteceunovale\" target=\"_blank\">@aconteceunovale<\/a>.<\/p>\n","protected":false},"excerpt":{"rendered":"<p>O governador Romeu Zema anunciou, nesta quinta-feira (5\/3), a nomea\u00e7\u00e3o de mil servidores aprovados em concurso para atuarem na rede estadual de ensino. Todos os cargos nomeados s\u00e3o de Professor de Educa\u00e7\u00e3o B\u00e1sica (PEB), de diferentes disciplinas. As nomea\u00e7\u00f5es s\u00e3o referentes aos cargos disponibilizados no edital n\u00ba 07\/2017 e contemplam vagas em munic\u00edpios de todas [&hellip;]<\/p>\n","protected":false},"author":1,"featured_media":159453,"comment_status":"open","ping_status":"closed","sticky":false,"template":"","format":"standard","meta":{"amp_status":"","footnotes":""},"categories":[40237,40238,40236,123],"tags":[164502,176686,178207,133841,217462],"class_list":["post-159452","post","type-post","status-publish","format-standard","has-post-thumbnail","hentry","category-concursos","category-educacao-2","category-empregos-2","category-gerais","tag-concurso-educacao-minas-gerais","tag-contratacao-de-professores-em-minas-gerais","tag-romeu-zema","tag-see-mg","tag-zema-anuncia-nomeacao-de-mil-professores-aprovados-em-concurso"],"_links":{"self":[{"href":"https:\/\/aconteceunovale.com.br\/portal\/index.php?rest_route=\/wp\/v2\/posts\/159452","targetHints":{"allow":["GET"]}}],"collection":[{"href":"https:\/\/aconteceunovale.com.br\/portal\/index.php?rest_route=\/wp\/v2\/posts"}],"about":[{"href":"https:\/\/aconteceunovale.com.br\/portal\/index.php?rest_route=\/wp\/v2\/types\/post"}],"author":[{"embeddable":true,"href":"https:\/\/aconteceunovale.com.br\/portal\/index.php?rest_route=\/wp\/v2\/users\/1"}],"replies":[{"embeddable":true,"href":"https:\/\/aconteceunovale.com.br\/portal\/index.php?rest_route=%2Fwp%2Fv2%2Fcomments&post=159452"}],"version-history":[{"count":1,"href":"https:\/\/aconteceunovale.com.br\/portal\/index.php?rest_route=\/wp\/v2\/posts\/159452\/revisions"}],"predecessor-version":[{"id":159454,"href":"https:\/\/aconteceunovale.com.br\/portal\/index.php?rest_route=\/wp\/v2\/posts\/159452\/revisions\/159454"}],"wp:featuredmedia":[{"embeddable":true,"href":"https:\/\/aconteceunovale.com.br\/portal\/index.php?rest_route=\/wp\/v2\/media\/159453"}],"wp:attachment":[{"href":"https:\/\/aconteceunovale.com.br\/portal\/index.php?rest_route=%2Fwp%2Fv2%2Fmedia&parent=159452"}],"wp:term":[{"taxonomy":"category","embeddable":true,"href":"https:\/\/aconteceunovale.com.br\/portal\/index.php?rest_route=%2Fwp%2Fv2%2Fcategories&post=159452"},{"taxonomy":"post_tag","embeddable":true,"href":"https:\/\/aconteceunovale.com.br\/portal\/index.php?rest_route=%2Fwp%2Fv2%2Ftags&post=159452"}],"curies":[{"name":"wp","href":"https:\/\/api.w.org\/{rel}","templated":true}]}}