{"id":159445,"date":"2020-03-03T23:05:43","date_gmt":"2020-03-04T02:05:43","guid":{"rendered":"http:\/\/aconteceunovale.com.br\/portal\/?p=159445"},"modified":"2020-03-03T23:06:17","modified_gmt":"2020-03-04T02:06:17","slug":"ararinhas-azuis-retornam-ao-brasil","status":"publish","type":"post","link":"https:\/\/aconteceunovale.com.br\/portal\/?p=159445","title":{"rendered":"Ararinhas-azuis retornam ao Brasil"},"content":{"rendered":"\n<p>Nesta ter\u00e7a-feira (3), cinquenta ararinhas-azuis desembarcam no Brasil, no Aeroporto de Petrolina, em Senador Nilo Coelho (PE), vindas da Alemanha. Ap\u00f3s o pouso, as aves foram levadas para a cidade de Cura\u00e7\u00e1, na Bahia, onde um centro de reprodu\u00e7\u00e3o foi constru\u00eddo especialmente para receb\u00ea-las.<\/p>\n\n\n\n<p>A primeira soltura da ararinha-azul est\u00e1 prevista para 2021. Ao longo deste per\u00edodo, segundo o Instituto Chico Mendes de Conserva\u00e7\u00e3o da Biodiversidade (ICMBio), os animais passar\u00e3o por processo de adapta\u00e7\u00e3o e treinamento para viverem em vida livre.<\/p>\n\n\n\n<p>As ararinhas-azuis s\u00e3o consideradas extintas na natureza desde o ano 2000, devido \u00e0s a\u00e7\u00f5es de ca\u00e7adores e traficantes de animais. Atualmente, existem 166 exemplares da ave mantidos em cativeiro. Al\u00e9m dos 13 no Brasil, h\u00e1 147 na Alemanha, dois na B\u00e9lgica e quatro em Singapura, pa\u00edses que participam do Programa de Reintrodu\u00e7\u00e3o da Ararinha-Azul.<\/p>\n\n\n\n<p>O processo de retorno das araras-azuis ao Brasil faz parte de um acordo firmado no ano passado entre o ICMBio e a ONG alem\u00e3,\u00a0<em>Association for the Conservation of Threatend Parrots (ACTP)<\/em>, que mant\u00e9m as aves.<\/p>\n\n\n\n<figure class=\"wp-block-gallery columns-1 is-cropped wp-block-gallery-1 is-layout-flex wp-block-gallery-is-layout-flex\"><ul class=\"blocks-gallery-grid\"><li class=\"blocks-gallery-item\"><figure><img loading=\"lazy\" decoding=\"async\" width=\"620\" height=\"450\" src=\"http:\/\/aconteceunovale.com.br\/portal\/wp-content\/uploads\/2020\/03\/ararinhas_br.jpeg\" alt=\"\" data-id=\"159446\" data-full-url=\"http:\/\/aconteceunovale.com.br\/portal\/wp-content\/uploads\/2020\/03\/ararinhas_br.jpeg\" data-link=\"http:\/\/aconteceunovale.com.br\/portal\/?attachment_id=159446\" class=\"wp-image-159446\" srcset=\"https:\/\/aconteceunovale.com.br\/portal\/wp-content\/uploads\/2020\/03\/ararinhas_br.jpeg 620w, https:\/\/aconteceunovale.com.br\/portal\/wp-content\/uploads\/2020\/03\/ararinhas_br-300x218.jpeg 300w, https:\/\/aconteceunovale.com.br\/portal\/wp-content\/uploads\/2020\/03\/ararinhas_br-324x235.jpeg 324w, https:\/\/aconteceunovale.com.br\/portal\/wp-content\/uploads\/2020\/03\/ararinhas_br-579x420.jpeg 579w\" sizes=\"auto, (max-width: 620px) 100vw, 620px\" \/><figcaption class=\"blocks-gallery-item__caption\"><em>Ave \u00e9 considerada uma das esp\u00e9cies mais amea\u00e7adas do mundo &#8211; Foto: ICMBio \/ Divulga\u00e7\u00e3o<\/em><\/figcaption><\/figure><\/li><\/ul><\/figure>\n\n\n\n<h3 class=\"wp-block-heading\">Hist\u00f3rico<\/h3>\n\n\n\n<p>Descoberta no in\u00edcio do s\u00e9culo 19 pelo naturalista alem\u00e3o Johann Baptist von Spix, a ararinha-azul (Cyanopsitta spixii), esp\u00e9cie exclusiva da Caatinga brasileira, teve sua popula\u00e7\u00e3o dizimada pela a\u00e7\u00e3o do homem. O \u00faltimo exemplar conhecido na natureza desapareceu em outubro de 2000.<\/p>\n\n\n\n<p>Desde ent\u00e3o, os poucos exemplares que restaram em cole\u00e7\u00f5es particulares v\u00eam sendo usados para reproduzir a esp\u00e9cie em cativeiro, quase todos no exterior. A ararinha \u00e9 considerada uma das esp\u00e9cies de aves mais amea\u00e7adas do mundo. Em 2000, foi classificada como Criticamente em Perigo (CR) possivelmente Extinta na Natureza (EW), restando apenas indiv\u00edduos em cativeiro.<\/p>\n\n\n\n<p>Rara, a esp\u00e9cie vivia originalmente numa pequena regi\u00e3o do interior de Juazeiro e Cura\u00e7\u00e1, no norte da Bahia, onde o Governo Federal criou, em junho de 2018, duas unidades de conserva\u00e7\u00e3o: o Ref\u00fagio de Vida Silvestre da Ararinha-Azul (com 29,2 mil hectares) e a \u00c1rea de Prote\u00e7\u00e3o Ambiental da Ararinha-azul (com 90,6 mil hectares), destinadas \u00e0 reintrodu\u00e7\u00e3o e prote\u00e7\u00e3o da esp\u00e9cie, e conserva\u00e7\u00e3o do bioma da caatinga.<\/p>\n\n\n\n<p class=\"has-text-color has-background has-very-light-gray-color has-very-dark-gray-background-color\">Quer saber as not\u00edcias do <strong>Aconteceu no Vale<\/strong> em primeira m\u00e3o? Siga-nos no Facebook <a rel=\"noreferrer noopener\" href=\"http:\/\/facebook.com\/aconteceunovale\" target=\"_blank\">@aconteceunovale<\/a>, Twitter <a rel=\"noreferrer noopener\" href=\"https:\/\/twitter.com\/noticiadosvales\" target=\"_blank\">@noticiadosvales<\/a> e Instagram <a rel=\"noreferrer noopener\" href=\"https:\/\/www.instagram.com\/aconteceunovale\" target=\"_blank\">@aconteceunovale<\/a>.<\/p>\n","protected":false},"excerpt":{"rendered":"<p>Nesta ter\u00e7a-feira (3), cinquenta ararinhas-azuis desembarcam no Brasil, no Aeroporto de Petrolina, em Senador Nilo Coelho (PE), vindas da Alemanha. Ap\u00f3s o pouso, as aves foram levadas para a cidade de Cura\u00e7\u00e1, na Bahia, onde um centro de reprodu\u00e7\u00e3o foi constru\u00eddo especialmente para receb\u00ea-las. A primeira soltura da ararinha-azul est\u00e1 prevista para 2021. Ao longo [&hellip;]<\/p>\n","protected":false},"author":1,"featured_media":155381,"comment_status":"open","ping_status":"closed","sticky":false,"template":"","format":"standard","meta":{"amp_status":"","footnotes":""},"categories":[6,28848],"tags":[211319,22396,36060,211322,211321,217451,211323,13795,211320,1018,19517,97655],"class_list":["post-159445","post","type-post","status-publish","format-standard","has-post-thumbnail","hentry","category-br","category-mundo","tag-actp","tag-alemanha","tag-ararinha-azul","tag-ararinha-azul-vai-voltar-para-o-brasil","tag-association-for-the-conservation-of-threatend-parrots","tag-ave-considerada-uma-das-especies-mais-ameacadas-do-mundo","tag-camile-lugarini","tag-curaca","tag-cyanopsitta-spixii","tag-destaque","tag-icmbio","tag-instituto-chico-mendes-de-conservacao-da-biodiversidade"],"_links":{"self":[{"href":"https:\/\/aconteceunovale.com.br\/portal\/index.php?rest_route=\/wp\/v2\/posts\/159445","targetHints":{"allow":["GET"]}}],"collection":[{"href":"https:\/\/aconteceunovale.com.br\/portal\/index.php?rest_route=\/wp\/v2\/posts"}],"about":[{"href":"https:\/\/aconteceunovale.com.br\/portal\/index.php?rest_route=\/wp\/v2\/types\/post"}],"author":[{"embeddable":true,"href":"https:\/\/aconteceunovale.com.br\/portal\/index.php?rest_route=\/wp\/v2\/users\/1"}],"replies":[{"embeddable":true,"href":"https:\/\/aconteceunovale.com.br\/portal\/index.php?rest_route=%2Fwp%2Fv2%2Fcomments&post=159445"}],"version-history":[{"count":1,"href":"https:\/\/aconteceunovale.com.br\/portal\/index.php?rest_route=\/wp\/v2\/posts\/159445\/revisions"}],"predecessor-version":[{"id":159447,"href":"https:\/\/aconteceunovale.com.br\/portal\/index.php?rest_route=\/wp\/v2\/posts\/159445\/revisions\/159447"}],"wp:featuredmedia":[{"embeddable":true,"href":"https:\/\/aconteceunovale.com.br\/portal\/index.php?rest_route=\/wp\/v2\/media\/155381"}],"wp:attachment":[{"href":"https:\/\/aconteceunovale.com.br\/portal\/index.php?rest_route=%2Fwp%2Fv2%2Fmedia&parent=159445"}],"wp:term":[{"taxonomy":"category","embeddable":true,"href":"https:\/\/aconteceunovale.com.br\/portal\/index.php?rest_route=%2Fwp%2Fv2%2Fcategories&post=159445"},{"taxonomy":"post_tag","embeddable":true,"href":"https:\/\/aconteceunovale.com.br\/portal\/index.php?rest_route=%2Fwp%2Fv2%2Ftags&post=159445"}],"curies":[{"name":"wp","href":"https:\/\/api.w.org\/{rel}","templated":true}]}}