{"id":159443,"date":"2020-03-03T21:57:21","date_gmt":"2020-03-04T00:57:21","guid":{"rendered":"http:\/\/aconteceunovale.com.br\/portal\/?p=159443"},"modified":"2020-03-03T21:57:57","modified_gmt":"2020-03-04T00:57:57","slug":"minas-gerais-registra-a-primeira-morte-por-dengue-em-2020","status":"publish","type":"post","link":"https:\/\/aconteceunovale.com.br\/portal\/?p=159443","title":{"rendered":"Minas Gerais registra a primeira morte por dengue em 2020"},"content":{"rendered":"\n<p>A Secretaria de Estado&nbsp;de Sa\u00fade de Minas\nGerais (SES-MG) confirmou nesta ter\u00e7a-feira (03\/03\/2020) a primeira morte por\ndengue no Estado neste ano. A v\u00edtima residia em Medina, no Vale do\nJequitinhonha.<\/p>\n\n\n\n<p>O n\u00famero de \u00f3bitos da doen\u00e7a transmitida pelo mosquito Aedes aegypti, contudo, pode ser ainda maior. Conforme a pasta, outras 10 mortes pela enfermidade permanecem em investiga\u00e7\u00e3o. Exames laboratoriais para comprovar a causa dos \u00f3bitos devem ser divulgados nas pr\u00f3ximas semanas.<\/p>\n\n\n\n<p><strong>Casos prov\u00e1veis<\/strong><\/p>\n\n\n\n<p>O\nbalan\u00e7o divulgado pelo Estado mostra, ainda, que houve uma explos\u00e3o de casos\nsuspeitos nos \u00faltimos 15 dias. Foram 7.203 novas notifica\u00e7\u00f5es no intervalo de\nduas semanas.&nbsp;<\/p>\n\n\n\n<p>Com\nisso, as notifica\u00e7\u00f5es saltaram de 13.178 para 20.381, o que representa aumento\nde 54% no per\u00edodo, ou seja,&nbsp;617 infec\u00e7\u00f5es por dia.<\/p>\n\n\n\n<p>Atualmente, conforme a SES-MG, 45 munic\u00edpios foram classificados com incid\u00eancia muito alta para dengue. Outros 25 est\u00e3o na categoria alta e 71 com m\u00e9dia incid\u00eancia.<\/p>\n\n\n\n<p style=\"color:#ffffff\" class=\"has-text-color has-background has-vivid-red-background-color\"><strong>Boletim Epidemiol\u00f3gico de Monitoramento dos casos de Dengue, Chikungunya e Zika (03\/03)<\/strong><br><br><strong>\u00bb\u00a0<a href=\"https:\/\/www.saude.mg.gov.br\/images\/noticias_e_eventos\/000_2020\/Boletins_Aedes\/Boletim%20N%20167-%2002-03-2020.pdf\">Clique aqui\u00a0<\/a><\/strong>e confira o\u00a0Boletim Epidemiol\u00f3gico de Monitoramento dos casos de Dengue, Chikungunya e Zika V\u00edrus da SES-MG\u00a0(atualizado em 02\/03\/2020).<br><br><strong>\u00bb\u00a0<a href=\"https:\/\/www.saude.mg.gov.br\/images\/noticias_e_eventos\/000_2020\/Boletins_Aedes\/Anlise%20das%20ltimas%204%20semanas_Consolidado_02-03-2020.xlsx\">Clique aqui<\/a><\/strong>\u00a0e confira a Tabela de Casos Prov\u00e1veis de Dengue, zika e chikungunya por munic\u00edpio nas quatro \u00faltimas semanas epidemiol\u00f3gicas (atualizado em 02\/03\/2020).<br><br><strong>\u00bb\u00a0<a href=\"https:\/\/www.saude.mg.gov.br\/images\/noticias_e_eventos\/000_2020\/Boletins_Aedes\/MINAS_GERAIS_Dengue%20_02-03-2020.xls\">Clique aqui<\/a><\/strong>\u00a0e confira a\u00a0Tabela de Casos Prov\u00e1veis de Dengue por munic\u00edpio em 2020\u00a0(atualizado em 02\/03\/2020).<br><br><strong>\u00bb\u00a0<a href=\"https:\/\/www.saude.mg.gov.br\/images\/noticias_e_eventos\/000_2020\/Boletins_Aedes\/MINAS_GERAIS_Chikungunya_%2002-03-2020.xls\">Clique aqui<\/a><\/strong>\u00a0e confira a\u00a0Tabela de Casos Prov\u00e1veis de Chikungunya por munic\u00edpio em 2020\u00a0(atualizado em 02\/03\/2020).<br><br><strong>\u00bb\u00a0<a href=\"https:\/\/www.saude.mg.gov.br\/images\/noticias_e_eventos\/000_2020\/Boletins_Aedes\/MINAS_GERAIS_Zika_02-03-2020.xls\">Clique aqui<\/a><\/strong>\u00a0e confira a\u00a0Tabela de Casos Prov\u00e1veis de Zika por munic\u00edpio em 2020\u00a0(atualizado em 02\/03\/2020).<\/p>\n\n\n\n<p class=\"has-text-color has-background has-very-light-gray-color has-very-dark-gray-background-color\">Quer saber as not\u00edcias do <strong>Aconteceu no Vale<\/strong> em primeira m\u00e3o? Siga-nos no Facebook <a rel=\"noreferrer noopener\" href=\"http:\/\/facebook.com\/aconteceunovale\" target=\"_blank\">@aconteceunovale<\/a>, Twitter <a rel=\"noreferrer noopener\" href=\"https:\/\/twitter.com\/noticiadosvales\" target=\"_blank\">@noticiadosvales<\/a> e Instagram <a rel=\"noreferrer noopener\" href=\"https:\/\/www.instagram.com\/aconteceunovale\" target=\"_blank\">@aconteceunovale<\/a>.<\/p>\n","protected":false},"excerpt":{"rendered":"<p>A Secretaria de Estado&nbsp;de Sa\u00fade de Minas Gerais (SES-MG) confirmou nesta ter\u00e7a-feira (03\/03\/2020) a primeira morte por dengue no Estado neste ano. A v\u00edtima residia em Medina, no Vale do Jequitinhonha. O n\u00famero de \u00f3bitos da doen\u00e7a transmitida pelo mosquito Aedes aegypti, contudo, pode ser ainda maior. Conforme a pasta, outras 10 mortes pela enfermidade [&hellip;]<\/p>\n","protected":false},"author":1,"featured_media":128426,"comment_status":"open","ping_status":"closed","sticky":false,"template":"","format":"standard","meta":{"amp_status":"","footnotes":""},"categories":[123,40242],"tags":[15969,217446,3672,1018,217447,217448,76292,217449,217450],"class_list":["post-159443","post","type-post","status-publish","format-standard","has-post-thumbnail","hentry","category-gerais","category-saude-2","tag-casos-de-dengue-em-minas-gerais","tag-dengue-em-medina","tag-dengue-em-minas-gerais","tag-destaque","tag-minas-gerais-registra-a-primeira-morte-por-dengue-em-2020","tag-morte-por-dengue-em-medina","tag-morte-por-dengue-em-minas-gerais","tag-vitima-da-dengue-em-medina","tag-vitima-da-dengue-em-minas-gerais"],"_links":{"self":[{"href":"https:\/\/aconteceunovale.com.br\/portal\/index.php?rest_route=\/wp\/v2\/posts\/159443","targetHints":{"allow":["GET"]}}],"collection":[{"href":"https:\/\/aconteceunovale.com.br\/portal\/index.php?rest_route=\/wp\/v2\/posts"}],"about":[{"href":"https:\/\/aconteceunovale.com.br\/portal\/index.php?rest_route=\/wp\/v2\/types\/post"}],"author":[{"embeddable":true,"href":"https:\/\/aconteceunovale.com.br\/portal\/index.php?rest_route=\/wp\/v2\/users\/1"}],"replies":[{"embeddable":true,"href":"https:\/\/aconteceunovale.com.br\/portal\/index.php?rest_route=%2Fwp%2Fv2%2Fcomments&post=159443"}],"version-history":[{"count":1,"href":"https:\/\/aconteceunovale.com.br\/portal\/index.php?rest_route=\/wp\/v2\/posts\/159443\/revisions"}],"predecessor-version":[{"id":159444,"href":"https:\/\/aconteceunovale.com.br\/portal\/index.php?rest_route=\/wp\/v2\/posts\/159443\/revisions\/159444"}],"wp:featuredmedia":[{"embeddable":true,"href":"https:\/\/aconteceunovale.com.br\/portal\/index.php?rest_route=\/wp\/v2\/media\/128426"}],"wp:attachment":[{"href":"https:\/\/aconteceunovale.com.br\/portal\/index.php?rest_route=%2Fwp%2Fv2%2Fmedia&parent=159443"}],"wp:term":[{"taxonomy":"category","embeddable":true,"href":"https:\/\/aconteceunovale.com.br\/portal\/index.php?rest_route=%2Fwp%2Fv2%2Fcategories&post=159443"},{"taxonomy":"post_tag","embeddable":true,"href":"https:\/\/aconteceunovale.com.br\/portal\/index.php?rest_route=%2Fwp%2Fv2%2Ftags&post=159443"}],"curies":[{"name":"wp","href":"https:\/\/api.w.org\/{rel}","templated":true}]}}