{"id":159439,"date":"2020-03-03T21:34:43","date_gmt":"2020-03-04T00:34:43","guid":{"rendered":"http:\/\/aconteceunovale.com.br\/portal\/?p=159439"},"modified":"2020-03-03T21:35:45","modified_gmt":"2020-03-04T00:35:45","slug":"onze-pessoas-ficam-feridas-em-acidente-de-onibus-no-norte-de-minas","status":"publish","type":"post","link":"https:\/\/aconteceunovale.com.br\/portal\/?p=159439","title":{"rendered":"Onze pessoas ficam feridas em acidente de \u00f4nibus no Norte de Minas"},"content":{"rendered":"\n<p>Onze pessoas ficaram feridas ap\u00f3s o capotamento de um \u00f4nibus na\nMG-122, em Jana\u00faba, na madrugada desta ter\u00e7a-feira (03\/03\/2020). Segundo informa\u00e7\u00f5es\ndo Corpo de Bombeiros, o motorista do ve\u00edculo perdeu o controle da dire\u00e7\u00e3o, na\naltura do quil\u00f4metro 181 da rodovia, e capotou em uma ribanceira de tr\u00eas\nmetros. O acidente aconteceu por volta das 2h.<\/p>\n\n\n\n<p>Vinte e oito\npassageiros e dois condutores viajavam no ve\u00edculo, que seguia do interior de\nS\u00e3o Paulo para a regi\u00e3o de Mamonas, no Norte de Minas. As v\u00edtimas conseguiram\nsair sozinhas do \u00f4nibus e sofreram ferimentos leves. Elas foram encaminhadas\npara um hospital de Jana\u00faba por equipes do Samu e dos bombeiros.<\/p>\n\n\n\n<p>\u201cQuando chegamos no\nlocal, fizemos a triagem dos passageiros para verificar quem precisa ser\nimobilizado e qual estava mais grave. Entre as v\u00edtimas, tinha uma crian\u00e7a de\noito anos que se queixava de dor no ombro e na regi\u00e3o lombar. Nenhuma v\u00edtima\nficou presa \u00e0s ferragens\u201d, explicou o sargento dos Bombeiros, Layon Perfre\nFreitas Pereira.<\/p>\n\n\n\n<p>Chovia no momento do capotamento e segundo os bombeiros, o motorista estava consciente, mas n\u00e3o soube explicar com perdeu o controle da dire\u00e7\u00e3o. A rodovia ficou parcialmente interditada durante o resgate das v\u00edtimas.<\/p>\n\n\n\n<figure class=\"wp-block-gallery columns-1 is-cropped wp-block-gallery-1 is-layout-flex wp-block-gallery-is-layout-flex\"><ul class=\"blocks-gallery-grid\"><li class=\"blocks-gallery-item\"><figure><img loading=\"lazy\" decoding=\"async\" width=\"600\" height=\"450\" src=\"http:\/\/aconteceunovale.com.br\/portal\/wp-content\/uploads\/2020\/03\/acidente_bus_nm_1.jpg\" alt=\"\" data-id=\"159441\" data-full-url=\"http:\/\/aconteceunovale.com.br\/portal\/wp-content\/uploads\/2020\/03\/acidente_bus_nm_1.jpg\" data-link=\"http:\/\/aconteceunovale.com.br\/portal\/?attachment_id=159441\" class=\"wp-image-159441\" srcset=\"https:\/\/aconteceunovale.com.br\/portal\/wp-content\/uploads\/2020\/03\/acidente_bus_nm_1.jpg 600w, https:\/\/aconteceunovale.com.br\/portal\/wp-content\/uploads\/2020\/03\/acidente_bus_nm_1-300x225.jpg 300w, https:\/\/aconteceunovale.com.br\/portal\/wp-content\/uploads\/2020\/03\/acidente_bus_nm_1-80x60.jpg 80w, https:\/\/aconteceunovale.com.br\/portal\/wp-content\/uploads\/2020\/03\/acidente_bus_nm_1-265x198.jpg 265w, https:\/\/aconteceunovale.com.br\/portal\/wp-content\/uploads\/2020\/03\/acidente_bus_nm_1-560x420.jpg 560w\" sizes=\"auto, (max-width: 600px) 100vw, 600px\" \/><figcaption class=\"blocks-gallery-item__caption\"><em> Foto: Corpo de Bombeiros \/ Divulga\u00e7\u00e3o<\/em><\/figcaption><\/figure><\/li><li class=\"blocks-gallery-item\"><figure><img loading=\"lazy\" decoding=\"async\" width=\"600\" height=\"450\" src=\"http:\/\/aconteceunovale.com.br\/portal\/wp-content\/uploads\/2020\/03\/acidente_bus_nm_2.jpg\" alt=\"\" data-id=\"159440\" data-full-url=\"http:\/\/aconteceunovale.com.br\/portal\/wp-content\/uploads\/2020\/03\/acidente_bus_nm_2.jpg\" data-link=\"http:\/\/aconteceunovale.com.br\/portal\/?attachment_id=159440\" class=\"wp-image-159440\" srcset=\"https:\/\/aconteceunovale.com.br\/portal\/wp-content\/uploads\/2020\/03\/acidente_bus_nm_2.jpg 600w, https:\/\/aconteceunovale.com.br\/portal\/wp-content\/uploads\/2020\/03\/acidente_bus_nm_2-300x225.jpg 300w, https:\/\/aconteceunovale.com.br\/portal\/wp-content\/uploads\/2020\/03\/acidente_bus_nm_2-80x60.jpg 80w, https:\/\/aconteceunovale.com.br\/portal\/wp-content\/uploads\/2020\/03\/acidente_bus_nm_2-265x198.jpg 265w, https:\/\/aconteceunovale.com.br\/portal\/wp-content\/uploads\/2020\/03\/acidente_bus_nm_2-560x420.jpg 560w\" sizes=\"auto, (max-width: 600px) 100vw, 600px\" \/><figcaption class=\"blocks-gallery-item__caption\"> <em> Foto: Corpo de Bombeiros \/ Divulga\u00e7\u00e3o<\/em> <\/figcaption><\/figure><\/li><\/ul><\/figure>\n\n\n\n<p class=\"has-text-color has-background has-very-light-gray-color has-very-dark-gray-background-color\">Quer saber as not\u00edcias do <strong>Aconteceu no Vale<\/strong> em primeira m\u00e3o? Siga-nos no Facebook <a rel=\"noreferrer noopener\" href=\"http:\/\/facebook.com\/aconteceunovale\" target=\"_blank\">@aconteceunovale<\/a>, Twitter <a rel=\"noreferrer noopener\" href=\"https:\/\/twitter.com\/noticiadosvales\" target=\"_blank\">@noticiadosvales<\/a> e Instagram <a rel=\"noreferrer noopener\" href=\"https:\/\/www.instagram.com\/aconteceunovale\" target=\"_blank\">@aconteceunovale<\/a>.<\/p>\n","protected":false},"excerpt":{"rendered":"<p>Onze pessoas ficaram feridas ap\u00f3s o capotamento de um \u00f4nibus na MG-122, em Jana\u00faba, na madrugada desta ter\u00e7a-feira (03\/03\/2020). Segundo informa\u00e7\u00f5es do Corpo de Bombeiros, o motorista do ve\u00edculo perdeu o controle da dire\u00e7\u00e3o, na altura do quil\u00f4metro 181 da rodovia, e capotou em uma ribanceira de tr\u00eas metros. O acidente aconteceu por volta das [&hellip;]<\/p>\n","protected":false},"author":1,"featured_media":159441,"comment_status":"open","ping_status":"closed","sticky":false,"template":"","format":"standard","meta":{"amp_status":"","footnotes":""},"categories":[1236],"tags":[217445,217443,217444,9852,204,3673,60512,217441,217440,217442],"class_list":["post-159439","post","type-post","status-publish","format-standard","has-post-thumbnail","hentry","category-norte_de_minas","tag-acidente-com-onibus-em-janauba","tag-acidente-com-onibus-que-seguia-de-sao-paulo-para-mamonas","tag-acidente-com-onibus-que-seguia-de-sao-paulo-para-o-norte-de-minas","tag-acidente-em-janauba","tag-janauba","tag-mamonas","tag-mg-122","tag-onze-pessoas-ficam-feridas-em-acidente-de-onibus-em-janauba","tag-onze-pessoas-ficam-feridas-em-acidente-de-onibus-na-mg-122","tag-onze-pessoas-ficam-feridas-em-acidente-de-onibus-no-norte-de-minas"],"_links":{"self":[{"href":"https:\/\/aconteceunovale.com.br\/portal\/index.php?rest_route=\/wp\/v2\/posts\/159439","targetHints":{"allow":["GET"]}}],"collection":[{"href":"https:\/\/aconteceunovale.com.br\/portal\/index.php?rest_route=\/wp\/v2\/posts"}],"about":[{"href":"https:\/\/aconteceunovale.com.br\/portal\/index.php?rest_route=\/wp\/v2\/types\/post"}],"author":[{"embeddable":true,"href":"https:\/\/aconteceunovale.com.br\/portal\/index.php?rest_route=\/wp\/v2\/users\/1"}],"replies":[{"embeddable":true,"href":"https:\/\/aconteceunovale.com.br\/portal\/index.php?rest_route=%2Fwp%2Fv2%2Fcomments&post=159439"}],"version-history":[{"count":1,"href":"https:\/\/aconteceunovale.com.br\/portal\/index.php?rest_route=\/wp\/v2\/posts\/159439\/revisions"}],"predecessor-version":[{"id":159442,"href":"https:\/\/aconteceunovale.com.br\/portal\/index.php?rest_route=\/wp\/v2\/posts\/159439\/revisions\/159442"}],"wp:featuredmedia":[{"embeddable":true,"href":"https:\/\/aconteceunovale.com.br\/portal\/index.php?rest_route=\/wp\/v2\/media\/159441"}],"wp:attachment":[{"href":"https:\/\/aconteceunovale.com.br\/portal\/index.php?rest_route=%2Fwp%2Fv2%2Fmedia&parent=159439"}],"wp:term":[{"taxonomy":"category","embeddable":true,"href":"https:\/\/aconteceunovale.com.br\/portal\/index.php?rest_route=%2Fwp%2Fv2%2Fcategories&post=159439"},{"taxonomy":"post_tag","embeddable":true,"href":"https:\/\/aconteceunovale.com.br\/portal\/index.php?rest_route=%2Fwp%2Fv2%2Ftags&post=159439"}],"curies":[{"name":"wp","href":"https:\/\/api.w.org\/{rel}","templated":true}]}}