{"id":159437,"date":"2020-03-03T16:46:04","date_gmt":"2020-03-03T19:46:04","guid":{"rendered":"http:\/\/aconteceunovale.com.br\/portal\/?p=159437"},"modified":"2020-03-03T18:55:41","modified_gmt":"2020-03-03T21:55:41","slug":"governo-de-minas-gerais-anuncia-escala-de-pagamento-para-marco","status":"publish","type":"post","link":"https:\/\/aconteceunovale.com.br\/portal\/?p=159437","title":{"rendered":"Governo de Minas Gerais anuncia escala de pagamento para mar\u00e7o"},"content":{"rendered":"\n<p>A\u00a0Secretaria de Estado de Planejamento e Gest\u00e3o (Seplag) de Minas Gerais\u00a0anunciou, nesta ter\u00e7a-feira (3\/3), a escala de pagamento dos servidores estaduais para o m\u00eas de mar\u00e7o de 2020.<br> <br> A 1\u00aa parcela ser\u00e1 paga no dia 11\/3, com dep\u00f3sito de at\u00e9 R$ 3.000 para os servidores da Sa\u00fade e at\u00e9 R$ 2.000 para os demais servidores.<br> <br> A 2\u00aa parcela, com os valores restantes, ser\u00e1 quitada\u00a0dia 20\/3.<br> <br> Os servidores da Seguran\u00e7a P\u00fablica receber\u00e3o o pagamento integral no dia 11\/3.<br> <br> O processamento da folha de pagamento ser\u00e1 realizado no dia 10\/3, com a disponibiliza\u00e7\u00e3o dos sal\u00e1rios a partir da primeira hora do dia 11.<\/p>\n\n\n\n<p class=\"has-text-color has-background has-very-light-gray-color has-very-dark-gray-background-color\">Quer saber as not\u00edcias do <strong>Aconteceu no Vale<\/strong> em primeira m\u00e3o? Siga-nos no Facebook <a rel=\"noreferrer noopener\" href=\"http:\/\/facebook.com\/aconteceunovale\" target=\"_blank\">@aconteceunovale<\/a>, Twitter <a rel=\"noreferrer noopener\" href=\"https:\/\/twitter.com\/noticiadosvales\" target=\"_blank\">@noticiadosvales<\/a> e Instagram <a rel=\"noreferrer noopener\" href=\"https:\/\/www.instagram.com\/aconteceunovale\" target=\"_blank\">@aconteceunovale<\/a>.<\/p>\n","protected":false},"excerpt":{"rendered":"<p>A\u00a0Secretaria de Estado de Planejamento e Gest\u00e3o (Seplag) de Minas Gerais\u00a0anunciou, nesta ter\u00e7a-feira (3\/3), a escala de pagamento dos servidores estaduais para o m\u00eas de mar\u00e7o de 2020. A 1\u00aa parcela ser\u00e1 paga no dia 11\/3, com dep\u00f3sito de at\u00e9 R$ 3.000 para os servidores da Sa\u00fade e at\u00e9 R$ 2.000 para os demais servidores. [&hellip;]<\/p>\n","protected":false},"author":1,"featured_media":147968,"comment_status":"open","ping_status":"closed","sticky":false,"template":"","format":"standard","meta":{"amp_status":"","footnotes":""},"categories":[123],"tags":[1018,194304,194305,179027,179026,217437,217438,217439,194306,51191,194307,165569,177628,194309,194308],"class_list":["post-159437","post","type-post","status-publish","format-standard","has-post-thumbnail","hentry","category-gerais","tag-destaque","tag-escala-de-pagamento-do-mes-de-marco-para-os-servidores-publicos","tag-escala-de-pagamento-do-mes-de-marco-para-os-servidores-publicos-de-minas-gerais","tag-escala-de-pagamento-governo-de-minas-gerais","tag-escala-governo-de-minas-gerais","tag-governo-de-minas-anuncia-escala-de-pagamento-para-marco","tag-governo-de-minas-anuncia-escala-de-pagamento-para-marco-e-quitacao-integral-do-13o-de-2018","tag-governo-de-minas-anuncia-escala-de-pagamento-para-o-mes-de-marco","tag-governo-de-minas-divulga-a-escala-de-pagamento-do-mes-de-marco","tag-governo-de-minas-gerais","tag-governo-de-minas-gerais-divulga-escala-de-pagamento-de-marco-aos-servidores","tag-pagamento-13o-governo-de-minas","tag-pagamento-governo-de-minas-gerais","tag-pagamento-governo-de-minas-marco","tag-pagamento-marco-governo-de-minas"],"_links":{"self":[{"href":"https:\/\/aconteceunovale.com.br\/portal\/index.php?rest_route=\/wp\/v2\/posts\/159437","targetHints":{"allow":["GET"]}}],"collection":[{"href":"https:\/\/aconteceunovale.com.br\/portal\/index.php?rest_route=\/wp\/v2\/posts"}],"about":[{"href":"https:\/\/aconteceunovale.com.br\/portal\/index.php?rest_route=\/wp\/v2\/types\/post"}],"author":[{"embeddable":true,"href":"https:\/\/aconteceunovale.com.br\/portal\/index.php?rest_route=\/wp\/v2\/users\/1"}],"replies":[{"embeddable":true,"href":"https:\/\/aconteceunovale.com.br\/portal\/index.php?rest_route=%2Fwp%2Fv2%2Fcomments&post=159437"}],"version-history":[{"count":1,"href":"https:\/\/aconteceunovale.com.br\/portal\/index.php?rest_route=\/wp\/v2\/posts\/159437\/revisions"}],"predecessor-version":[{"id":159438,"href":"https:\/\/aconteceunovale.com.br\/portal\/index.php?rest_route=\/wp\/v2\/posts\/159437\/revisions\/159438"}],"wp:featuredmedia":[{"embeddable":true,"href":"https:\/\/aconteceunovale.com.br\/portal\/index.php?rest_route=\/wp\/v2\/media\/147968"}],"wp:attachment":[{"href":"https:\/\/aconteceunovale.com.br\/portal\/index.php?rest_route=%2Fwp%2Fv2%2Fmedia&parent=159437"}],"wp:term":[{"taxonomy":"category","embeddable":true,"href":"https:\/\/aconteceunovale.com.br\/portal\/index.php?rest_route=%2Fwp%2Fv2%2Fcategories&post=159437"},{"taxonomy":"post_tag","embeddable":true,"href":"https:\/\/aconteceunovale.com.br\/portal\/index.php?rest_route=%2Fwp%2Fv2%2Ftags&post=159437"}],"curies":[{"name":"wp","href":"https:\/\/api.w.org\/{rel}","templated":true}]}}