{"id":159435,"date":"2020-03-03T00:17:32","date_gmt":"2020-03-03T03:17:32","guid":{"rendered":"http:\/\/aconteceunovale.com.br\/portal\/?p=159435"},"modified":"2020-03-03T00:18:29","modified_gmt":"2020-03-03T03:18:29","slug":"juiz-decide-que-adelio-bispo-nao-pode-continuar-em-presidio-federal","status":"publish","type":"post","link":"https:\/\/aconteceunovale.com.br\/portal\/?p=159435","title":{"rendered":"Juiz decide que Ad\u00e9lio Bispo n\u00e3o pode continuar em pres\u00eddio federal"},"content":{"rendered":"\n<p>O juiz Dalton Conrado, da Justi\u00e7a Federal do Mato Grosso do Sul, determinou nesta segunda-feira (02\/03\/2020) a transfer\u00eancia de Ad\u00e9lio Bispo de Oliveira, autor da facada contra o presidente Jair Bolsonaro em 2018. Pela decis\u00e3o, Ad\u00e9lio n\u00e3o poder\u00e1 continuar preso na Penitenci\u00e1ria Federal em Campo Grande (MS). Caber\u00e1 \u00e0 Justi\u00e7a de Minas Gerais, onde o crime ocorreu, decidir para onde o agressor ser\u00e1 levado. A transfer\u00eancia dever\u00e1 ocorrer em at\u00e9 30 dias.\u00a0<\/p>\n\n\n\n<p>Para o juiz, Ad\u00e9lio Bispo deve ficar em &#8220;local adequado&#8221; para tratamento psiqui\u00e1trico. &#8220;Ad\u00e9lio dever\u00e1 ser internado em local apropriado ao cumprimento da medida de seguran\u00e7a, com estrutura, equipe t\u00e9cnica e medicamentos necess\u00e1rios ao tratamento da sua enfermidade mental&#8221;, decidiu o magistrado.&nbsp;<\/p>\n\n\n\n<p>O pedido de transfer\u00eancia foi feito pela Defensoria P\u00fablica da Uni\u00e3o (DPU) e teve parecer favor\u00e1vel do Minist\u00e9rio P\u00fablico Federal (MPF).&nbsp;<\/p>\n\n\n\n<p>Em junho do ano passado, o juiz Bruno Savino, da 3\u00aa Vara da Justi\u00e7a Federal em Juiz de Fora (MG), absolveu Ad\u00e9lio Bispo pela facada. A decis\u00e3o foi proferida ap\u00f3s o processo criminal que o considerou inimput\u00e1vel por transtorno mental.&nbsp;<\/p>\n\n\n\n<p>Na decis\u00e3o, o magistrado decidiu tamb\u00e9m que ele deveria ficar internado em um manic\u00f4mio judici\u00e1rio por tempo indeterminado. No entanto, diante da periculosidade do acusado, Ad\u00e9lio permaneceu no pres\u00eddio federal de Campo Grande, onde est\u00e1 preso desde o atentado. Bolsonaro foi esfaqueado por Ad\u00e9lio enquanto fazia campanha em Juiz de Fora no dia 6 de setembro de 2018.&nbsp;<\/p>\n\n\n\n<p>Conforme den\u00fancia feita pelo MPF e aceita pela Justi\u00e7a, o acusado colocou em risco o regime democr\u00e1tico ao tentar interferir no resultado das elei\u00e7\u00f5es por meio do assassinato de um dos concorrentes na disputa presidencial.<\/p>\n\n\n\n<p>A defesa de Ad\u00e9lio afirma que ele agiu sozinho e que o ataque foi apenas \u201cfruto de uma mente atormentada e possivelmente desequilibrada\u201d por conta de um problema mental.<\/p>\n\n\n\n<figure class=\"wp-block-gallery columns-1 is-cropped wp-block-gallery-1 is-layout-flex wp-block-gallery-is-layout-flex\"><ul class=\"blocks-gallery-grid\"><li class=\"blocks-gallery-item\"><figure><img loading=\"lazy\" decoding=\"async\" width=\"675\" height=\"450\" src=\"http:\/\/aconteceunovale.com.br\/portal\/wp-content\/uploads\/2019\/06\/adelio_bispo.jpg\" alt=\"\" data-id=\"149241\" class=\"wp-image-149241\" srcset=\"https:\/\/aconteceunovale.com.br\/portal\/wp-content\/uploads\/2019\/06\/adelio_bispo.jpg 675w, https:\/\/aconteceunovale.com.br\/portal\/wp-content\/uploads\/2019\/06\/adelio_bispo-300x200.jpg 300w\" sizes=\"auto, (max-width: 675px) 100vw, 675px\" \/><figcaption class=\"blocks-gallery-item__caption\"><em>Foto: Divulga\u00e7\u00e3o\/Assessoria de Comunica\u00e7\u00e3o Organizacional do 2\u00b0 BPM<\/em><\/figcaption><\/figure><\/li><\/ul><\/figure>\n\n\n\n<p class=\"has-text-color has-background has-very-light-gray-color has-very-dark-gray-background-color\">Quer saber as not\u00edcias do <strong>Aconteceu no Vale<\/strong> em primeira m\u00e3o? Siga-nos no Facebook <a rel=\"noreferrer noopener\" href=\"http:\/\/facebook.com\/aconteceunovale\" target=\"_blank\">@aconteceunovale<\/a>, Twitter <a rel=\"noreferrer noopener\" href=\"https:\/\/twitter.com\/noticiadosvales\" target=\"_blank\">@noticiadosvales<\/a> e Instagram <a rel=\"noreferrer noopener\" href=\"https:\/\/www.instagram.com\/aconteceunovale\" target=\"_blank\">@aconteceunovale<\/a>.<\/p>\n","protected":false},"excerpt":{"rendered":"<p>O juiz Dalton Conrado, da Justi\u00e7a Federal do Mato Grosso do Sul, determinou nesta segunda-feira (02\/03\/2020) a transfer\u00eancia de Ad\u00e9lio Bispo de Oliveira, autor da facada contra o presidente Jair Bolsonaro em 2018. Pela decis\u00e3o, Ad\u00e9lio n\u00e3o poder\u00e1 continuar preso na Penitenci\u00e1ria Federal em Campo Grande (MS). Caber\u00e1 \u00e0 Justi\u00e7a de Minas Gerais, onde o [&hellip;]<\/p>\n","protected":false},"author":1,"featured_media":149241,"comment_status":"open","ping_status":"closed","sticky":false,"template":"","format":"standard","meta":{"amp_status":"","footnotes":""},"categories":[6,123],"tags":[192009,179563,179639,179640,179636,179638,179646,21607,202666,179602,202665,179578,179551,179583,179580,179579,179581,100375,179547,179546,179549,179550,179548,179557,10546,179566,179585,192008,179641,1018,179601,179567,78240,179600,170550,12348,179584,179556,179558,179562,179552,192010,179587,179645,179565,26436,179559,179560,179561,179603,179607,179605,206,217436,202998,202668,23452,192007,179644,179586,210,179599,772,192006,179647,13969,179643,179642,179554,179555,179564,179553,202667,179606,179604,179637],"class_list":["post-159435","post","type-post","status-publish","format-standard","has-post-thumbnail","hentry","category-br","category-gerais","tag-adelio-bispo","tag-adelio-bispo-de-oliveira","tag-adelio-bispo-pereira","tag-advogado-de-adelio-bispo-pereira","tag-advogado-do-autor-de-atentado-contra-bolsonaro-ja-defendeu-envolvido-no-caso-do-goleiro-bruno","tag-advogado-zanone-manoel-de-oliveira-junior","tag-agressor-de-jair-bolsonaro","tag-ataque","tag-ataque-a-faca","tag-ataque-suspende-temporariamente-a-campanha-do-candidato-jair-bolsonaro","tag-atentado-a-bolsonaro","tag-atentado-a-faca","tag-atentado-bolsonaro","tag-atentado-contra-bolsonaro-e-exemplo-de-intolerancia-em-campanha","tag-autor-de-atentado-contra-bolsonaro-ja-tinha-passagem-na-policia-por-lesao-corporal","tag-autor-de-atentado-contra-bolsonaro-tem-passagem-na-policia-por-lesao","tag-autor-foi-filiado-ao-psol","tag-bolsonaro","tag-bolsonaro-e-esfaqueado-durante-campanha-em-juiz-de-fora","tag-bolsonaro-e-esfaqueado-durante-campanha-em-minas-gerais","tag-bolsonaro-e-esfaqueado-em-juiz-de-fora","tag-bolsonaro-e-esfaqueado-em-mg","tag-bolsonaro-e-esfaqueado-em-minas","tag-candidato-ferido","tag-caso-do-goleiro-bruno","tag-chegou-no-hospital-quase-morto","tag-cirurgia-contem-hemorragia","tag-defesa-de-adelio-bispo","tag-defesa-de-adelio-bispo-pereira","tag-destaque","tag-diz-advogado-do-homem-que-esfaqueou-bolsonaro","tag-diz-filho-de-bolsonaro","tag-diz-michel-temer","tag-ele-nao-tinha-intencao-de-matar","tag-eleicoes2018","tag-eliza-samudio","tag-equipe-do-sirio-libanes-vai-atender-bolsonaro","tag-estado-de-saude-de-bolsonaro","tag-estocada-a-faca","tag-facada","tag-facada-bolsonaro","tag-facada-em-bolsonaro","tag-homem-que-esfaqueou-jair-bolsonaro-diz-que-cometeu-crime-a-mando-de-deus","tag-igreja-evangelica-de-montes-claros","tag-imprensa-internacional-repercute-atentado-contra-bolsonaro","tag-jair-bolsonaro","tag-jair-bolsonaro-e-ferido-com-faca","tag-jair-bolsonaro-e-ferido-com-faca-em-juiz-de-fora","tag-jair-bolsonaro-e-ferido-com-faca-em-minas-gerais","tag-jair-bolsonaro-e-levado-de-juiz-de-fora-para-sao-paulo","tag-jair-bolsonaro-na-santa-casa-de-juiz-de-fora","tag-jair-bolsonaro-no-hospital","tag-juiz-de-fora","tag-juiz-decide-que-adelio-bispo-nao-pode-continuar-em-presidio-federal","tag-justica-absolve-adelio-bispo","tag-justica-considera-autor-de-ataque-contra-bolsonaro-inimputavel-por-transtorno-mental","tag-justica-federal","tag-justica-federal-em-minas-gerais","tag-marcos-aparecido-dos-santos","tag-mas-estado-de-jair-bolsonaro-ainda-e-grave","tag-montes-claros","tag-pedro-augusto-lima-possa","tag-policia-federal","tag-policia-federal-pede-90-dias-para-fechar-inquerito-sobre-atentado-contra-jair-bolsonaro","tag-presidio-federal","tag-psol","tag-quem-banca-defesa-de-adelio-bispo-pereira","tag-quem-paga-advogado-para-adelio-bispo-pereira","tag-saude-de-bolsonaro","tag-situacao-de-bolsonaro","tag-suspeito-de-atentado-contra-jair-bolsonaro-e-natural-de-montes-claros","tag-tentativa-de-homicidio-bolsonaro","tag-transtorno-mental","tag-video-jair-bolsonaro-no-hospital","tag-videos-mostram-jair-bolsonaro-em-hospital-apos-cirurgia","tag-zanone-manoel-de-oliveira-junior"],"_links":{"self":[{"href":"https:\/\/aconteceunovale.com.br\/portal\/index.php?rest_route=\/wp\/v2\/posts\/159435","targetHints":{"allow":["GET"]}}],"collection":[{"href":"https:\/\/aconteceunovale.com.br\/portal\/index.php?rest_route=\/wp\/v2\/posts"}],"about":[{"href":"https:\/\/aconteceunovale.com.br\/portal\/index.php?rest_route=\/wp\/v2\/types\/post"}],"author":[{"embeddable":true,"href":"https:\/\/aconteceunovale.com.br\/portal\/index.php?rest_route=\/wp\/v2\/users\/1"}],"replies":[{"embeddable":true,"href":"https:\/\/aconteceunovale.com.br\/portal\/index.php?rest_route=%2Fwp%2Fv2%2Fcomments&post=159435"}],"version-history":[{"count":1,"href":"https:\/\/aconteceunovale.com.br\/portal\/index.php?rest_route=\/wp\/v2\/posts\/159435\/revisions"}],"predecessor-version":[{"id":159436,"href":"https:\/\/aconteceunovale.com.br\/portal\/index.php?rest_route=\/wp\/v2\/posts\/159435\/revisions\/159436"}],"wp:featuredmedia":[{"embeddable":true,"href":"https:\/\/aconteceunovale.com.br\/portal\/index.php?rest_route=\/wp\/v2\/media\/149241"}],"wp:attachment":[{"href":"https:\/\/aconteceunovale.com.br\/portal\/index.php?rest_route=%2Fwp%2Fv2%2Fmedia&parent=159435"}],"wp:term":[{"taxonomy":"category","embeddable":true,"href":"https:\/\/aconteceunovale.com.br\/portal\/index.php?rest_route=%2Fwp%2Fv2%2Fcategories&post=159435"},{"taxonomy":"post_tag","embeddable":true,"href":"https:\/\/aconteceunovale.com.br\/portal\/index.php?rest_route=%2Fwp%2Fv2%2Ftags&post=159435"}],"curies":[{"name":"wp","href":"https:\/\/api.w.org\/{rel}","templated":true}]}}