{"id":159431,"date":"2020-03-03T00:03:02","date_gmt":"2020-03-03T03:03:02","guid":{"rendered":"http:\/\/aconteceunovale.com.br\/portal\/?p=159431"},"modified":"2020-03-03T00:03:39","modified_gmt":"2020-03-03T03:03:39","slug":"carro-fica-destruido-em-acidente-no-norte-de-minas","status":"publish","type":"post","link":"https:\/\/aconteceunovale.com.br\/portal\/?p=159431","title":{"rendered":"Carro fica destru\u00eddo em acidente no Norte de Minas"},"content":{"rendered":"\n<p>Tr\u00eas pessoas ficaram feridas em um acidente envolvendo um carro\ne um caminh\u00e3o na MG-122, em Jana\u00faba (MG), na manh\u00e3 desta segunda-feira (02\/03\/2020).\nO autom\u00f3vel ficou completamente destru\u00eddo e o motorista foi resgatado pelos\nbombeiros com traumatismo craniano. <\/p>\n\n\n\n<p>O caminhoneiro viajava\ncom a esposa e os dois tiveram les\u00f5es leves. As v\u00edtimas encaminhadas para um\nhospital de Jana\u00faba por equipes do Samu e do Corpo de Bombeiros.<\/p>\n\n\n\n<p>Segundo os bombeiros, houve vazamento de \u00f3leo na pista e foi\npreciso jogar serragem para evitar outras ocorr\u00eancias no local. O tr\u00e2nsito na\nrodovia ficou interditado nos dois sentidos, mas j\u00e1 foi liberado.<\/p>\n\n\n\n<p>As causas do acidente ser\u00e3o investigadas.<\/p>\n\n\n\n<figure class=\"wp-block-gallery columns-1 is-cropped wp-block-gallery-1 is-layout-flex wp-block-gallery-is-layout-flex\"><ul class=\"blocks-gallery-grid\"><li class=\"blocks-gallery-item\"><figure><img loading=\"lazy\" decoding=\"async\" width=\"678\" height=\"437\" src=\"http:\/\/aconteceunovale.com.br\/portal\/wp-content\/uploads\/2020\/03\/acidente_janauba_1.jpg\" alt=\"\" data-id=\"159433\" data-full-url=\"http:\/\/aconteceunovale.com.br\/portal\/wp-content\/uploads\/2020\/03\/acidente_janauba_1.jpg\" data-link=\"http:\/\/aconteceunovale.com.br\/portal\/?attachment_id=159433\" class=\"wp-image-159433\" srcset=\"https:\/\/aconteceunovale.com.br\/portal\/wp-content\/uploads\/2020\/03\/acidente_janauba_1.jpg 678w, https:\/\/aconteceunovale.com.br\/portal\/wp-content\/uploads\/2020\/03\/acidente_janauba_1-300x193.jpg 300w, https:\/\/aconteceunovale.com.br\/portal\/wp-content\/uploads\/2020\/03\/acidente_janauba_1-652x420.jpg 652w\" sizes=\"auto, (max-width: 678px) 100vw, 678px\" \/><figcaption class=\"blocks-gallery-item__caption\"><em>Carro ficou destru\u00eddo ap\u00f3s acidente na MG-122 &#8211; Foto: Corpo de Bombeiros \/ Divulga\u00e7\u00e3o<\/em><\/figcaption><\/figure><\/li><li class=\"blocks-gallery-item\"><figure><img loading=\"lazy\" decoding=\"async\" width=\"643\" height=\"450\" src=\"http:\/\/aconteceunovale.com.br\/portal\/wp-content\/uploads\/2020\/03\/acidente_janauba_2.jpg\" alt=\"\" data-id=\"159432\" data-full-url=\"http:\/\/aconteceunovale.com.br\/portal\/wp-content\/uploads\/2020\/03\/acidente_janauba_2.jpg\" data-link=\"http:\/\/aconteceunovale.com.br\/portal\/?attachment_id=159432\" class=\"wp-image-159432\" srcset=\"https:\/\/aconteceunovale.com.br\/portal\/wp-content\/uploads\/2020\/03\/acidente_janauba_2.jpg 643w, https:\/\/aconteceunovale.com.br\/portal\/wp-content\/uploads\/2020\/03\/acidente_janauba_2-300x210.jpg 300w, https:\/\/aconteceunovale.com.br\/portal\/wp-content\/uploads\/2020\/03\/acidente_janauba_2-100x70.jpg 100w, https:\/\/aconteceunovale.com.br\/portal\/wp-content\/uploads\/2020\/03\/acidente_janauba_2-600x420.jpg 600w\" sizes=\"auto, (max-width: 643px) 100vw, 643px\" \/><figcaption class=\"blocks-gallery-item__caption\"><em>Motorista do caminh\u00e3o e a esposa sofreram ferimentos leves &#8211; Foto: Corpo de Bombeiros \/ Divulga\u00e7\u00e3o<\/em><\/figcaption><\/figure><\/li><\/ul><\/figure>\n\n\n\n<p class=\"has-text-color has-background has-very-light-gray-color has-very-dark-gray-background-color\">Quer saber as not\u00edcias do <strong>Aconteceu no Vale<\/strong> em primeira m\u00e3o? Siga-nos no Facebook <a rel=\"noreferrer noopener\" href=\"http:\/\/facebook.com\/aconteceunovale\" target=\"_blank\">@aconteceunovale<\/a>, Twitter <a rel=\"noreferrer noopener\" href=\"https:\/\/twitter.com\/noticiadosvales\" target=\"_blank\">@noticiadosvales<\/a> e Instagram <a rel=\"noreferrer noopener\" href=\"https:\/\/www.instagram.com\/aconteceunovale\" target=\"_blank\">@aconteceunovale<\/a>.<\/p>\n","protected":false},"excerpt":{"rendered":"<p>Tr\u00eas pessoas ficaram feridas em um acidente envolvendo um carro e um caminh\u00e3o na MG-122, em Jana\u00faba (MG), na manh\u00e3 desta segunda-feira (02\/03\/2020). O autom\u00f3vel ficou completamente destru\u00eddo e o motorista foi resgatado pelos bombeiros com traumatismo craniano. O caminhoneiro viajava com a esposa e os dois tiveram les\u00f5es leves. As v\u00edtimas encaminhadas para um [&hellip;]<\/p>\n","protected":false},"author":1,"featured_media":159433,"comment_status":"open","ping_status":"closed","sticky":false,"template":"","format":"standard","meta":{"amp_status":"","footnotes":""},"categories":[1236],"tags":[9852,217433,217435,217434,154954,1018,204],"class_list":["post-159431","post","type-post","status-publish","format-standard","has-post-thumbnail","hentry","category-norte_de_minas","tag-acidente-em-janauba","tag-acidente-entre-carro-e-caminhao-em-janauba","tag-carro-fica-destruido-em-acidente-em-janauba","tag-carro-fica-destruido-em-acidente-na-mg-122-em-janauba","tag-carro-fica-destruido-em-acidente-no-norte-de-minas","tag-destaque","tag-janauba"],"_links":{"self":[{"href":"https:\/\/aconteceunovale.com.br\/portal\/index.php?rest_route=\/wp\/v2\/posts\/159431","targetHints":{"allow":["GET"]}}],"collection":[{"href":"https:\/\/aconteceunovale.com.br\/portal\/index.php?rest_route=\/wp\/v2\/posts"}],"about":[{"href":"https:\/\/aconteceunovale.com.br\/portal\/index.php?rest_route=\/wp\/v2\/types\/post"}],"author":[{"embeddable":true,"href":"https:\/\/aconteceunovale.com.br\/portal\/index.php?rest_route=\/wp\/v2\/users\/1"}],"replies":[{"embeddable":true,"href":"https:\/\/aconteceunovale.com.br\/portal\/index.php?rest_route=%2Fwp%2Fv2%2Fcomments&post=159431"}],"version-history":[{"count":1,"href":"https:\/\/aconteceunovale.com.br\/portal\/index.php?rest_route=\/wp\/v2\/posts\/159431\/revisions"}],"predecessor-version":[{"id":159434,"href":"https:\/\/aconteceunovale.com.br\/portal\/index.php?rest_route=\/wp\/v2\/posts\/159431\/revisions\/159434"}],"wp:featuredmedia":[{"embeddable":true,"href":"https:\/\/aconteceunovale.com.br\/portal\/index.php?rest_route=\/wp\/v2\/media\/159433"}],"wp:attachment":[{"href":"https:\/\/aconteceunovale.com.br\/portal\/index.php?rest_route=%2Fwp%2Fv2%2Fmedia&parent=159431"}],"wp:term":[{"taxonomy":"category","embeddable":true,"href":"https:\/\/aconteceunovale.com.br\/portal\/index.php?rest_route=%2Fwp%2Fv2%2Fcategories&post=159431"},{"taxonomy":"post_tag","embeddable":true,"href":"https:\/\/aconteceunovale.com.br\/portal\/index.php?rest_route=%2Fwp%2Fv2%2Ftags&post=159431"}],"curies":[{"name":"wp","href":"https:\/\/api.w.org\/{rel}","templated":true}]}}