{"id":159418,"date":"2020-03-02T23:36:53","date_gmt":"2020-03-03T02:36:53","guid":{"rendered":"http:\/\/aconteceunovale.com.br\/portal\/?p=159418"},"modified":"2020-03-02T23:37:36","modified_gmt":"2020-03-03T02:37:36","slug":"br-251-e-liberada-apos-23h-de-interdicao","status":"publish","type":"post","link":"https:\/\/aconteceunovale.com.br\/portal\/?p=159418","title":{"rendered":"BR-251 \u00e9 liberada ap\u00f3s 23h de interdi\u00e7\u00e3o"},"content":{"rendered":"\n<p>A BR-251 foi liberada no fim\nda tarde desta segunda-feira (02\/03\/2020) ap\u00f3s 23 horas de interdi\u00e7\u00e3o nos dois\nsentidos. O tr\u00e1fego foi interrompido ap\u00f3s uma carreta carregada com 35 mil\nlitros de \u00f3leo diesel tombar na regi\u00e3o conhecida como Curva do Vento Lateral,\nem Francisco S\u00e1, no Norte de Minas. Um congestionamento de 30 quil\u00f4metros foi\nformado.<\/p>\n\n\n\n<p>Segundo informa\u00e7\u00f5es da Pol\u00edcia Rodovi\u00e1ria Federal (PRF), a\nrodovia foi liberada ap\u00f3s uma empresa de Belo Horizonte realizar o transbordo\nda carga. Em seguida, a carreta, que ocupava as duas pistas, foi retirada do local.<\/p>\n\n\n\n<p>Como houve derramamento de combust\u00edvel, o\nCorpo de Bombeiros fez a limpeza da rodovia e jogou serragem. <\/p>\n\n\n\n<p>De acordo com a PRF, a carreta seguia de Jequi\u00e9 (BA) para Montes Claros (MG). O motorista se queixava de dores nas costas e foi socorrido pelo Samu.<\/p>\n\n\n\n<figure class=\"wp-block-gallery columns-1 is-cropped wp-block-gallery-1 is-layout-flex wp-block-gallery-is-layout-flex\"><ul class=\"blocks-gallery-grid\"><li class=\"blocks-gallery-item\"><figure><img loading=\"lazy\" decoding=\"async\" width=\"599\" height=\"450\" src=\"http:\/\/aconteceunovale.com.br\/portal\/wp-content\/uploads\/2020\/03\/acidente_carreta_1.jpeg\" alt=\"\" data-id=\"159419\" data-link=\"http:\/\/aconteceunovale.com.br\/portal\/?attachment_id=159419\" class=\"wp-image-159419\" srcset=\"https:\/\/aconteceunovale.com.br\/portal\/wp-content\/uploads\/2020\/03\/acidente_carreta_1.jpeg 599w, https:\/\/aconteceunovale.com.br\/portal\/wp-content\/uploads\/2020\/03\/acidente_carreta_1-300x225.jpeg 300w, https:\/\/aconteceunovale.com.br\/portal\/wp-content\/uploads\/2020\/03\/acidente_carreta_1-80x60.jpeg 80w, https:\/\/aconteceunovale.com.br\/portal\/wp-content\/uploads\/2020\/03\/acidente_carreta_1-265x198.jpeg 265w, https:\/\/aconteceunovale.com.br\/portal\/wp-content\/uploads\/2020\/03\/acidente_carreta_1-559x420.jpeg 559w\" sizes=\"auto, (max-width: 599px) 100vw, 599px\" \/><figcaption class=\"blocks-gallery-item__caption\"><em>Foto: Pol\u00edcia Rodovi\u00e1ria Federal \/ Divulga\u00e7\u00e3o<\/em><\/figcaption><\/figure><\/li><li class=\"blocks-gallery-item\"><figure><img loading=\"lazy\" decoding=\"async\" width=\"678\" height=\"382\" src=\"http:\/\/aconteceunovale.com.br\/portal\/wp-content\/uploads\/2020\/03\/acidente_carreta_2.jpeg\" alt=\"\" data-id=\"159420\" data-link=\"http:\/\/aconteceunovale.com.br\/portal\/?attachment_id=159420\" class=\"wp-image-159420\" srcset=\"https:\/\/aconteceunovale.com.br\/portal\/wp-content\/uploads\/2020\/03\/acidente_carreta_2.jpeg 678w, https:\/\/aconteceunovale.com.br\/portal\/wp-content\/uploads\/2020\/03\/acidente_carreta_2-300x169.jpeg 300w\" sizes=\"auto, (max-width: 678px) 100vw, 678px\" \/><figcaption class=\"blocks-gallery-item__caption\"><em> Foto: Corpo de Bombeiros \/ Divulga\u00e7\u00e3o <\/em><\/figcaption><\/figure><\/li><li class=\"blocks-gallery-item\"><figure><img loading=\"lazy\" decoding=\"async\" width=\"678\" height=\"382\" src=\"http:\/\/aconteceunovale.com.br\/portal\/wp-content\/uploads\/2020\/03\/acidente_carreta_3.jpg\" alt=\"\" data-id=\"159421\" data-full-url=\"http:\/\/aconteceunovale.com.br\/portal\/wp-content\/uploads\/2020\/03\/acidente_carreta_3.jpg\" data-link=\"http:\/\/aconteceunovale.com.br\/portal\/?attachment_id=159421\" class=\"wp-image-159421\" srcset=\"https:\/\/aconteceunovale.com.br\/portal\/wp-content\/uploads\/2020\/03\/acidente_carreta_3.jpg 678w, https:\/\/aconteceunovale.com.br\/portal\/wp-content\/uploads\/2020\/03\/acidente_carreta_3-300x169.jpg 300w\" sizes=\"auto, (max-width: 678px) 100vw, 678px\" \/><figcaption class=\"blocks-gallery-item__caption\"><em> Foto: Corpo de Bombeiros\/ Divulga\u00e7\u00e3o <\/em><\/figcaption><\/figure><\/li><\/ul><\/figure>\n\n\n\n<h2 class=\"wp-block-heading\"><strong>Engavetamento<\/strong><\/h2>\n\n\n\n<p>Um engavetamento envolvendo dois caminh\u00f5es e cinco carros de\npasseio deixou a rodovia interditada at\u00e9 as 21h30 de domingo na altura do km 509.\nAs ocorr\u00eancias foram praticamente no mesmo hor\u00e1rio e chovia no momento dos dois\nacidentes.<\/p>\n\n\n\n<p>Segundo a PRF, tinha um congestionamento na rodovia e um dos motoristas diminuiu a velocidade por conta da chuva provocando o engavetamento. Nove pessoas tiveram ferimentos leves e foram socorridas pelo Samu e encaminhadas para hospitais de Montes Claros e Francisco S\u00e1.<\/p>\n\n\n\n<figure class=\"wp-block-gallery columns-1 is-cropped wp-block-gallery-2 is-layout-flex wp-block-gallery-is-layout-flex\"><ul class=\"blocks-gallery-grid\"><li class=\"blocks-gallery-item\"><figure><img loading=\"lazy\" decoding=\"async\" width=\"678\" height=\"420\" src=\"http:\/\/aconteceunovale.com.br\/portal\/wp-content\/uploads\/2020\/03\/acidente_carreta_4.jpg\" alt=\"\" data-id=\"159422\" data-full-url=\"http:\/\/aconteceunovale.com.br\/portal\/wp-content\/uploads\/2020\/03\/acidente_carreta_4.jpg\" data-link=\"http:\/\/aconteceunovale.com.br\/portal\/?attachment_id=159422\" class=\"wp-image-159422\" srcset=\"https:\/\/aconteceunovale.com.br\/portal\/wp-content\/uploads\/2020\/03\/acidente_carreta_4.jpg 678w, https:\/\/aconteceunovale.com.br\/portal\/wp-content\/uploads\/2020\/03\/acidente_carreta_4-300x186.jpg 300w, https:\/\/aconteceunovale.com.br\/portal\/wp-content\/uploads\/2020\/03\/acidente_carreta_4-356x220.jpg 356w\" sizes=\"auto, (max-width: 678px) 100vw, 678px\" \/><figcaption class=\"blocks-gallery-item__caption\"><em> Fotos: Pol\u00edcia Rodovi\u00e1ria Federal \/ Divulga\u00e7\u00e3o<\/em><\/figcaption><\/figure><\/li><\/ul><\/figure>\n\n\n\n<p class=\"has-text-color has-background has-very-light-gray-color has-very-dark-gray-background-color\">Quer saber as not\u00edcias do <strong>Aconteceu no Vale<\/strong> em primeira m\u00e3o? Siga-nos no Facebook <a rel=\"noreferrer noopener\" href=\"http:\/\/facebook.com\/aconteceunovale\" target=\"_blank\">@aconteceunovale<\/a>, Twitter <a rel=\"noreferrer noopener\" href=\"https:\/\/twitter.com\/noticiadosvales\" target=\"_blank\">@noticiadosvales<\/a> e Instagram <a rel=\"noreferrer noopener\" href=\"https:\/\/www.instagram.com\/aconteceunovale\" target=\"_blank\">@aconteceunovale<\/a>.<\/p>\n","protected":false},"excerpt":{"rendered":"<p>A BR-251 foi liberada no fim da tarde desta segunda-feira (02\/03\/2020) ap\u00f3s 23 horas de interdi\u00e7\u00e3o nos dois sentidos. O tr\u00e1fego foi interrompido ap\u00f3s uma carreta carregada com 35 mil litros de \u00f3leo diesel tombar na regi\u00e3o conhecida como Curva do Vento Lateral, em Francisco S\u00e1, no Norte de Minas. Um congestionamento de 30 quil\u00f4metros [&hellip;]<\/p>\n","protected":false},"author":1,"featured_media":159421,"comment_status":"open","ping_status":"closed","sticky":false,"template":"","format":"standard","meta":{"amp_status":"","footnotes":""},"categories":[1236],"tags":[217421,206350,209231,43634,206349,217420,43633,1018,177107,1395,33130,210],"class_list":["post-159418","post","type-post","status-publish","format-standard","has-post-thumbnail","hentry","category-norte_de_minas","tag-acidente-com-carreta-de-diesel-na-br-251","tag-acidente-na-br-251-2","tag-acidente-na-br-251-em-francisco-sa-2","tag-acidente-na-curva-do-vento-lateral","tag-br-251-2","tag-br-251-e-liberada-apos-23h-de-interdicao","tag-curva-do-vento-lateral","tag-destaque","tag-engavetamento-na-br-251","tag-francisco-sa","tag-jequie","tag-montes-claros"],"_links":{"self":[{"href":"https:\/\/aconteceunovale.com.br\/portal\/index.php?rest_route=\/wp\/v2\/posts\/159418","targetHints":{"allow":["GET"]}}],"collection":[{"href":"https:\/\/aconteceunovale.com.br\/portal\/index.php?rest_route=\/wp\/v2\/posts"}],"about":[{"href":"https:\/\/aconteceunovale.com.br\/portal\/index.php?rest_route=\/wp\/v2\/types\/post"}],"author":[{"embeddable":true,"href":"https:\/\/aconteceunovale.com.br\/portal\/index.php?rest_route=\/wp\/v2\/users\/1"}],"replies":[{"embeddable":true,"href":"https:\/\/aconteceunovale.com.br\/portal\/index.php?rest_route=%2Fwp%2Fv2%2Fcomments&post=159418"}],"version-history":[{"count":1,"href":"https:\/\/aconteceunovale.com.br\/portal\/index.php?rest_route=\/wp\/v2\/posts\/159418\/revisions"}],"predecessor-version":[{"id":159423,"href":"https:\/\/aconteceunovale.com.br\/portal\/index.php?rest_route=\/wp\/v2\/posts\/159418\/revisions\/159423"}],"wp:featuredmedia":[{"embeddable":true,"href":"https:\/\/aconteceunovale.com.br\/portal\/index.php?rest_route=\/wp\/v2\/media\/159421"}],"wp:attachment":[{"href":"https:\/\/aconteceunovale.com.br\/portal\/index.php?rest_route=%2Fwp%2Fv2%2Fmedia&parent=159418"}],"wp:term":[{"taxonomy":"category","embeddable":true,"href":"https:\/\/aconteceunovale.com.br\/portal\/index.php?rest_route=%2Fwp%2Fv2%2Fcategories&post=159418"},{"taxonomy":"post_tag","embeddable":true,"href":"https:\/\/aconteceunovale.com.br\/portal\/index.php?rest_route=%2Fwp%2Fv2%2Ftags&post=159418"}],"curies":[{"name":"wp","href":"https:\/\/api.w.org\/{rel}","templated":true}]}}