{"id":159412,"date":"2020-03-02T22:52:25","date_gmt":"2020-03-03T01:52:25","guid":{"rendered":"http:\/\/aconteceunovale.com.br\/portal\/?p=159412"},"modified":"2020-03-02T22:52:57","modified_gmt":"2020-03-03T01:52:57","slug":"carro-furtado-no-rio-de-janeiro-e-recuperado-pela-prf-em-teofilo-otoni-2","status":"publish","type":"post","link":"https:\/\/aconteceunovale.com.br\/portal\/?p=159412","title":{"rendered":"Carro furtado no Rio de Janeiro \u00e9 recuperado pela PRF em Te\u00f3filo Otoni"},"content":{"rendered":"\n<p>Um jovem de 26 anos foi preso em Te\u00f3filo Otoni (MG), nesse\ndomingo (01\/03\/2020), pelos crimes de adultera\u00e7\u00e3o, uso de documento falso e\nrecepta\u00e7\u00e3o de ve\u00edculo furtado. De acordo com a Pol\u00edcia Rodovi\u00e1ria\nFederal (PRF), ele foi abordado em fiscaliza\u00e7\u00e3o de rotina na BR-116 e foi\nconstatado que a documenta\u00e7\u00e3o do ve\u00edculo era falsa.<\/p>\n\n\n\n<p>A PRF tamb\u00e9m identificou\nque o carro possu\u00eda uma queixa de furto\/roubo, registrada em mar\u00e7o de 2019, na\ncapital do Rio de Janeiro. O condutor disse aos policiais que comprou o ve\u00edculo\nde um despachante. <\/p>\n\n\n\n<p>O ve\u00edculo foi apreendido e encaminhado ao p\u00e1tio credenciado. O jovem, que n\u00e3o possui carteira de habilita\u00e7\u00e3o, foi preso e encaminhado \u00e0 Delegacia de Pol\u00edcia Civil de Te\u00f3filo Otoni.<\/p>\n\n\n\n<figure class=\"wp-block-gallery columns-1 is-cropped wp-block-gallery-1 is-layout-flex wp-block-gallery-is-layout-flex\"><ul class=\"blocks-gallery-grid\"><li class=\"blocks-gallery-item\"><figure><img loading=\"lazy\" decoding=\"async\" width=\"600\" height=\"450\" src=\"http:\/\/aconteceunovale.com.br\/portal\/wp-content\/uploads\/2020\/03\/carro_furtado.jpg\" alt=\"\" data-id=\"159413\" data-full-url=\"http:\/\/aconteceunovale.com.br\/portal\/wp-content\/uploads\/2020\/03\/carro_furtado.jpg\" data-link=\"http:\/\/aconteceunovale.com.br\/portal\/?attachment_id=159413\" class=\"wp-image-159413\" srcset=\"https:\/\/aconteceunovale.com.br\/portal\/wp-content\/uploads\/2020\/03\/carro_furtado.jpg 600w, https:\/\/aconteceunovale.com.br\/portal\/wp-content\/uploads\/2020\/03\/carro_furtado-300x225.jpg 300w, https:\/\/aconteceunovale.com.br\/portal\/wp-content\/uploads\/2020\/03\/carro_furtado-80x60.jpg 80w, https:\/\/aconteceunovale.com.br\/portal\/wp-content\/uploads\/2020\/03\/carro_furtado-265x198.jpg 265w, https:\/\/aconteceunovale.com.br\/portal\/wp-content\/uploads\/2020\/03\/carro_furtado-560x420.jpg 560w\" sizes=\"auto, (max-width: 600px) 100vw, 600px\" \/><figcaption class=\"blocks-gallery-item__caption\"><em> Foto: Pol\u00edcia Rodovi\u00e1ria Federal \/ Divulga\u00e7\u00e3o<\/em><\/figcaption><\/figure><\/li><\/ul><\/figure>\n\n\n\n<p class=\"has-text-color has-background has-very-light-gray-color has-very-dark-gray-background-color\">Quer saber as not\u00edcias do <strong>Aconteceu no Vale<\/strong> em primeira m\u00e3o? Siga-nos no Facebook <a rel=\"noreferrer noopener\" href=\"http:\/\/facebook.com\/aconteceunovale\" target=\"_blank\">@aconteceunovale<\/a>, Twitter <a rel=\"noreferrer noopener\" href=\"https:\/\/twitter.com\/noticiadosvales\" target=\"_blank\">@noticiadosvales<\/a> e Instagram <a rel=\"noreferrer noopener\" href=\"https:\/\/www.instagram.com\/aconteceunovale\" target=\"_blank\">@aconteceunovale<\/a>.<\/p>\n","protected":false},"excerpt":{"rendered":"<p>Um jovem de 26 anos foi preso em Te\u00f3filo Otoni (MG), nesse domingo (01\/03\/2020), pelos crimes de adultera\u00e7\u00e3o, uso de documento falso e recepta\u00e7\u00e3o de ve\u00edculo furtado. De acordo com a Pol\u00edcia Rodovi\u00e1ria Federal (PRF), ele foi abordado em fiscaliza\u00e7\u00e3o de rotina na BR-116 e foi constatado que a documenta\u00e7\u00e3o do ve\u00edculo era falsa. A [&hellip;]<\/p>\n","protected":false},"author":1,"featured_media":159413,"comment_status":"open","ping_status":"closed","sticky":false,"template":"","format":"standard","meta":{"amp_status":"","footnotes":""},"categories":[6,122],"tags":[217415,193761,193760,217414,159503,34834,1104,164],"class_list":["post-159412","post","type-post","status-publish","format-standard","has-post-thumbnail","hentry","category-br","category-mucuri","tag-apreensao-de-carro-em-teofilo-otoni","tag-carro-apreendido-em-teofilo-otoni","tag-carro-apreendido-na-br-116-em-teofilo-otoni","tag-carro-furtado-no-rio-de-janeiro","tag-carro-furtado-no-rio-de-janeiro-e-recuperado-pela-prf-em-teofilo-otoni","tag-prf-de-teofilo-otoni","tag-rio-de-janeiro","tag-teofilo-otoni"],"_links":{"self":[{"href":"https:\/\/aconteceunovale.com.br\/portal\/index.php?rest_route=\/wp\/v2\/posts\/159412","targetHints":{"allow":["GET"]}}],"collection":[{"href":"https:\/\/aconteceunovale.com.br\/portal\/index.php?rest_route=\/wp\/v2\/posts"}],"about":[{"href":"https:\/\/aconteceunovale.com.br\/portal\/index.php?rest_route=\/wp\/v2\/types\/post"}],"author":[{"embeddable":true,"href":"https:\/\/aconteceunovale.com.br\/portal\/index.php?rest_route=\/wp\/v2\/users\/1"}],"replies":[{"embeddable":true,"href":"https:\/\/aconteceunovale.com.br\/portal\/index.php?rest_route=%2Fwp%2Fv2%2Fcomments&post=159412"}],"version-history":[{"count":1,"href":"https:\/\/aconteceunovale.com.br\/portal\/index.php?rest_route=\/wp\/v2\/posts\/159412\/revisions"}],"predecessor-version":[{"id":159414,"href":"https:\/\/aconteceunovale.com.br\/portal\/index.php?rest_route=\/wp\/v2\/posts\/159412\/revisions\/159414"}],"wp:featuredmedia":[{"embeddable":true,"href":"https:\/\/aconteceunovale.com.br\/portal\/index.php?rest_route=\/wp\/v2\/media\/159413"}],"wp:attachment":[{"href":"https:\/\/aconteceunovale.com.br\/portal\/index.php?rest_route=%2Fwp%2Fv2%2Fmedia&parent=159412"}],"wp:term":[{"taxonomy":"category","embeddable":true,"href":"https:\/\/aconteceunovale.com.br\/portal\/index.php?rest_route=%2Fwp%2Fv2%2Fcategories&post=159412"},{"taxonomy":"post_tag","embeddable":true,"href":"https:\/\/aconteceunovale.com.br\/portal\/index.php?rest_route=%2Fwp%2Fv2%2Ftags&post=159412"}],"curies":[{"name":"wp","href":"https:\/\/api.w.org\/{rel}","templated":true}]}}