{"id":159409,"date":"2020-03-02T22:31:36","date_gmt":"2020-03-03T01:31:36","guid":{"rendered":"http:\/\/aconteceunovale.com.br\/portal\/?p=159409"},"modified":"2020-03-02T22:33:25","modified_gmt":"2020-03-03T01:33:25","slug":"nivel-do-rio-doce-pode-atingir-220m-na-manha-desta-terca-feira","status":"publish","type":"post","link":"https:\/\/aconteceunovale.com.br\/portal\/?p=159409","title":{"rendered":"N\u00edvel do Rio Doce pode atingir 2,20m na manh\u00e3 desta ter\u00e7a-feira"},"content":{"rendered":"\n<p>O n\u00edvel do Rio Doce pode chegar \u00e0 cota de inunda\u00e7\u00e3o em\nGovernador Valadares (MG), na manh\u00e3 desta ter\u00e7a-feira (03\/03\/2020), segundo a\nCoordenadoria Municipal de Prote\u00e7\u00e3o e Defesa Civil do munic\u00edpio. A previs\u00e3o \u00e9\nde que o n\u00edvel atinja 2,20m na r\u00e9gua do Servi\u00e7o Aut\u00f4nomo de \u00c1gua e Esgoto\n(SAAE).<\/p>\n\n\n\n<p>De acordo com o\ncomunicado emitido pela Prefeitura de Governador Valadares, \u201cpoder\u00e1 ocorrer\nrefluxo de \u00e1gua nas ruas de bairros ribeirinhos como o Santa Rita (Baixa do\nQuiabo), S\u00e3o Tarc\u00edsio e Santa Terezinha\u201d.<\/p>\n\n\n\n<p>\u00c0s 22h01 desta\nsegunda-feira (2), o n\u00edvel do Rio Doce estava em 1,96m na r\u00e9gua do SAAE.\nSegundo dados do Instituto Nacional de Meteorologia (Inmet), choveu 148 mm na\nnoite de domingo (1\u00ba) para segunda-feira em Valadares. Foi maior que a m\u00e9dia\nesperada para todo o m\u00eas de mar\u00e7o, que \u00e9 de 113 mm.<\/p>\n\n\n\n<p>\u201cA orienta\u00e7\u00e3o \u00e9 que a popula\u00e7\u00e3o acompanhe as evolu\u00e7\u00f5es do Rio Doce pelos canais oficiais da Prefeitura, que est\u00e1 mobilizada e de plant\u00e3o por meio de suas secretarias\u201d, informou a nota.<\/p>\n\n\n\n<figure class=\"wp-block-image size-large\"><img decoding=\"async\" src=\"http:\/\/aconteceu.info\/pub\/regua_saae.jpg\" alt=\"\"\/><figcaption><em>Arte compara a medi\u00e7\u00e3o do volume do Rio Doce nas r\u00e9guas do SAAE (local) e da CPRM (nacional) &#8211; Foto: Prefeitura Governador Valadares\/Divulga\u00e7\u00e3o<\/em><\/figcaption><\/figure>\n\n\n\n<h2 class=\"wp-block-heading\"><strong>NOTA DA PREFEITURA<\/strong><\/h2>\n\n\n\n<p class=\"has-background has-very-light-gray-background-color\"><strong><em>N\u00edvel do Rio Doce pode atingir 2,20m na manh\u00e3 desta ter\u00e7a (3)<\/em><\/strong><br><br>A Coordenadoria Municipal de Prote\u00e7\u00e3o e Defesa Civil de Governador Valadares informa que, em raz\u00e3o das fortes chuvas ocorridas nas cabeceiras, a previs\u00e3o \u00e9 que o Rio Doce atinja a cota de inunda\u00e7\u00e3o de 2,20m na r\u00e9gua do SAAE, na manh\u00e3 desta ter\u00e7a-feira (3). Isto significa que poder\u00e1 ocorrer refluxo de \u00e1gua nas ruas de bairros ribeirinhos como o Santa Rita (Baixa do Quiabo), S\u00e3o Tarc\u00edsio e Santa Terezinha.<br><br>A orienta\u00e7\u00e3o \u00e9 que a popula\u00e7\u00e3o acompanhe as evolu\u00e7\u00f5es do Rio Doce pelos canais oficiais da Prefeitura, que est\u00e1 mobilizada e de plant\u00e3o por meio de suas secretarias.<br><br>Caso haja alguma altera\u00e7\u00e3o nas previs\u00f5es meteorol\u00f3gicas, a Prefeitura de Valadares tomar\u00e1 as medidas preventivas, mantendo a popula\u00e7\u00e3o informada por meio de seus canais oficiais, imprensa e carros de som. Fique atento!<\/p>\n\n\n\n<p class=\"has-text-color has-background has-very-light-gray-color has-very-dark-gray-background-color\">Quer saber as not\u00edcias do <strong>Aconteceu no Vale<\/strong> em primeira m\u00e3o? Siga-nos no Facebook <a rel=\"noreferrer noopener\" href=\"http:\/\/facebook.com\/aconteceunovale\" target=\"_blank\">@aconteceunovale<\/a>, Twitter <a rel=\"noreferrer noopener\" href=\"https:\/\/twitter.com\/noticiadosvales\" target=\"_blank\">@noticiadosvales<\/a> e Instagram <a rel=\"noreferrer noopener\" href=\"https:\/\/www.instagram.com\/aconteceunovale\" target=\"_blank\">@aconteceunovale<\/a>.<\/p>\n","protected":false},"excerpt":{"rendered":"<p>O n\u00edvel do Rio Doce pode chegar \u00e0 cota de inunda\u00e7\u00e3o em Governador Valadares (MG), na manh\u00e3 desta ter\u00e7a-feira (03\/03\/2020), segundo a Coordenadoria Municipal de Prote\u00e7\u00e3o e Defesa Civil do munic\u00edpio. A previs\u00e3o \u00e9 de que o n\u00edvel atinja 2,20m na r\u00e9gua do Servi\u00e7o Aut\u00f4nomo de \u00c1gua e Esgoto (SAAE). De acordo com o comunicado [&hellip;]<\/p>\n","protected":false},"author":1,"featured_media":80992,"comment_status":"open","ping_status":"closed","sticky":false,"template":"","format":"standard","meta":{"amp_status":"","footnotes":""},"categories":[121],"tags":[52411,74602,168829,215572,215573,1018,215551,215552,168828,32386,247,52412,74703,217413,215550,215549,215548],"class_list":["post-159409","post","type-post","status-publish","format-standard","has-post-thumbnail","hentry","category-leste","tag-abastecimento-de-agua-em-governador-valadares","tag-aumento-do-nivel-do-rio-doce","tag-cheia-do-rio-doce","tag-cheia-no-rio-doce","tag-cheia-no-rio-doce-afeta-o-abastecimento-de-agua-em-governador-valadares","tag-destaque","tag-enchente-no-rio-doce","tag-enchente-ribeirinhos-governador-valadares","tag-enchente-rio-doce","tag-falta-de-agua-em-governador-valadares","tag-governador-valadares","tag-nivel-do-rio-doce","tag-nivel-do-rio-doce-em-governador-valadares","tag-nivel-do-rio-doce-pode-atingir-2-20m-na-manha-desta-terca-feira","tag-ribeirinhos-governador-valadares","tag-rio-doce-invade-ruas-em-governador-valadares","tag-rio-doce-transborda-e-ja-atinge-ruas-de-bairros-ribeirinhos-em-governador-valadares"],"_links":{"self":[{"href":"https:\/\/aconteceunovale.com.br\/portal\/index.php?rest_route=\/wp\/v2\/posts\/159409","targetHints":{"allow":["GET"]}}],"collection":[{"href":"https:\/\/aconteceunovale.com.br\/portal\/index.php?rest_route=\/wp\/v2\/posts"}],"about":[{"href":"https:\/\/aconteceunovale.com.br\/portal\/index.php?rest_route=\/wp\/v2\/types\/post"}],"author":[{"embeddable":true,"href":"https:\/\/aconteceunovale.com.br\/portal\/index.php?rest_route=\/wp\/v2\/users\/1"}],"replies":[{"embeddable":true,"href":"https:\/\/aconteceunovale.com.br\/portal\/index.php?rest_route=%2Fwp%2Fv2%2Fcomments&post=159409"}],"version-history":[{"count":2,"href":"https:\/\/aconteceunovale.com.br\/portal\/index.php?rest_route=\/wp\/v2\/posts\/159409\/revisions"}],"predecessor-version":[{"id":159411,"href":"https:\/\/aconteceunovale.com.br\/portal\/index.php?rest_route=\/wp\/v2\/posts\/159409\/revisions\/159411"}],"wp:featuredmedia":[{"embeddable":true,"href":"https:\/\/aconteceunovale.com.br\/portal\/index.php?rest_route=\/wp\/v2\/media\/80992"}],"wp:attachment":[{"href":"https:\/\/aconteceunovale.com.br\/portal\/index.php?rest_route=%2Fwp%2Fv2%2Fmedia&parent=159409"}],"wp:term":[{"taxonomy":"category","embeddable":true,"href":"https:\/\/aconteceunovale.com.br\/portal\/index.php?rest_route=%2Fwp%2Fv2%2Fcategories&post=159409"},{"taxonomy":"post_tag","embeddable":true,"href":"https:\/\/aconteceunovale.com.br\/portal\/index.php?rest_route=%2Fwp%2Fv2%2Ftags&post=159409"}],"curies":[{"name":"wp","href":"https:\/\/api.w.org\/{rel}","templated":true}]}}