{"id":159402,"date":"2020-03-02T11:42:46","date_gmt":"2020-03-02T14:42:46","guid":{"rendered":"http:\/\/aconteceunovale.com.br\/portal\/?p=159402"},"modified":"2020-03-02T11:42:48","modified_gmt":"2020-03-02T14:42:48","slug":"municipios-tem-ate-15-de-abril-para-enviar-fator-de-qualidade-do-icms-ecologico","status":"publish","type":"post","link":"https:\/\/aconteceunovale.com.br\/portal\/?p=159402","title":{"rendered":"Munic\u00edpios t\u00eam at\u00e9 15 de abril para enviar Fator de Qualidade do ICMS Ecol\u00f3gico"},"content":{"rendered":"\n<p>Gestores municipais devem ficar atentos ao prazo para enviar ao Governo de Minas os documentos relativos ao Fator de Qualidade (FQ) para recebimento do ICMS Ecol\u00f3gico, que termina em 15\/4. Em 2020, o envio anual da documenta\u00e7\u00e3o, antes realizada exclusivamente via postal, poder\u00e1 ser feito tamb\u00e9m pelo Sistema Eletr\u00f4nico de Informa\u00e7\u00e3o (SEI) ou por meio de apresenta\u00e7\u00e3o de protocolo presencial em qualquer uma das 14 unidades regionais do\u00a0<a rel=\"noreferrer noopener\" href=\"http:\/\/www.ief.mg.gov.br\/\" target=\"_blank\">Instituto Estadual de Florestas (IEF)<\/a>\u00a0no estado.<\/p>\n\n\n\n<p>O Fator de Qualidade \u00e9 um indicador utilizado pelo Estado para avaliar anualmente a gest\u00e3o das unidades de conserva\u00e7\u00e3o, baseado em par\u00e2metros como planejamento, estrutura, apoio do munic\u00edpio, infraestrutura f\u00edsica, situa\u00e7\u00e3o fundi\u00e1ria e conserva\u00e7\u00e3o. O \u00edndice \u00e9 utilizado como base de c\u00e1lculo para definir o valor do repasse do ICMS Ecol\u00f3gico \u00e0s cidades.<\/p>\n\n\n\n<p>Os munic\u00edpios que n\u00e3o mandarem a documenta\u00e7\u00e3o dentro do prazo definido pelo governo estadual deixar\u00e3o de receber o repasse por um ano, ou at\u00e9 que seja enviado o FQ novamente. Os formul\u00e1rios e documentos que devem ser apresentados ao IEF est\u00e3o dispon\u00edveis\u00a0<a href=\"http:\/\/www.ief.mg.gov.br\/component\/content\/article\/2765\" target=\"_blank\" rel=\"noreferrer noopener\" aria-label=\" (abre numa nova aba)\">neste link<\/a>.<\/p>\n\n\n\n<p><strong>Mudan\u00e7as<\/strong><\/p>\n\n\n\n<p>Em agosto de 2019 novas regras para aplica\u00e7\u00e3o do Fator de Qualidade referente \u00e0s unidades de conserva\u00e7\u00e3o e \u00e1reas de reserva ind\u00edgena foram definidas. Entre as mudan\u00e7as est\u00e1 a exclus\u00e3o de \u00c1reas Especialmente Protegidas da base de c\u00e1lculo do \u00cdndice de Conserva\u00e7\u00e3o (IC). A norma estabelece tamb\u00e9m novos par\u00e2metros de apura\u00e7\u00e3o do FQ. Entre eles, o trabalho de preven\u00e7\u00e3o e combate a inc\u00eandios, a capacita\u00e7\u00e3o das equipes de manuten\u00e7\u00e3o e gest\u00e3o das unidades de conserva\u00e7\u00e3o e a articula\u00e7\u00e3o institucional entre o munic\u00edpio e o \u00f3rg\u00e3o gestor da unidade.<\/p>\n\n\n\n<p>A moderniza\u00e7\u00e3o da legisla\u00e7\u00e3o busca mais rigor na distribui\u00e7\u00e3o dos recursos, tornando o c\u00e1lculo do Fator de Qualidade mais \u00e1gil e justo tanto para os munic\u00edpios, quanto para o Estado. Outro objetivo \u00e9 coibir irregularidades na requisi\u00e7\u00e3o do benef\u00edcio.<\/p>\n\n\n\n<p><strong>Capacita\u00e7\u00e3o<\/strong><\/p>\n\n\n\n<p>Para auxiliar as cidades a elaborar a documenta\u00e7\u00e3o do ICMS Ecol\u00f3gico e explicar as recentes altera\u00e7\u00f5es nas regras de aplica\u00e7\u00e3o do Fator de Qualidade das unidades de conserva\u00e7\u00e3o do estado, o IEF realizar\u00e1, em 11\/3, curso de capacita\u00e7\u00e3o para gestores de unidades de conserva\u00e7\u00e3o municipais. As inscri\u00e7\u00f5es podem ser feitas pelo n\u00famero (31) 2125-2418.<\/p>\n\n\n\n<p>Promovido em parceria com a Associa\u00e7\u00e3o Mineira de Munic\u00edpios (AMM), o treinamento ir\u00e1 abordar tamb\u00e9m a nova metodologia de elabora\u00e7\u00e3o e revis\u00e3o de planos de manejo proposta pelo Instituto Chico Mendes de Conserva\u00e7\u00e3o da Biodiversidade (ICMBio).<\/p>\n\n\n\n<p class=\"has-text-color has-background has-very-light-gray-color has-very-dark-gray-background-color\">Quer saber as not\u00edcias do <strong>Aconteceu no Vale<\/strong> em primeira m\u00e3o? Siga-nos no Facebook <a rel=\"noreferrer noopener\" href=\"http:\/\/facebook.com\/aconteceunovale\" target=\"_blank\">@aconteceunovale<\/a>, Twitter <a rel=\"noreferrer noopener\" href=\"https:\/\/twitter.com\/noticiadosvales\" target=\"_blank\">@noticiadosvales<\/a> e Instagram <a rel=\"noreferrer noopener\" href=\"https:\/\/www.instagram.com\/aconteceunovale\" target=\"_blank\">@aconteceunovale<\/a>.<\/p>\n","protected":false},"excerpt":{"rendered":"<p>Gestores municipais devem ficar atentos ao prazo para enviar ao Governo de Minas os documentos relativos ao Fator de Qualidade (FQ) para recebimento do ICMS Ecol\u00f3gico, que termina em 15\/4. Em 2020, o envio anual da documenta\u00e7\u00e3o, antes realizada exclusivamente via postal, poder\u00e1 ser feito tamb\u00e9m pelo Sistema Eletr\u00f4nico de Informa\u00e7\u00e3o (SEI) ou por meio [&hellip;]<\/p>\n","protected":false},"author":1,"featured_media":159403,"comment_status":"open","ping_status":"closed","sticky":false,"template":"","format":"standard","meta":{"amp_status":"","footnotes":""},"categories":[123],"tags":[217408,217409,37029,217407],"class_list":["post-159402","post","type-post","status-publish","format-standard","has-post-thumbnail","hentry","category-gerais","tag-fator-de-qualidade-do-icms-ecologico","tag-fq-do-icms-ecologico","tag-icms-ecologico","tag-municipios-tem-ate-15-de-abril-para-enviar-fator-de-qualidade-do-icms-ecologico"],"_links":{"self":[{"href":"https:\/\/aconteceunovale.com.br\/portal\/index.php?rest_route=\/wp\/v2\/posts\/159402","targetHints":{"allow":["GET"]}}],"collection":[{"href":"https:\/\/aconteceunovale.com.br\/portal\/index.php?rest_route=\/wp\/v2\/posts"}],"about":[{"href":"https:\/\/aconteceunovale.com.br\/portal\/index.php?rest_route=\/wp\/v2\/types\/post"}],"author":[{"embeddable":true,"href":"https:\/\/aconteceunovale.com.br\/portal\/index.php?rest_route=\/wp\/v2\/users\/1"}],"replies":[{"embeddable":true,"href":"https:\/\/aconteceunovale.com.br\/portal\/index.php?rest_route=%2Fwp%2Fv2%2Fcomments&post=159402"}],"version-history":[{"count":1,"href":"https:\/\/aconteceunovale.com.br\/portal\/index.php?rest_route=\/wp\/v2\/posts\/159402\/revisions"}],"predecessor-version":[{"id":159404,"href":"https:\/\/aconteceunovale.com.br\/portal\/index.php?rest_route=\/wp\/v2\/posts\/159402\/revisions\/159404"}],"wp:featuredmedia":[{"embeddable":true,"href":"https:\/\/aconteceunovale.com.br\/portal\/index.php?rest_route=\/wp\/v2\/media\/159403"}],"wp:attachment":[{"href":"https:\/\/aconteceunovale.com.br\/portal\/index.php?rest_route=%2Fwp%2Fv2%2Fmedia&parent=159402"}],"wp:term":[{"taxonomy":"category","embeddable":true,"href":"https:\/\/aconteceunovale.com.br\/portal\/index.php?rest_route=%2Fwp%2Fv2%2Fcategories&post=159402"},{"taxonomy":"post_tag","embeddable":true,"href":"https:\/\/aconteceunovale.com.br\/portal\/index.php?rest_route=%2Fwp%2Fv2%2Ftags&post=159402"}],"curies":[{"name":"wp","href":"https:\/\/api.w.org\/{rel}","templated":true}]}}