{"id":159399,"date":"2020-03-02T11:34:20","date_gmt":"2020-03-02T14:34:20","guid":{"rendered":"http:\/\/aconteceunovale.com.br\/portal\/?p=159399"},"modified":"2020-03-02T11:34:56","modified_gmt":"2020-03-02T14:34:56","slug":"hortas-circulares-complementam-renda-de-familias-do-norte-e-nordeste-de-minas","status":"publish","type":"post","link":"https:\/\/aconteceunovale.com.br\/portal\/?p=159399","title":{"rendered":"Hortas circulares complementam renda de fam\u00edlias do Norte e Nordeste de Minas"},"content":{"rendered":"\n<p>Um projeto da&nbsp;<a href=\"http:\/\/www.epamig.br\/\" target=\"_blank\" rel=\"noreferrer noopener\">Empresa de Pesquisa Agropecu\u00e1ria de Minas Gerais (Epamig)<\/a>&nbsp;ajuda na alimenta\u00e7\u00e3o e complementa a renda de fam\u00edlias do Norte do estado e do Vale do Jequitinhonha. A empresa auxilia na constru\u00e7\u00e3o de hortas circulares agroecol\u00f3gicas em associa\u00e7\u00f5es ou em \u00e1reas de agricultura familiar como alternativa \u00e0s formas convencionais de produ\u00e7\u00e3o de vegetais.<\/p>\n\n\n\n<p>A ideia de implementar hortas circulares no Norte de Minas surgiu em 2009, com objetivo de alimentar os pr\u00f3prios funcion\u00e1rios da Epamig nos cinco campos experimentais da empresa na regi\u00e3o. No in\u00edcio, toda produ\u00e7\u00e3o era dividida entre os trabalhadores. A&nbsp;equipe local come\u00e7ou a utilizar \u00e1gua captada da chuva para irrigar a horta durante os per\u00edodos de estiagem. O modelo funcionou e o projeto come\u00e7ou a ser levado para outros munic\u00edpios mineiros.<\/p>\n\n\n\n<p>De acordo com a pesquisadora da Epamig, Polyanna de Oliveira, o modelo de plantios circulares agroecol\u00f3gicos j\u00e1 existia em outros locais do pa\u00eds. Mas, aliada ao uso racional da \u00e1gua, a iniciativa se destacou no Norte de Minas como resposta \u00e0s necessidades de fam\u00edlias e pequenos agricultores.<\/p>\n\n\n\n<p>\u201cAs fam\u00edlias da regi\u00e3o que possuem hortas circulares implementadas utilizam a produ\u00e7\u00e3o para consumo pr\u00f3prio e vendem o excedente. Em um m\u00eas, uma horta m\u00e9dia consegue alimentar facilmente uma fam\u00edlia de cinco pessoas\u201d, avalia Polyanna.<\/p>\n\n\n\n<p>As hortas n\u00e3o s\u00e3o circulares por acaso. O modelo funciona como curvas de n\u00edvel, o que faz com que toda \u00e1gua que cai na horta permane\u00e7a dentro dela. Desse modo, \u00e9 poss\u00edvel reduzir a eros\u00e3o em locais com maior declive e, em locais planos, aproveita-se melhor a \u00e1gua da irriga\u00e7\u00e3o. Outra vantagem \u00e9 a redu\u00e7\u00e3o do deslocamento dos trabalhadores.<\/p>\n\n\n\n<p>A pesquisadora afirma que importa n\u00e3o o tamanho das hortas, mas a diversidade delas. Polyanna afirma que, mesmo em regi\u00f5es semi\u00e1ridas, \u00e9 poss\u00edvel plantar de tudo: hortali\u00e7as folhosas, tub\u00e9rculos, legumes, verduras, grandes culturas e at\u00e9 fruteiras. As cercas das hortas s\u00e3o aproveitadas para plantio de maracuj\u00e1 e de feij\u00e3o guandu. J\u00e1 o centro \u00e9 reservado para galinheiro, tanque de peixes ou espiral de ervas arom\u00e1ticas, medicinais ou condimentos.<\/p>\n\n\n\n<p>\u201cA escolha do que colocar no centro da horta depende da disponibilidade de \u00e1rea, \u00e1gua e do interesse do produtor. No total, j\u00e1 constru\u00edmos 12&nbsp;hortas em munic\u00edpios do Norte de Minas, no Vale do Jequitinhonha e tamb\u00e9m na regi\u00e3o Leste do estado. No m\u00ednimo 50 fam\u00edlias j\u00e1 foram diretamente beneficiadas com esse projeto. Indiretamente o n\u00famero \u00e9 ainda maior\u201d, conclui Polyanna.<\/p>\n\n\n\n<p>Exemplo de beneficiados indiretamente s\u00e3o escolas, creches e fam\u00edlias do entorno da Associa\u00e7\u00e3o M\u00e3os de Fada, em Leme do Prado (MG). A associa\u00e7\u00e3o recebeu aux\u00edlio da Epamig no passado e hoje trabalha com hortas circulares para atender a comunidade. \u201cNossa horta circular veio para ajudar. Uma excelente ideia que supre exatamente a demanda por alimentos sem agrot\u00f3xicos\u00a0 na nossa microrregi\u00e3o, e alimentos sem agrot\u00f3xicos\u201d, celebra a presidente da entidade, Eliane Xavier.<\/p>\n\n\n\n<figure class=\"wp-block-gallery columns-1 is-cropped wp-block-gallery-1 is-layout-flex wp-block-gallery-is-layout-flex\"><ul class=\"blocks-gallery-grid\"><li class=\"blocks-gallery-item\"><figure><img loading=\"lazy\" decoding=\"async\" width=\"675\" height=\"450\" src=\"http:\/\/aconteceunovale.com.br\/portal\/wp-content\/uploads\/2020\/03\/horta_circular.jpg\" alt=\"\" data-id=\"159400\" class=\"wp-image-159400\" srcset=\"https:\/\/aconteceunovale.com.br\/portal\/wp-content\/uploads\/2020\/03\/horta_circular.jpg 675w, https:\/\/aconteceunovale.com.br\/portal\/wp-content\/uploads\/2020\/03\/horta_circular-300x200.jpg 300w, https:\/\/aconteceunovale.com.br\/portal\/wp-content\/uploads\/2020\/03\/horta_circular-630x420.jpg 630w\" sizes=\"auto, (max-width: 675px) 100vw, 675px\" \/><figcaption class=\"blocks-gallery-item__caption\"><em>O modelo funciona como curvas de n\u00edvel, o que faz com que toda \u00e1gua que cai na horta permane\u00e7a dentro dela &#8211; Foto: Divulga\u00e7\u00e3o \/ Kellson Tolentino<\/em><\/figcaption><\/figure><\/li><\/ul><\/figure>\n\n\n\n<p class=\"has-text-color has-background has-very-light-gray-color has-very-dark-gray-background-color\">Quer saber as not\u00edcias do <strong>Aconteceu no Vale<\/strong> em primeira m\u00e3o? Siga-nos no Facebook <a rel=\"noreferrer noopener\" href=\"http:\/\/facebook.com\/aconteceunovale\" target=\"_blank\">@aconteceunovale<\/a>, Twitter <a rel=\"noreferrer noopener\" href=\"https:\/\/twitter.com\/noticiadosvales\" target=\"_blank\">@noticiadosvales<\/a> e Instagram <a rel=\"noreferrer noopener\" href=\"https:\/\/www.instagram.com\/aconteceunovale\" target=\"_blank\">@aconteceunovale<\/a>.<\/p>\n","protected":false},"excerpt":{"rendered":"<p>Um projeto da&nbsp;Empresa de Pesquisa Agropecu\u00e1ria de Minas Gerais (Epamig)&nbsp;ajuda na alimenta\u00e7\u00e3o e complementa a renda de fam\u00edlias do Norte do estado e do Vale do Jequitinhonha. A empresa auxilia na constru\u00e7\u00e3o de hortas circulares agroecol\u00f3gicas em associa\u00e7\u00f5es ou em \u00e1reas de agricultura familiar como alternativa \u00e0s formas convencionais de produ\u00e7\u00e3o de vegetais. A ideia [&hellip;]<\/p>\n","protected":false},"author":1,"featured_media":159400,"comment_status":"open","ping_status":"closed","sticky":false,"template":"","format":"standard","meta":{"amp_status":"","footnotes":""},"categories":[1236,120],"tags":[217405,217406,1018,25886,25884,217401,217403,217402,217400,480,217404,160408],"class_list":["post-159399","post","type-post","status-publish","format-standard","has-post-thumbnail","hentry","category-norte_de_minas","category-jequi","tag-associacao-maos-de-fada","tag-construcao-de-hortas-circulares-agroecologicas","tag-destaque","tag-empresa-de-pesquisa-agropecuaria-de-minas-gerais","tag-epamig","tag-hortas-circulares","tag-hortas-circulares-agroecologicas","tag-hortas-circulares-complementam-renda-de-familias-do-norte-e-nordeste-de-minas","tag-hortas-circulares-no-norte-de-minas","tag-leme-do-prado","tag-modelo-de-plantios-circulares-agroecologicos","tag-polyanna-de-oliveira"],"_links":{"self":[{"href":"https:\/\/aconteceunovale.com.br\/portal\/index.php?rest_route=\/wp\/v2\/posts\/159399","targetHints":{"allow":["GET"]}}],"collection":[{"href":"https:\/\/aconteceunovale.com.br\/portal\/index.php?rest_route=\/wp\/v2\/posts"}],"about":[{"href":"https:\/\/aconteceunovale.com.br\/portal\/index.php?rest_route=\/wp\/v2\/types\/post"}],"author":[{"embeddable":true,"href":"https:\/\/aconteceunovale.com.br\/portal\/index.php?rest_route=\/wp\/v2\/users\/1"}],"replies":[{"embeddable":true,"href":"https:\/\/aconteceunovale.com.br\/portal\/index.php?rest_route=%2Fwp%2Fv2%2Fcomments&post=159399"}],"version-history":[{"count":1,"href":"https:\/\/aconteceunovale.com.br\/portal\/index.php?rest_route=\/wp\/v2\/posts\/159399\/revisions"}],"predecessor-version":[{"id":159401,"href":"https:\/\/aconteceunovale.com.br\/portal\/index.php?rest_route=\/wp\/v2\/posts\/159399\/revisions\/159401"}],"wp:featuredmedia":[{"embeddable":true,"href":"https:\/\/aconteceunovale.com.br\/portal\/index.php?rest_route=\/wp\/v2\/media\/159400"}],"wp:attachment":[{"href":"https:\/\/aconteceunovale.com.br\/portal\/index.php?rest_route=%2Fwp%2Fv2%2Fmedia&parent=159399"}],"wp:term":[{"taxonomy":"category","embeddable":true,"href":"https:\/\/aconteceunovale.com.br\/portal\/index.php?rest_route=%2Fwp%2Fv2%2Fcategories&post=159399"},{"taxonomy":"post_tag","embeddable":true,"href":"https:\/\/aconteceunovale.com.br\/portal\/index.php?rest_route=%2Fwp%2Fv2%2Ftags&post=159399"}],"curies":[{"name":"wp","href":"https:\/\/api.w.org\/{rel}","templated":true}]}}