{"id":159331,"date":"2020-02-29T00:11:31","date_gmt":"2020-02-29T03:11:31","guid":{"rendered":"http:\/\/aconteceunovale.com.br\/portal\/?p=159331"},"modified":"2020-02-29T12:18:34","modified_gmt":"2020-02-29T15:18:34","slug":"acidente-deixa-um-morto-e-cinco-feridos-em-gouveia","status":"publish","type":"post","link":"https:\/\/aconteceunovale.com.br\/portal\/?p=159331","title":{"rendered":"Acidente deixa um morto e cinco feridos em Gouveia"},"content":{"rendered":"\n<p>Uma colis\u00e3o frontal entre um Fiat Palio (de S\u00e3o Paulo\/SP) e um Peugeot 208 Allure (de Porto Real\/RJ) deixou um morto e cinco feridos na MGC-259, em Gouveia\/MG, nesta sexta-feira (28\/02\/2020). A Pol\u00edcia Militar informou que o acidente aconteceu durante uma ultrapassagem em local proibido.<\/p>\n\n\n\n<p>Segundo as informa\u00e7\u00f5es da PM, o Palio era dirigido por\nEdvaldo da Silva Almeida, de 47 anos, que viajava com um irm\u00e3o mais novo. O\ncondutor tentou ultrapassar uma carreta no fim de uma curva, na altura do km\n484 da rodovia, e acabou batendo no outro carro. Ele morreu no local e o\npassageiro n\u00e3o teve ferimentos.<\/p>\n\n\n\n<p>Ainda de acordo com a PM, cinco pessoas viajavam no ve\u00edculo atingido. Tr\u00eas tiveram ferimentos leves e foram levadas ao Pronto Atendimento Santa Isabel, em Diamantina\/MG. Duas v\u00edtimas apresentavam suspeita de fratura nos bra\u00e7os e foram encaminhadas para atendimento ortop\u00e9dico em outra unidade de sa\u00fade diamantinense. O socorro foi realizado por equipes do Corpo de Bombeiros e do SAMU.<\/p>\n\n\n\n<p>O motorista da carreta n\u00e3o permaneceu no local. As causas do\nacidente ser\u00e3o investigadas.<\/p>\n\n\n\n<figure class=\"wp-block-gallery columns-1 is-cropped wp-block-gallery-1 is-layout-flex wp-block-gallery-is-layout-flex\"><ul class=\"blocks-gallery-grid\"><li class=\"blocks-gallery-item\"><figure><img loading=\"lazy\" decoding=\"async\" width=\"678\" height=\"450\" src=\"http:\/\/aconteceunovale.com.br\/portal\/wp-content\/uploads\/2020\/02\/acidente_gouveia.jpeg\" alt=\"\" data-id=\"159332\" class=\"wp-image-159332\" srcset=\"https:\/\/aconteceunovale.com.br\/portal\/wp-content\/uploads\/2020\/02\/acidente_gouveia.jpeg 678w, https:\/\/aconteceunovale.com.br\/portal\/wp-content\/uploads\/2020\/02\/acidente_gouveia-300x199.jpeg 300w, https:\/\/aconteceunovale.com.br\/portal\/wp-content\/uploads\/2020\/02\/acidente_gouveia-633x420.jpeg 633w\" sizes=\"auto, (max-width: 678px) 100vw, 678px\" \/><figcaption class=\"blocks-gallery-item__caption\"><em>Carro com cinco ocupantes foi parar fora da pista &#8211; Foto: Pol\u00edcia Militar \/ Divulga\u00e7\u00e3o<\/em><\/figcaption><\/figure><\/li><\/ul><\/figure>\n\n\n\n<p class=\"has-text-color has-background has-very-light-gray-color has-very-dark-gray-background-color\">Quer saber as not\u00edcias do <strong>Aconteceu no Vale<\/strong> em primeira m\u00e3o? Siga-nos no Facebook <a rel=\"noreferrer noopener\" href=\"http:\/\/facebook.com\/aconteceunovale\" target=\"_blank\">@aconteceunovale<\/a>, Twitter <a rel=\"noreferrer noopener\" href=\"https:\/\/twitter.com\/noticiadosvales\" target=\"_blank\">@noticiadosvales<\/a> e Instagram <a rel=\"noreferrer noopener\" href=\"https:\/\/www.instagram.com\/aconteceunovale\" target=\"_blank\">@aconteceunovale<\/a>.<\/p>\n","protected":false},"excerpt":{"rendered":"<p>Uma colis\u00e3o frontal entre um Fiat Palio (de S\u00e3o Paulo\/SP) e um Peugeot 208 Allure (de Porto Real\/RJ) deixou um morto e cinco feridos na MGC-259, em Gouveia\/MG, nesta sexta-feira (28\/02\/2020). A Pol\u00edcia Militar informou que o acidente aconteceu durante uma ultrapassagem em local proibido. Segundo as informa\u00e7\u00f5es da PM, o Palio era dirigido por [&hellip;]<\/p>\n","protected":false},"author":1,"featured_media":159332,"comment_status":"open","ping_status":"closed","sticky":false,"template":"","format":"standard","meta":{"amp_status":"","footnotes":""},"categories":[123,120],"tags":[217295,217310,217311,217294,217292,217293,217290,217304,55489,217291,1018,198,217303,217308,2998,22236,217307,207,217309,217305,217312,2382,217306,219],"class_list":["post-159331","post","type-post","status-publish","format-standard","has-post-thumbnail","hentry","category-gerais","category-jequi","tag-acidente-com-morte-em-gouveia","tag-acidente-com-palio-de-sao-paulo","tag-acidente-com-pegeout-allure-de-porto-real","tag-acidente-deixa-um-morto-e-cinco-feridos-em-gouveia","tag-acidente-em-gouveia","tag-acidente-entre-carros-em-gouveia","tag-acidente-na-mgc-259-em-gouveia","tag-adriano-da-silva-almeida","tag-barra","tag-colisao-entre-carros-em-gouveia","tag-destaque","tag-diamantina","tag-edvaldo-da-silva-almeida","tag-emily-rafaela-de-souza-rocha","tag-gouveia","tag-ilheus","tag-julia-rabelo-fonseca","tag-lavras","tag-pablo-augusto-garcia-agotinho","tag-pedro-villela-dessimoni-pinto","tag-porto-real","tag-sao-paulo","tag-thais-amanda-barbosa","tag-uba"],"_links":{"self":[{"href":"https:\/\/aconteceunovale.com.br\/portal\/index.php?rest_route=\/wp\/v2\/posts\/159331","targetHints":{"allow":["GET"]}}],"collection":[{"href":"https:\/\/aconteceunovale.com.br\/portal\/index.php?rest_route=\/wp\/v2\/posts"}],"about":[{"href":"https:\/\/aconteceunovale.com.br\/portal\/index.php?rest_route=\/wp\/v2\/types\/post"}],"author":[{"embeddable":true,"href":"https:\/\/aconteceunovale.com.br\/portal\/index.php?rest_route=\/wp\/v2\/users\/1"}],"replies":[{"embeddable":true,"href":"https:\/\/aconteceunovale.com.br\/portal\/index.php?rest_route=%2Fwp%2Fv2%2Fcomments&post=159331"}],"version-history":[{"count":3,"href":"https:\/\/aconteceunovale.com.br\/portal\/index.php?rest_route=\/wp\/v2\/posts\/159331\/revisions"}],"predecessor-version":[{"id":159341,"href":"https:\/\/aconteceunovale.com.br\/portal\/index.php?rest_route=\/wp\/v2\/posts\/159331\/revisions\/159341"}],"wp:featuredmedia":[{"embeddable":true,"href":"https:\/\/aconteceunovale.com.br\/portal\/index.php?rest_route=\/wp\/v2\/media\/159332"}],"wp:attachment":[{"href":"https:\/\/aconteceunovale.com.br\/portal\/index.php?rest_route=%2Fwp%2Fv2%2Fmedia&parent=159331"}],"wp:term":[{"taxonomy":"category","embeddable":true,"href":"https:\/\/aconteceunovale.com.br\/portal\/index.php?rest_route=%2Fwp%2Fv2%2Fcategories&post=159331"},{"taxonomy":"post_tag","embeddable":true,"href":"https:\/\/aconteceunovale.com.br\/portal\/index.php?rest_route=%2Fwp%2Fv2%2Ftags&post=159331"}],"curies":[{"name":"wp","href":"https:\/\/api.w.org\/{rel}","templated":true}]}}