{"id":159327,"date":"2020-02-28T23:59:14","date_gmt":"2020-02-29T02:59:14","guid":{"rendered":"http:\/\/aconteceunovale.com.br\/portal\/?p=159327"},"modified":"2020-02-29T00:01:39","modified_gmt":"2020-02-29T03:01:39","slug":"organizacao-mundial-da-saude-eleva-grau-de-risco-de-disseminacao-do-coronavirus-para-muito-alto","status":"publish","type":"post","link":"https:\/\/aconteceunovale.com.br\/portal\/?p=159327","title":{"rendered":"Organiza\u00e7\u00e3o Mundial da Sa\u00fade eleva grau de risco de dissemina\u00e7\u00e3o do coronav\u00edrus para muito alto"},"content":{"rendered":"\n<p>A Organiza\u00e7\u00e3o Mundial da Sa\u00fade (OMS) elevou para \u201cmuito alto\u201d o risco em n\u00edvel global de dissemina\u00e7\u00e3o do\u00a0novo coronav\u00edrus. \u201cO cont\u00ednuo aumento dos casos de Covid-19 e do n\u00famero de pa\u00edses afetados pelos \u00faltimos dias \u00e9 claramente preocupante\u201d, ressaltou o diretor geral da OMS, Tedros Ghebreyesus, em coletiva \u00e0 imprensa em Genebra nesta sexta-feira (28\/02\/2020).<\/p>\n\n\n\n<p>Covid-19 \u00e9 a doen\u00e7a causada pelo novo coronav\u00edrus. Entre a manh\u00e3 da quinta-feira (27) e a da sexta-feira, foram registrados 329 novos casos na China. Este o menor aumento do n\u00famero de casos do \u00faltimo m\u00eas no pa\u00eds asi\u00e1tico.<\/p>\n\n\n\n<p>No total, a China registrou 78.959 casos do Covid-19, com 2.791 mortes pela doen\u00e7a. Fora da china s\u00e3o 4.351 casos em 49 pa\u00edses, com 67 mortes. Desde esta quinta-feira (27), Dinamarca, Est\u00f4nia, Litu\u00e2nia, Holanda e Nig\u00e9ria reportaram seus primeiros casos, todos relacionados \u00e0 dissemina\u00e7\u00e3o do v\u00edrus na It\u00e1lia.<\/p>\n\n\n\n<p>\u201cO que vemos agora s\u00e3o epidemias do Covid-19 interligadas em muitos pa\u00edses. mas a maioria dos casos s\u00e3o rastre\u00e1veis para contatos ou grupos de casos conhecidos. N\u00e3o vemos evid\u00eancias de dissemina\u00e7\u00e3o do v\u00edrus livremente em comunidades\u201d, destacou Ghebreyesus.&nbsp;<\/p>\n\n\n\n<p>Segundo ele, desta forma h\u00e1 a chance de conter a dissemina\u00e7\u00e3o do v\u00edrus, se a\u00e7\u00f5es dr\u00e1sticas forem tomadas para detectar cedo os casos, isolar e cuidar dos pacientes e de quem teve contato com eles. \u201cS\u00e3o diferentes cen\u00e1rios em diferentes pa\u00edses, e diferentes cen\u00e1rios dentro do mesmo pa\u00eds. A solu\u00e7\u00e3o para conter o coronav\u00edrus \u00e9 quebrar as cadeias de transmiss\u00e3o\u201d, refor\u00e7ou o diretor da OMS, convocando governos e popula\u00e7\u00e3o a contribu\u00edrem.<\/p>\n\n\n\n<p>Ele refor\u00e7ou que as pesquisas em medicamentos e vacinas contra o novo coronav\u00edrus est\u00e3o avan\u00e7ando, por\u00e9m, o diretor refor\u00e7a que n\u00e3o \u00e9 necess\u00e1rio esperar por estes recursos, j\u00e1 que h\u00e1 a\u00e7\u00f5es que cada indiv\u00edduo pode tomar para prevenir a contamina\u00e7\u00e3o, como higienizar bem as m\u00e3os, as superf\u00edcies e espirrar em len\u00e7os descart\u00e1veis.<\/p>\n\n\n\n<p class=\"has-text-color has-background has-very-light-gray-color has-very-dark-gray-background-color\">Quer saber as not\u00edcias do <strong>Aconteceu no Vale<\/strong> em primeira m\u00e3o? Siga-nos no Facebook <a rel=\"noreferrer noopener\" href=\"http:\/\/facebook.com\/aconteceunovale\" target=\"_blank\">@aconteceunovale<\/a>, Twitter <a rel=\"noreferrer noopener\" href=\"https:\/\/twitter.com\/noticiadosvales\" target=\"_blank\">@noticiadosvales<\/a> e Instagram <a rel=\"noreferrer noopener\" href=\"https:\/\/www.instagram.com\/aconteceunovale\" target=\"_blank\">@aconteceunovale<\/a>.<\/p>\n","protected":false},"excerpt":{"rendered":"<p>A Organiza\u00e7\u00e3o Mundial da Sa\u00fade (OMS) elevou para \u201cmuito alto\u201d o risco em n\u00edvel global de dissemina\u00e7\u00e3o do\u00a0novo coronav\u00edrus. \u201cO cont\u00ednuo aumento dos casos de Covid-19 e do n\u00famero de pa\u00edses afetados pelos \u00faltimos dias \u00e9 claramente preocupante\u201d, ressaltou o diretor geral da OMS, Tedros Ghebreyesus, em coletiva \u00e0 imprensa em Genebra nesta sexta-feira (28\/02\/2020). [&hellip;]<\/p>\n","protected":false},"author":1,"featured_media":159328,"comment_status":"open","ping_status":"closed","sticky":false,"template":"","format":"standard","meta":{"amp_status":"","footnotes":""},"categories":[28848,40242],"tags":[752,217285,24358,194,1017,217036,215670,215651,215649,217229,30594,216496,34856,214884,217035,214886,215396,215652,217228,217033,216497,216984,215716,216498,1018,216985,204275,23046,214882,185976,34858,217034,215650,215648,34259,210,217227,215654,215653,214885,217032,23476,215791,217289,27380,217224,215655,217226,217225,217223,214883,214887,185806],"class_list":["post-159327","post","type-post","status-publish","format-standard","has-post-thumbnail","hentry","category-mundo","category-saude-2","tag-almg","tag-arquidioceses-e-dioceses-recomendam-evitar-contato-em-missas-para-prevenir-coronavirus","tag-assembleia-legislativa-de-minas-gerais","tag-belo-horizonte","tag-bh","tag-brasil-confirma-primeiro-caso-de-coronavirus","tag-brasil-tem-nove-casos-suspeitos-de-coronavirus","tag-caso-de-coronavirus-em-belo-horizonte","tag-caso-de-coronavirus-em-bh","tag-caso-de-coronavirus-em-montes-claros","tag-china","tag-china-tem-1-770-mortes-por-coronavirus","tag-codigo-de-defesa-do-consumidor","tag-coronavirus","tag-coronavirus-balanca-economia-mundial","tag-coronavirus-china","tag-coronavirus-em-belo-horizonte","tag-coronavirus-em-bh","tag-coronavirus-em-montes-claros","tag-coronavirus-hospital-israelita-albert-einstein","tag-coronavirus-ja-matou-1-770-pessoas-na-china","tag-coronavirus-ja-matou-mais-de-2-600-pessoas-na-china","tag-coronavirus-ja-matou-mais-de-200-pessoas-na-china","tag-covid-19","tag-destaque","tag-diamond-princess","tag-henrique-mandetta","tag-hospital-israelita-albert-einstein","tag-infectados-com-novo-virus-na-china","tag-luiz-henrique-mandetta","tag-marcelo-barbosa","tag-ministerio-da-saude-monitora-caso-suspeito-de-coronavirus","tag-ministerio-da-saude-monitora-caso-suspeito-de-coronavirus-em-belo-horizonte","tag-ministerio-da-saude-monitora-caso-suspeito-de-coronavirus-em-bh","tag-ministro-da-saude","tag-montes-claros","tag-montes-claros-monitora-caso-suspeito-do-novo-coronavirus","tag-ncov-2019","tag-novo-coronavirus","tag-novo-virus-na-china","tag-numero-de-mortes-causadas-pelo-coronavirus-chega-a-2-715-na-china","tag-oms","tag-organizacao-mundial-da-saude-confirma-11-953-casos-de-coronavirus","tag-organizacao-mundial-da-saude-eleva-grau-de-risco-de-disseminacao-do-coronavirus-para-muito-alto","tag-procon-da-almg","tag-procon-da-almg-coronavirus","tag-sintomas-do-coronavirus","tag-viagem-cancelada-coronavirus","tag-viagem-cancelada-por-causa-do-coronavirus","tag-viagem-cancelada-por-causa-do-coronavirus-nao-pode-ter-multa","tag-virus-da-china","tag-virus-de-origem-chinesa-pode-ter-infectado-mais-de-mil-de-pessoas","tag-wuhan"],"_links":{"self":[{"href":"https:\/\/aconteceunovale.com.br\/portal\/index.php?rest_route=\/wp\/v2\/posts\/159327","targetHints":{"allow":["GET"]}}],"collection":[{"href":"https:\/\/aconteceunovale.com.br\/portal\/index.php?rest_route=\/wp\/v2\/posts"}],"about":[{"href":"https:\/\/aconteceunovale.com.br\/portal\/index.php?rest_route=\/wp\/v2\/types\/post"}],"author":[{"embeddable":true,"href":"https:\/\/aconteceunovale.com.br\/portal\/index.php?rest_route=\/wp\/v2\/users\/1"}],"replies":[{"embeddable":true,"href":"https:\/\/aconteceunovale.com.br\/portal\/index.php?rest_route=%2Fwp%2Fv2%2Fcomments&post=159327"}],"version-history":[{"count":2,"href":"https:\/\/aconteceunovale.com.br\/portal\/index.php?rest_route=\/wp\/v2\/posts\/159327\/revisions"}],"predecessor-version":[{"id":159330,"href":"https:\/\/aconteceunovale.com.br\/portal\/index.php?rest_route=\/wp\/v2\/posts\/159327\/revisions\/159330"}],"wp:featuredmedia":[{"embeddable":true,"href":"https:\/\/aconteceunovale.com.br\/portal\/index.php?rest_route=\/wp\/v2\/media\/159328"}],"wp:attachment":[{"href":"https:\/\/aconteceunovale.com.br\/portal\/index.php?rest_route=%2Fwp%2Fv2%2Fmedia&parent=159327"}],"wp:term":[{"taxonomy":"category","embeddable":true,"href":"https:\/\/aconteceunovale.com.br\/portal\/index.php?rest_route=%2Fwp%2Fv2%2Fcategories&post=159327"},{"taxonomy":"post_tag","embeddable":true,"href":"https:\/\/aconteceunovale.com.br\/portal\/index.php?rest_route=%2Fwp%2Fv2%2Ftags&post=159327"}],"curies":[{"name":"wp","href":"https:\/\/api.w.org\/{rel}","templated":true}]}}