{"id":159325,"date":"2020-02-28T23:47:49","date_gmt":"2020-02-29T02:47:49","guid":{"rendered":"http:\/\/aconteceunovale.com.br\/portal\/?p=159325"},"modified":"2020-02-28T23:48:21","modified_gmt":"2020-02-29T02:48:21","slug":"conta-de-luz-nao-tera-cobranca-extra-em-marco","status":"publish","type":"post","link":"https:\/\/aconteceunovale.com.br\/portal\/?p=159325","title":{"rendered":"Conta de luz n\u00e3o ter\u00e1 cobran\u00e7a extra em mar\u00e7o"},"content":{"rendered":"\n<p>A Ag\u00eancia Nacional de Energia El\u00e9trica ( Aneel ) informou hoje (28\/02\/2020) que manter\u00e1 no m\u00eas de mar\u00e7o a bandeira tarif\u00e1ria na cor verde, sem cobran\u00e7a extra na conta do consumidor. A bandeira foi a mesma aplicada em fevereiro.<\/p>\n\n\n\n<p>De acordo com a ag\u00eancia, a decis\u00e3o de manter a bandeira na cor verde se deve a recupera\u00e7\u00e3o nos n\u00edveis dos reservat\u00f3rios em virtude do volume razo\u00e1vel de chuvas no m\u00eas de fevereiro.&nbsp;<\/p>\n\n\n\n<p>&#8220;Em fevereiro, os principais reservat\u00f3rios de hidrel\u00e9tricas do Sistema Interligado Nacional (SIN) apresentaram recupera\u00e7\u00e3o de n\u00edveis em raz\u00e3o do volume de chuvas pr\u00f3ximo ao padr\u00e3o hist\u00f3rico do m\u00eas. A previs\u00e3o para mar\u00e7o \u00e9 de manuten\u00e7\u00e3o dessa condi\u00e7\u00e3o hidrol\u00f3gica favor\u00e1vel, o que aponta para um cen\u00e1rio com elevada participa\u00e7\u00e3o das hidrel\u00e9tricas no atendimento \u00e0 demanda de energia do SIN, reduzindo a necessidade de acionamento do parque termel\u00e9trico&#8221;, informou a Aneel.<\/p>\n\n\n\n<p>Segundo a ag\u00eancia, o volume de chuvas refletiu-se na redu\u00e7\u00e3o do pre\u00e7o da energia no mercado de curto prazo (PLD) e dos custos relacionados ao risco hidrol\u00f3gico (GSF). O PLD e o GSF s\u00e3o as duas vari\u00e1veis que determinam a cor da bandeira a ser acionada.<\/p>\n\n\n\n<p>Criado pela Aneel , o sistema de bandeiras tarif\u00e1rias sinaliza o custo real da energia gerada, possibilitando aos consumidores o bom uso da energia el\u00e9trica. O funcionamento das bandeiras tarif\u00e1rias tem tr\u00eas cores: verde, amarela ou vermelha (nos patamares 1 e 2), que indicam se a energia custar\u00e1 mais ou menos em fun\u00e7\u00e3o das condi\u00e7\u00f5es de gera\u00e7\u00e3o.<\/p>\n\n\n\n<p>&#8220;Os recursos pagos pelos consumidores v\u00e3o para uma conta espec\u00edfica e depois s\u00e3o repassados \u00e0s distribuidoras de energia para compensar o custo extra da produ\u00e7\u00e3o de energia em per\u00edodos de seca, informou a Aneel.<\/p>\n\n\n\n<p>O acr\u00e9scimo cobrado na conta pelo acionamento da bandeira amarela passou \u00e9 de R$ 1,34 a cada 100 kWh consumidos. J\u00e1 a bandeira vermelha patamar 1, o valor a mais cobrado \u00e9 de R$ 4,16 a cada 100 kWh e no patamar 2 da bandeira o valor \u00e9 de R$ 6,24 por 100 kWh consumidos. A bandeira verde n\u00e3o tem cobran\u00e7a extra.<\/p>\n\n\n\n<p class=\"has-text-color has-background has-very-light-gray-color has-very-dark-gray-background-color\">Quer saber as not\u00edcias do <strong>Aconteceu no Vale<\/strong> em primeira m\u00e3o? Siga-nos no Facebook <a rel=\"noreferrer noopener\" href=\"http:\/\/facebook.com\/aconteceunovale\" target=\"_blank\">@aconteceunovale<\/a>, Twitter <a rel=\"noreferrer noopener\" href=\"https:\/\/twitter.com\/noticiadosvales\" target=\"_blank\">@noticiadosvales<\/a> e Instagram <a rel=\"noreferrer noopener\" href=\"https:\/\/www.instagram.com\/aconteceunovale\" target=\"_blank\">@aconteceunovale<\/a>.<\/p>\n","protected":false},"excerpt":{"rendered":"<p>A Ag\u00eancia Nacional de Energia El\u00e9trica ( Aneel ) informou hoje (28\/02\/2020) que manter\u00e1 no m\u00eas de mar\u00e7o a bandeira tarif\u00e1ria na cor verde, sem cobran\u00e7a extra na conta do consumidor. A bandeira foi a mesma aplicada em fevereiro. De acordo com a ag\u00eancia, a decis\u00e3o de manter a bandeira na cor verde se deve [&hellip;]<\/p>\n","protected":false},"author":1,"featured_media":136246,"comment_status":"open","ping_status":"closed","sticky":false,"template":"","format":"standard","meta":{"amp_status":"","footnotes":""},"categories":[6],"tags":[26918,217287,140810,217288,35833,31753,217286,1018],"class_list":["post-159325","post","type-post","status-publish","format-standard","has-post-thumbnail","hentry","category-br","tag-aneel","tag-bandeira-da-conta-de-luz-em-marco","tag-bandeira-tarifaria-de-marco","tag-cobranca-extra-na-conta-de-luz-em-marco","tag-conta-de-energia-eletrica","tag-conta-de-luz","tag-conta-de-luz-nao-tera-cobranca-extra-em-marco","tag-destaque"],"_links":{"self":[{"href":"https:\/\/aconteceunovale.com.br\/portal\/index.php?rest_route=\/wp\/v2\/posts\/159325","targetHints":{"allow":["GET"]}}],"collection":[{"href":"https:\/\/aconteceunovale.com.br\/portal\/index.php?rest_route=\/wp\/v2\/posts"}],"about":[{"href":"https:\/\/aconteceunovale.com.br\/portal\/index.php?rest_route=\/wp\/v2\/types\/post"}],"author":[{"embeddable":true,"href":"https:\/\/aconteceunovale.com.br\/portal\/index.php?rest_route=\/wp\/v2\/users\/1"}],"replies":[{"embeddable":true,"href":"https:\/\/aconteceunovale.com.br\/portal\/index.php?rest_route=%2Fwp%2Fv2%2Fcomments&post=159325"}],"version-history":[{"count":1,"href":"https:\/\/aconteceunovale.com.br\/portal\/index.php?rest_route=\/wp\/v2\/posts\/159325\/revisions"}],"predecessor-version":[{"id":159326,"href":"https:\/\/aconteceunovale.com.br\/portal\/index.php?rest_route=\/wp\/v2\/posts\/159325\/revisions\/159326"}],"wp:featuredmedia":[{"embeddable":true,"href":"https:\/\/aconteceunovale.com.br\/portal\/index.php?rest_route=\/wp\/v2\/media\/136246"}],"wp:attachment":[{"href":"https:\/\/aconteceunovale.com.br\/portal\/index.php?rest_route=%2Fwp%2Fv2%2Fmedia&parent=159325"}],"wp:term":[{"taxonomy":"category","embeddable":true,"href":"https:\/\/aconteceunovale.com.br\/portal\/index.php?rest_route=%2Fwp%2Fv2%2Fcategories&post=159325"},{"taxonomy":"post_tag","embeddable":true,"href":"https:\/\/aconteceunovale.com.br\/portal\/index.php?rest_route=%2Fwp%2Fv2%2Ftags&post=159325"}],"curies":[{"name":"wp","href":"https:\/\/api.w.org\/{rel}","templated":true}]}}