{"id":159322,"date":"2020-02-28T23:43:33","date_gmt":"2020-02-29T02:43:33","guid":{"rendered":"http:\/\/aconteceunovale.com.br\/portal\/?p=159322"},"modified":"2020-02-28T23:44:13","modified_gmt":"2020-02-29T02:44:13","slug":"igrejas-recomendam-evitar-contato-em-missas-para-prevenir-coronavirus","status":"publish","type":"post","link":"https:\/\/aconteceunovale.com.br\/portal\/?p=159322","title":{"rendered":"Igrejas recomendam evitar contato em missas para prevenir coronav\u00edrus"},"content":{"rendered":"\n<p>Arquidioceses e dioceses da Igreja Cat\u00f3lica no Brasil divulgaram entre ontem (27) e hoje (28\/02\/2020) uma lista de medidas preventivas para evitar poss\u00edveis cont\u00e1gios do novo coronav\u00edrus durante missas e celebra\u00e7\u00f5es.<\/p>\n\n\n\n<p>Entre as recomenda\u00e7\u00f5es, h\u00e1 cuidados para os fi\u00e9is e os celebrantes das missas. Em nota divulgada pela Confedera\u00e7\u00e3o Nacional dos Bispos do Brasil (CNBB), a Pastoral da Sa\u00fade destaca que \u00e9 preciso primeiramente trabalhar a preven\u00e7\u00e3o e divulgar, o m\u00e1ximo poss\u00edvel, informa\u00e7\u00f5es importantes nas cartilhas da sa\u00fade sobre o v\u00edrus e as formas de cont\u00e1gio.<\/p>\n\n\n\n<p>A CNBB explica que a responsabilidade de indicar as normas \u00e9 de cada arquidiocese e diocese, que deve observar a realidade local e fazer suas recomenda\u00e7\u00f5es. &#8220;Cabe, portanto, aos arcebispos e bispos orientarem seus sacerdotes, bem como aos fi\u00e9is observarem as regras de higiene compat\u00edveis com o momento.&#8221;<\/p>\n\n\n\n<p>Arquidioceses como as de Belo Horizonte, Rio de Janeiro e Jo\u00e3o Pessoal pediram que a comunh\u00e3o eucar\u00edstica seja recebida nas m\u00e3os pelos fi\u00e9is, em vez de diretamente na boca.<\/p>\n\n\n\n<p>O momento da ora\u00e7\u00e3o do Pai Nosso, a mais importante do cristianismo, deve ser realizado sem o contato manual entre os fi\u00e9is. Tradicionalmente, esse \u00e9 um momento das missas e celebra\u00e7\u00f5es em que as pessoas fazem a ora\u00e7\u00e3o de m\u00e3os dadas.<\/p>\n\n\n\n<p>Outra recomenda\u00e7\u00e3o \u00e9 evitar os abra\u00e7os no momento da &#8220;Paz de Cristo&#8221;, substituindo o gesto por uma leve inclina\u00e7\u00e3o de cabe\u00e7a.<\/p>\n\n\n\n<p>\u00c0s par\u00f3quias sob sua lideran\u00e7a, a Arquidiocese do Rio pede ainda que haja recipientes de \u00e1lcool gel acess\u00edveis e que os celebrantes higienizem bem as m\u00e3os.<\/p>\n\n\n\n<p>Dom Roberto Ferreira Paz, bispo referencial da Pastoral da Sa\u00fade, ressalta que \u00e9 preciso passar as informa\u00e7\u00f5es com objetividade para evitar p\u00e2nico e surtos de irracionalidade.<\/p>\n\n\n\n<p>Com apenas um caso confirmado em S\u00e3o Paulo, o Brasil n\u00e3o vive um surto da virose. No balan\u00e7o divulgado nesta sexta-feira pelo Minist\u00e9rio da Sa\u00fade, o pa\u00eds tem 182 casos suspeitos sob monitoramento.<\/p>\n\n\n\n<p>Os registros de casos suspeitos est\u00e3o concentrados nos estados de S\u00e3o Paulo (66), Rio Grande do Sul (27), Rio de Janeiro (19), Minas Gerais (17), Santa Catarina (9), Paran\u00e1 (5), Distrito Federal (5), Goi\u00e1s (5) e Esp\u00edrito Santo (2).<\/p>\n\n\n\n<p>Para evitar que os n\u00fameros cres\u00e7am, o Minist\u00e9rio da Sa\u00fade recomenda cuidados como lavar sempre as m\u00e3os com \u00e1gua e sabonete por ao menos 20 segundos, e evitar levar as m\u00e3os n\u00e3o higienizadas aos olhos, nariz e, principalmente, \u00e0 boca. Na aus\u00eancia de \u00e1gua e sabonete, \u00e1lcool em gel \u00e9 uma op\u00e7\u00e3o para realizar essa higieniza\u00e7\u00e3o.<\/p>\n\n\n\n<p>Superf\u00edcies tocadas com frequ\u00eancia tamb\u00e9m devem ser limpas e desinfetadas, e utens\u00edlios de uso pessoal, como toalhas, copos, talheres e travesseiros n\u00e3o devem ser compartilhados.<\/p>\n\n\n\n<p>No momento de tossir ou espirrar, \u00e9 recomendado o uso de um len\u00e7o de papel para cobrir boca e nariz, em vez de usar as m\u00e3os. Esse len\u00e7o deve ser descartado ap\u00f3s o uso.<\/p>\n\n\n\n<p>O minist\u00e9rio tamb\u00e9m explica que n\u00e3o h\u00e1 nenhum medicamento, ch\u00e1, subst\u00e2ncia, vitamina, alimento espec\u00edfico ou vacina que possa prevenir a infec\u00e7\u00e3o pelo novo coronav\u00edrus.\u00a0<\/p>\n\n\n\n<p class=\"has-text-color has-background has-very-light-gray-color has-very-dark-gray-background-color\">Quer saber as not\u00edcias do <strong>Aconteceu no Vale<\/strong> em primeira m\u00e3o? Siga-nos no Facebook <a rel=\"noreferrer noopener\" href=\"http:\/\/facebook.com\/aconteceunovale\" target=\"_blank\">@aconteceunovale<\/a>, Twitter <a rel=\"noreferrer noopener\" href=\"https:\/\/twitter.com\/noticiadosvales\" target=\"_blank\">@noticiadosvales<\/a> e Instagram <a rel=\"noreferrer noopener\" href=\"https:\/\/www.instagram.com\/aconteceunovale\" target=\"_blank\">@aconteceunovale<\/a>.<\/p>\n","protected":false},"excerpt":{"rendered":"<p>Arquidioceses e dioceses da Igreja Cat\u00f3lica no Brasil divulgaram entre ontem (27) e hoje (28\/02\/2020) uma lista de medidas preventivas para evitar poss\u00edveis cont\u00e1gios do novo coronav\u00edrus durante missas e celebra\u00e7\u00f5es. Entre as recomenda\u00e7\u00f5es, h\u00e1 cuidados para os fi\u00e9is e os celebrantes das missas. Em nota divulgada pela Confedera\u00e7\u00e3o Nacional dos Bispos do Brasil (CNBB), [&hellip;]<\/p>\n","protected":false},"author":1,"featured_media":159323,"comment_status":"open","ping_status":"closed","sticky":false,"template":"","format":"standard","meta":{"amp_status":"","footnotes":""},"categories":[6],"tags":[752,217285,24358,194,1017,217036,215670,215651,215649,217229,30594,216496,34856,214884,217035,214886,215396,215652,217228,217033,216497,216984,215716,216498,216985,204275,23046,214882,185976,34858,217034,215650,215648,34259,210,217227,215654,215653,214885,217032,23476,215791,27380,217224,215655,217226,217225,217223,214883,214887,185806],"class_list":["post-159322","post","type-post","status-publish","format-standard","has-post-thumbnail","hentry","category-br","tag-almg","tag-arquidioceses-e-dioceses-recomendam-evitar-contato-em-missas-para-prevenir-coronavirus","tag-assembleia-legislativa-de-minas-gerais","tag-belo-horizonte","tag-bh","tag-brasil-confirma-primeiro-caso-de-coronavirus","tag-brasil-tem-nove-casos-suspeitos-de-coronavirus","tag-caso-de-coronavirus-em-belo-horizonte","tag-caso-de-coronavirus-em-bh","tag-caso-de-coronavirus-em-montes-claros","tag-china","tag-china-tem-1-770-mortes-por-coronavirus","tag-codigo-de-defesa-do-consumidor","tag-coronavirus","tag-coronavirus-balanca-economia-mundial","tag-coronavirus-china","tag-coronavirus-em-belo-horizonte","tag-coronavirus-em-bh","tag-coronavirus-em-montes-claros","tag-coronavirus-hospital-israelita-albert-einstein","tag-coronavirus-ja-matou-1-770-pessoas-na-china","tag-coronavirus-ja-matou-mais-de-2-600-pessoas-na-china","tag-coronavirus-ja-matou-mais-de-200-pessoas-na-china","tag-covid-19","tag-diamond-princess","tag-henrique-mandetta","tag-hospital-israelita-albert-einstein","tag-infectados-com-novo-virus-na-china","tag-luiz-henrique-mandetta","tag-marcelo-barbosa","tag-ministerio-da-saude-monitora-caso-suspeito-de-coronavirus","tag-ministerio-da-saude-monitora-caso-suspeito-de-coronavirus-em-belo-horizonte","tag-ministerio-da-saude-monitora-caso-suspeito-de-coronavirus-em-bh","tag-ministro-da-saude","tag-montes-claros","tag-montes-claros-monitora-caso-suspeito-do-novo-coronavirus","tag-ncov-2019","tag-novo-coronavirus","tag-novo-virus-na-china","tag-numero-de-mortes-causadas-pelo-coronavirus-chega-a-2-715-na-china","tag-oms","tag-organizacao-mundial-da-saude-confirma-11-953-casos-de-coronavirus","tag-procon-da-almg","tag-procon-da-almg-coronavirus","tag-sintomas-do-coronavirus","tag-viagem-cancelada-coronavirus","tag-viagem-cancelada-por-causa-do-coronavirus","tag-viagem-cancelada-por-causa-do-coronavirus-nao-pode-ter-multa","tag-virus-da-china","tag-virus-de-origem-chinesa-pode-ter-infectado-mais-de-mil-de-pessoas","tag-wuhan"],"_links":{"self":[{"href":"https:\/\/aconteceunovale.com.br\/portal\/index.php?rest_route=\/wp\/v2\/posts\/159322","targetHints":{"allow":["GET"]}}],"collection":[{"href":"https:\/\/aconteceunovale.com.br\/portal\/index.php?rest_route=\/wp\/v2\/posts"}],"about":[{"href":"https:\/\/aconteceunovale.com.br\/portal\/index.php?rest_route=\/wp\/v2\/types\/post"}],"author":[{"embeddable":true,"href":"https:\/\/aconteceunovale.com.br\/portal\/index.php?rest_route=\/wp\/v2\/users\/1"}],"replies":[{"embeddable":true,"href":"https:\/\/aconteceunovale.com.br\/portal\/index.php?rest_route=%2Fwp%2Fv2%2Fcomments&post=159322"}],"version-history":[{"count":1,"href":"https:\/\/aconteceunovale.com.br\/portal\/index.php?rest_route=\/wp\/v2\/posts\/159322\/revisions"}],"predecessor-version":[{"id":159324,"href":"https:\/\/aconteceunovale.com.br\/portal\/index.php?rest_route=\/wp\/v2\/posts\/159322\/revisions\/159324"}],"wp:featuredmedia":[{"embeddable":true,"href":"https:\/\/aconteceunovale.com.br\/portal\/index.php?rest_route=\/wp\/v2\/media\/159323"}],"wp:attachment":[{"href":"https:\/\/aconteceunovale.com.br\/portal\/index.php?rest_route=%2Fwp%2Fv2%2Fmedia&parent=159322"}],"wp:term":[{"taxonomy":"category","embeddable":true,"href":"https:\/\/aconteceunovale.com.br\/portal\/index.php?rest_route=%2Fwp%2Fv2%2Fcategories&post=159322"},{"taxonomy":"post_tag","embeddable":true,"href":"https:\/\/aconteceunovale.com.br\/portal\/index.php?rest_route=%2Fwp%2Fv2%2Ftags&post=159322"}],"curies":[{"name":"wp","href":"https:\/\/api.w.org\/{rel}","templated":true}]}}