{"id":159232,"date":"2020-02-26T19:17:46","date_gmt":"2020-02-26T22:17:46","guid":{"rendered":"http:\/\/aconteceunovale.com.br\/portal\/?p=159232"},"modified":"2020-02-26T19:18:32","modified_gmt":"2020-02-26T22:18:32","slug":"sao-paulo-tem-maior-volume-de-chuvas-para-fevereiro-em-77-anos","status":"publish","type":"post","link":"https:\/\/aconteceunovale.com.br\/portal\/?p=159232","title":{"rendered":"S\u00e3o Paulo tem maior volume de chuvas para fevereiro em 77 anos"},"content":{"rendered":"\n<p>O volume de chuva, apenas neste m\u00eas, chegou a 449 mil\u00edmetros (mm) na capital paulista. Segundo o Instituto Nacional de Meteorologia (Inmet), desde o in\u00edcio das medi\u00e7\u00f5es, h\u00e1 77 anos, este foi o maior volume acumulado para o m\u00eas de fevereiro. O recorde anterior do m\u00eas de fevereiro era de 445,5 mm, registrado no ano de 1995.<\/p>\n\n\n\n<p>Os n\u00fameros incluem a atualiza\u00e7\u00e3o dos dados da manh\u00e3 e da tarde de hoje (26) de precipita\u00e7\u00e3o na esta\u00e7\u00e3o do Mirante de Santana. Conforme avalia\u00e7\u00e3o do Inmet, o acumulado na cidade de S\u00e3o Paulo supera a normal climatol\u00f3gica (per\u00edodo 1981-2010), que \u00e9 de 249,7mm.<\/p>\n\n\n\n<p>At\u00e9 a manh\u00e3 desta quarta-feira, foram 20 dias de chuva no m\u00eas. Com a chuva no decorrer da tarde, o Inmet contabilizar\u00e1 na quinta-feira (27) mais um dia de chuva ao registro oficial \u2013 j\u00e1 que, para efeito do registro, a medi\u00e7\u00e3o fecha sempre \u00e0s 9h.<\/p>\n\n\n\n<p>Desse modo, j\u00e1 \u00e9 poss\u00edvel dizer que s\u00e3o 21 dias de chuva na cidade neste m\u00eas, sendo o terceiro m\u00eas de fevereiro com o maior n\u00famero de dias de chuva desde 1961, in\u00edcio da s\u00e9rie hist\u00f3rica dispon\u00edvel. Os meses de fevereiro com mais dias de chuva ocorreram em 1998 (23 dias) e 1993 (22 dias).<\/p>\n\n\n\n<p class=\"has-text-color has-background has-very-light-gray-color has-very-dark-gray-background-color\">Quer saber as not\u00edcias do <strong>Aconteceu no Vale<\/strong> em primeira m\u00e3o? Siga-nos no Facebook <a rel=\"noreferrer noopener\" href=\"http:\/\/facebook.com\/aconteceunovale\" target=\"_blank\">@aconteceunovale<\/a>, Twitter <a rel=\"noreferrer noopener\" href=\"https:\/\/twitter.com\/noticiadosvales\" target=\"_blank\">@noticiadosvales<\/a> e Instagram <a rel=\"noreferrer noopener\" href=\"https:\/\/www.instagram.com\/aconteceunovale\" target=\"_blank\">@aconteceunovale<\/a>.<\/p>\n","protected":false},"excerpt":{"rendered":"<p>O volume de chuva, apenas neste m\u00eas, chegou a 449 mil\u00edmetros (mm) na capital paulista. Segundo o Instituto Nacional de Meteorologia (Inmet), desde o in\u00edcio das medi\u00e7\u00f5es, h\u00e1 77 anos, este foi o maior volume acumulado para o m\u00eas de fevereiro. O recorde anterior do m\u00eas de fevereiro era de 445,5 mm, registrado no ano [&hellip;]<\/p>\n","protected":false},"author":1,"featured_media":159233,"comment_status":"open","ping_status":"closed","sticky":false,"template":"","format":"standard","meta":{"amp_status":"","footnotes":""},"categories":[6],"tags":[82023,217138,54659,2382,217136,217137],"class_list":["post-159232","post","type-post","status-publish","format-standard","has-post-thumbnail","hentry","category-br","tag-chuva-em-sao-paulo","tag-chuvas-de-fevereiro-em-sao-paulo","tag-inmet","tag-sao-paulo","tag-sao-paulo-tem-maior-volume-de-chuvas-para-fevereiro-em-77-anos","tag-volume-de-chuva-em-sao-paulo"],"_links":{"self":[{"href":"https:\/\/aconteceunovale.com.br\/portal\/index.php?rest_route=\/wp\/v2\/posts\/159232","targetHints":{"allow":["GET"]}}],"collection":[{"href":"https:\/\/aconteceunovale.com.br\/portal\/index.php?rest_route=\/wp\/v2\/posts"}],"about":[{"href":"https:\/\/aconteceunovale.com.br\/portal\/index.php?rest_route=\/wp\/v2\/types\/post"}],"author":[{"embeddable":true,"href":"https:\/\/aconteceunovale.com.br\/portal\/index.php?rest_route=\/wp\/v2\/users\/1"}],"replies":[{"embeddable":true,"href":"https:\/\/aconteceunovale.com.br\/portal\/index.php?rest_route=%2Fwp%2Fv2%2Fcomments&post=159232"}],"version-history":[{"count":1,"href":"https:\/\/aconteceunovale.com.br\/portal\/index.php?rest_route=\/wp\/v2\/posts\/159232\/revisions"}],"predecessor-version":[{"id":159234,"href":"https:\/\/aconteceunovale.com.br\/portal\/index.php?rest_route=\/wp\/v2\/posts\/159232\/revisions\/159234"}],"wp:featuredmedia":[{"embeddable":true,"href":"https:\/\/aconteceunovale.com.br\/portal\/index.php?rest_route=\/wp\/v2\/media\/159233"}],"wp:attachment":[{"href":"https:\/\/aconteceunovale.com.br\/portal\/index.php?rest_route=%2Fwp%2Fv2%2Fmedia&parent=159232"}],"wp:term":[{"taxonomy":"category","embeddable":true,"href":"https:\/\/aconteceunovale.com.br\/portal\/index.php?rest_route=%2Fwp%2Fv2%2Fcategories&post=159232"},{"taxonomy":"post_tag","embeddable":true,"href":"https:\/\/aconteceunovale.com.br\/portal\/index.php?rest_route=%2Fwp%2Fv2%2Ftags&post=159232"}],"curies":[{"name":"wp","href":"https:\/\/api.w.org\/{rel}","templated":true}]}}