{"id":159227,"date":"2020-02-26T19:09:53","date_gmt":"2020-02-26T22:09:53","guid":{"rendered":"http:\/\/aconteceunovale.com.br\/portal\/?p=159227"},"modified":"2020-02-26T19:10:42","modified_gmt":"2020-02-26T22:10:42","slug":"campanha-da-fraternidade-2020-faz-alerta-contra-indiferenca-e-violencia","status":"publish","type":"post","link":"https:\/\/aconteceunovale.com.br\/portal\/?p=159227","title":{"rendered":"Campanha da Fraternidade 2020 faz alerta contra indiferen\u00e7a e viol\u00eancia"},"content":{"rendered":"\n<p>A Confer\u00eancia Nacional dos Bispos do Brasil (CNBB) iniciou, nesta Quarta-Feira de Cinzas, a Campanha da Fraternidade de 2020, tendo por tema Fraternidade e Vida: Dom e Compromisso. De acordo com o secret\u00e1rio -geral da CNBB, dom Joel Portella Amado, a campanha ser\u00e1 voltada a chamar a aten\u00e7\u00e3o contra atitudes de indiferen\u00e7a e viol\u00eancia em rela\u00e7\u00e3o \u00e0 vida.<\/p>\n\n\n\n<p>\u201cE, se queremos defender a vida, precisamos defender o di\u00e1logo e a democracia. N\u00e3o podemos abrir m\u00e3o da vida e, como consequ\u00eancia, da democracia, que depende do equil\u00edbrio sadio dos Tr\u00eas Poderes\u201d, disse hoje (26) dom Joel no lan\u00e7amento da campanha.<\/p>\n\n\n\n<p>O lema da campanha neste ano tem como refer\u00eancia as atitudes do Bom Samaritano, resumidas na frase \u201cviu, sentiu compaix\u00e3o e cuidou\u201d, explicou o bispo. A par\u00e1bola conta a hist\u00f3ria de um viajante samaritano que teve compaix\u00e3o e cuidou de um homem que havia sido assaltado momentos antes.<\/p>\n\n\n\n<p>Dom Joel lembrou que esta \u00e9 a 56\u00aa Campanha da Fraternidade realizada pela CNBB. \u201cDesta vez n\u00e3o abordamos situa\u00e7\u00e3o espec\u00edfica como nas [campanhas] anteriores, mas olhamos para um fato abrangente, de in\u00fameras situa\u00e7\u00f5es, onde a vida se encontra agredida\u201d, disse.<\/p>\n\n\n\n<p>\u201cO fato \u00e9 que a campanha deste ano nos alerta para duas atitudes: a primeira, a atitude da indiferen\u00e7a, marca de quem se preocupa somente com o pr\u00f3prio bem-estar. A segunda \u00e9 decorrente da descren\u00e7a em outras solu\u00e7\u00f5es [para problemas relacionados \u00e0 viol\u00eancia], e passar a acreditar que a morte \u00e9 vencida pela pr\u00f3pria morte, e acaba pregando o enfrentamento da viol\u00eancia e da morte pela viol\u00eancia e pela morte\u201d, acrescentou.<\/p>\n\n\n\n<p>Ao enumerar os motivos que levaram \u00e0 defini\u00e7\u00e3o da atual campanha, o secret\u00e1rio-geral da CNBB destacou que, al\u00e9m da viol\u00eancia ostensiva, est\u00e3o crescendo a pobreza, a devasta\u00e7\u00e3o ecol\u00f3gica, a agressividade como solu\u00e7\u00e3o dos conflitos, o individualismo como crit\u00e9rio de realiza\u00e7\u00e3o pessoal e, &#8220;como insiste o papa Francisco desde o in\u00edcio de seu pontificado, a indiferen\u00e7a diante dos sofrimentos alheios\u201d.<\/p>\n\n\n\n<p>\u201cOlhando para esse conjunto de situa\u00e7\u00f5es, a campanha deste ano nos pergunta se as agress\u00f5es \u00e0 vida n\u00e3o est\u00e3o se incorporando \u00e0 paisagem cotidiana, e se n\u00e3o estamos nos tornando acostumados com a morte em suas diversas formas. Ou, mais do que acostumados, se n\u00e3o estamos passando a acreditar que a morte seja a solu\u00e7\u00e3o para muitos dos problemas que enfrentamos.&#8221; Dom Joel citou a morte nas ruas, por bala perdida; a morte nas macas e nas portarias dos hospitais; al\u00e9m da morte por causa da fome, do desemprego e da aus\u00eancia de moradia, da morte diante da inexist\u00eancia de educa\u00e7\u00e3o para todos e de ressocializa\u00e7\u00e3o para quem errou. &#8220;Morte nos campos, morte nas aldeias ind\u00edgenas; morte entre os jovens, que t\u00eam hoje \u00edndices de suic\u00eddios alt\u00edssimos\u201d, completou.<\/p>\n\n\n\n<p>De acordo com o bispo, o pecado e a desumaniza\u00e7\u00e3o independem dos motivos pelos quais passa-se direto diante de quem sofre. &#8220;O simples fato de voc\u00ea passar adiante, cuidando da sua pr\u00f3pria vida, j\u00e1 \u00e9 pecado; j\u00e1 \u00e9 desumaniza\u00e7\u00e3o. N\u00e3o h\u00e1 motivo que justifique isso&#8221;, afirmou dom Joel, pedindo que se cuide do pr\u00f3ximo como de si mesmo. &#8216;Nem a fragilidade pessoal pode nos isentar do cuidado e da solidariedade como crit\u00e9rios para a vida.\u201d<\/p>\n\n\n\n<p>O secret\u00e1rio-geral da CNBB destacou tamb\u00e9m o papel da democracia como instrumento em favor da vida e disse que os pol\u00edticos precisam ter mais responsabilidade com ela.<\/p>\n\n\n\n<figure class=\"wp-block-gallery columns-1 is-cropped wp-block-gallery-1 is-layout-flex wp-block-gallery-is-layout-flex\"><ul class=\"blocks-gallery-grid\"><li class=\"blocks-gallery-item\"><figure><img loading=\"lazy\" decoding=\"async\" width=\"678\" height=\"431\" src=\"http:\/\/aconteceunovale.com.br\/portal\/wp-content\/uploads\/2020\/02\/campanha_cnbb_20203.jpg\" alt=\"\" data-id=\"159229\" data-full-url=\"http:\/\/aconteceunovale.com.br\/portal\/wp-content\/uploads\/2020\/02\/campanha_cnbb_20203.jpg\" data-link=\"http:\/\/aconteceunovale.com.br\/portal\/?attachment_id=159229\" class=\"wp-image-159229\" srcset=\"https:\/\/aconteceunovale.com.br\/portal\/wp-content\/uploads\/2020\/02\/campanha_cnbb_20203.jpg 678w, https:\/\/aconteceunovale.com.br\/portal\/wp-content\/uploads\/2020\/02\/campanha_cnbb_20203-300x191.jpg 300w, https:\/\/aconteceunovale.com.br\/portal\/wp-content\/uploads\/2020\/02\/campanha_cnbb_20203-661x420.jpg 661w\" sizes=\"auto, (max-width: 678px) 100vw, 678px\" \/><figcaption class=\"blocks-gallery-item__caption\"><em>Foto: Divulga\u00e7\u00e3o \/ CNBB <\/em><\/figcaption><\/figure><\/li><\/ul><\/figure>\n\n\n\n<h2 class=\"wp-block-heading\">Irm\u00e3 Dulce<\/h2>\n\n\n\n<p>Dom Joel ressaltou que\u00a0irm\u00e3 Dulce, a primeira santa brasileira, reconhecida por suas obras de caridade e de assist\u00eancia a pobres e necessitados na Bahia, foi utra inspira\u00e7\u00e3o para a Campanha da Fraternidade deste ano.<\/p>\n\n\n\n<p>Sobrinha da Santa Dulce dos Pobres e superintendente das Obras Sociais Irm\u00e3 Dulce na Bahia, Maria Rita Pontes disse que o Brasil precisa de exemplos como o de sua tia. \u201cO tema deste ano \u00e9 muito pr\u00f3ximo da vida de Irm\u00e3 Dulce, que desde os 6 anos pedia aos pais alimentos para dar aos pobres. Este \u00e9 o exemplo que ela nos deixa. Sentiu compaix\u00e3o e cuidou com amor. \u00c9 o que a gente precisa fazer hoje por tantas pessoas ao nosso redor\u201d, afirmou Maria Rita.<\/p>\n\n\n\n<p class=\"has-text-color has-background has-very-light-gray-color has-very-dark-gray-background-color\">Quer saber as not\u00edcias do <strong>Aconteceu no Vale<\/strong> em primeira m\u00e3o? Siga-nos no Facebook <a rel=\"noreferrer noopener\" href=\"http:\/\/facebook.com\/aconteceunovale\" target=\"_blank\">@aconteceunovale<\/a>, Twitter <a rel=\"noreferrer noopener\" href=\"https:\/\/twitter.com\/noticiadosvales\" target=\"_blank\">@noticiadosvales<\/a> e Instagram <a rel=\"noreferrer noopener\" href=\"https:\/\/www.instagram.com\/aconteceunovale\" target=\"_blank\">@aconteceunovale<\/a>.<\/p>\n","protected":false},"excerpt":{"rendered":"<p>A Confer\u00eancia Nacional dos Bispos do Brasil (CNBB) iniciou, nesta Quarta-Feira de Cinzas, a Campanha da Fraternidade de 2020, tendo por tema Fraternidade e Vida: Dom e Compromisso. De acordo com o secret\u00e1rio -geral da CNBB, dom Joel Portella Amado, a campanha ser\u00e1 voltada a chamar a aten\u00e7\u00e3o contra atitudes de indiferen\u00e7a e viol\u00eancia em [&hellip;]<\/p>\n","protected":false},"author":1,"featured_media":159230,"comment_status":"open","ping_status":"closed","sticky":false,"template":"","format":"standard","meta":{"amp_status":"","footnotes":""},"categories":[6],"tags":[24621,217130,217131,24617,24616,217133,217132,217129,946,217134,217135],"class_list":["post-159227","post","type-post","status-publish","format-standard","has-post-thumbnail","hentry","category-br","tag-campanha-da-fraternidade","tag-campanha-da-fraternidade-2020-faz-alerta-contra-indiferenca-e-violencia","tag-campanha-da-fraternidade-de-2020","tag-cnbb","tag-conferencia-nacional-dos-bispos-do-brasil","tag-dom-joel-portella-amado","tag-fraternidade-e-vida-dom-e-compromisso","tag-irma-dulce","tag-papa-francisco","tag-primeira-santa-brasileira","tag-santa-dulce-dos-pobres"],"_links":{"self":[{"href":"https:\/\/aconteceunovale.com.br\/portal\/index.php?rest_route=\/wp\/v2\/posts\/159227","targetHints":{"allow":["GET"]}}],"collection":[{"href":"https:\/\/aconteceunovale.com.br\/portal\/index.php?rest_route=\/wp\/v2\/posts"}],"about":[{"href":"https:\/\/aconteceunovale.com.br\/portal\/index.php?rest_route=\/wp\/v2\/types\/post"}],"author":[{"embeddable":true,"href":"https:\/\/aconteceunovale.com.br\/portal\/index.php?rest_route=\/wp\/v2\/users\/1"}],"replies":[{"embeddable":true,"href":"https:\/\/aconteceunovale.com.br\/portal\/index.php?rest_route=%2Fwp%2Fv2%2Fcomments&post=159227"}],"version-history":[{"count":1,"href":"https:\/\/aconteceunovale.com.br\/portal\/index.php?rest_route=\/wp\/v2\/posts\/159227\/revisions"}],"predecessor-version":[{"id":159231,"href":"https:\/\/aconteceunovale.com.br\/portal\/index.php?rest_route=\/wp\/v2\/posts\/159227\/revisions\/159231"}],"wp:featuredmedia":[{"embeddable":true,"href":"https:\/\/aconteceunovale.com.br\/portal\/index.php?rest_route=\/wp\/v2\/media\/159230"}],"wp:attachment":[{"href":"https:\/\/aconteceunovale.com.br\/portal\/index.php?rest_route=%2Fwp%2Fv2%2Fmedia&parent=159227"}],"wp:term":[{"taxonomy":"category","embeddable":true,"href":"https:\/\/aconteceunovale.com.br\/portal\/index.php?rest_route=%2Fwp%2Fv2%2Fcategories&post=159227"},{"taxonomy":"post_tag","embeddable":true,"href":"https:\/\/aconteceunovale.com.br\/portal\/index.php?rest_route=%2Fwp%2Fv2%2Ftags&post=159227"}],"curies":[{"name":"wp","href":"https:\/\/api.w.org\/{rel}","templated":true}]}}