{"id":159191,"date":"2020-02-26T18:01:24","date_gmt":"2020-02-26T21:01:24","guid":{"rendered":"http:\/\/aconteceunovale.com.br\/portal\/?p=159191"},"modified":"2020-02-26T18:01:42","modified_gmt":"2020-02-26T21:01:42","slug":"veja-quem-sao-os-campeoes-dos-campeonatos-valadarense-mineiro-e-carioca-de-parapente","status":"publish","type":"post","link":"https:\/\/aconteceunovale.com.br\/portal\/?p=159191","title":{"rendered":"Veja quem s\u00e3o os campe\u00f5es dos campeonatos Valadarense, Mineiro e Carioca de Parapente"},"content":{"rendered":"\n<p>Durante o carnaval, Governador Valadares (MG) sediou os\ncampeonatos Valadarense, Mineiro e Carioca de Parapente. Mesmo com o tempo\nnublado e chuva em alguns momentos, ao todo, cerca de 130 pilotos de v\u00e1rios\nestados e pa\u00edses, como Gr\u00e9cia e Jap\u00e3o, participaram das competi\u00e7\u00f5es.<\/p>\n\n\n\n<p>O resultado\nficou definido da seguinte forma: pelo Valadarense, ficaram em primeiro lugar\nGilberto Raposo (categoria Open), Rafael Barros (categoria Serial), Oscar\nLacerda (categoria Sport) e Raquel Venceslau (categoria Feminino).<\/p>\n\n\n\n<p>No Campeonato\nMineiro, conquistaram as primeiras coloca\u00e7\u00f5es os pilotos: Get\u00falio de Carvalho\n(categorias Open e Serial) e Geraldo Soares (categoria Sport). J\u00e1 pelo Carioca,\nos campe\u00f5es das etapas foram: Dalton (categoria Open), Fernando Nascimento\n(categoria Serial) e Carlos Carvalho (categoria Sport).<\/p>\n\n\n\n<p>A competi\u00e7\u00e3o garantiu aos pilotos pontua\u00e7\u00e3o para o ranking mundial. De acordo com o piloto Ederson Souza Dutra \u201cGod\u00f3\u201d, um dos organizadores, as provas foram um sucesso de p\u00fablico. \u201cNesse ano tivemos cerca de 130 pilotos. E todos os que tive a oportunidade de conversar, elogiaram bastante. Agrade\u00e7o muito a participa\u00e7\u00e3o da Prefeitura porque esse apoio ao esporte \u00e9 fundamental para o sucesso da modalidade, que leva o nome de Valadares para o resto do Brasil e v\u00e1rias partes do mundo\u201d, destacou.<\/p>\n\n\n\n<figure class=\"wp-block-gallery columns-1 is-cropped wp-block-gallery-1 is-layout-flex wp-block-gallery-is-layout-flex\"><ul class=\"blocks-gallery-grid\"><li class=\"blocks-gallery-item\"><figure><img loading=\"lazy\" decoding=\"async\" width=\"678\" height=\"381\" src=\"http:\/\/aconteceunovale.com.br\/portal\/wp-content\/uploads\/2020\/02\/voo_livre_gv_2.jpg\" alt=\"\" data-id=\"159192\" data-full-url=\"http:\/\/aconteceunovale.com.br\/portal\/wp-content\/uploads\/2020\/02\/voo_livre_gv_2.jpg\" data-link=\"http:\/\/aconteceunovale.com.br\/portal\/?attachment_id=159192\" class=\"wp-image-159192\" srcset=\"https:\/\/aconteceunovale.com.br\/portal\/wp-content\/uploads\/2020\/02\/voo_livre_gv_2.jpg 678w, https:\/\/aconteceunovale.com.br\/portal\/wp-content\/uploads\/2020\/02\/voo_livre_gv_2-300x169.jpg 300w\" sizes=\"auto, (max-width: 678px) 100vw, 678px\" \/><figcaption class=\"blocks-gallery-item__caption\"><em>Foto: Ant\u00f4nio C\u00e2ndido \/ PMGV<\/em><\/figcaption><\/figure><\/li><li class=\"blocks-gallery-item\"><figure><img loading=\"lazy\" decoding=\"async\" width=\"675\" height=\"450\" src=\"http:\/\/aconteceunovale.com.br\/portal\/wp-content\/uploads\/2020\/02\/voo_livre_gv_1.jpg\" alt=\"\" data-id=\"159193\" data-full-url=\"http:\/\/aconteceunovale.com.br\/portal\/wp-content\/uploads\/2020\/02\/voo_livre_gv_1.jpg\" data-link=\"http:\/\/aconteceunovale.com.br\/portal\/?attachment_id=159193\" class=\"wp-image-159193\" srcset=\"https:\/\/aconteceunovale.com.br\/portal\/wp-content\/uploads\/2020\/02\/voo_livre_gv_1.jpg 675w, https:\/\/aconteceunovale.com.br\/portal\/wp-content\/uploads\/2020\/02\/voo_livre_gv_1-300x200.jpg 300w, https:\/\/aconteceunovale.com.br\/portal\/wp-content\/uploads\/2020\/02\/voo_livre_gv_1-630x420.jpg 630w\" sizes=\"auto, (max-width: 675px) 100vw, 675px\" \/><figcaption class=\"blocks-gallery-item__caption\"> <em>Foto: Ant\u00f4nio C\u00e2ndido \/ PMGV<\/em> <\/figcaption><\/figure><\/li><\/ul><\/figure>\n\n\n\n<p class=\"has-text-color has-background has-very-light-gray-color has-very-dark-gray-background-color\">Quer saber as not\u00edcias do <strong>Aconteceu no Vale<\/strong> em primeira m\u00e3o? Siga-nos no Facebook <a rel=\"noreferrer noopener\" href=\"http:\/\/facebook.com\/aconteceunovale\" target=\"_blank\">@aconteceunovale<\/a>, Twitter <a rel=\"noreferrer noopener\" href=\"https:\/\/twitter.com\/noticiadosvales\" target=\"_blank\">@noticiadosvales<\/a> e Instagram <a rel=\"noreferrer noopener\" href=\"https:\/\/www.instagram.com\/aconteceunovale\" target=\"_blank\">@aconteceunovale<\/a>.<\/p>\n","protected":false},"excerpt":{"rendered":"<p>Durante o carnaval, Governador Valadares (MG) sediou os campeonatos Valadarense, Mineiro e Carioca de Parapente. Mesmo com o tempo nublado e chuva em alguns momentos, ao todo, cerca de 130 pilotos de v\u00e1rios estados e pa\u00edses, como Gr\u00e9cia e Jap\u00e3o, participaram das competi\u00e7\u00f5es. O resultado ficou definido da seguinte forma: pelo Valadarense, ficaram em primeiro [&hellip;]<\/p>\n","protected":false},"author":1,"featured_media":159192,"comment_status":"open","ping_status":"closed","sticky":false,"template":"","format":"standard","meta":{"amp_status":"","footnotes":""},"categories":[59,121],"tags":[217099,212685,217097,217096,217106,194231,217105,217104,217103,217098,217107,247,217101,217095,217094,35082,217100,217102,93447],"class_list":["post-159191","post","type-post","status-publish","format-standard","has-post-thumbnail","hentry","category-sports","category-leste","tag-campeonato-carioca-de-parapente-em-governador-valadares","tag-campeonato-de-parapente-em-governador-valadares","tag-campeonato-mineiro-de-parapente-em-governador-valadares","tag-campeonato-valadarense-de-parapente-em-governador-valadares","tag-carlos-carvalho","tag-ederson-souza-dutra","tag-fernando-nascimento","tag-geraldo-soares","tag-getulio-de-carvalho","tag-gilberto-raposo","tag-godo","tag-governador-valadares","tag-oscar-lacerda","tag-parapente-em-governador-valadares","tag-pontos-para-o-ranking-mundial-de-parapente","tag-prefeitura-de-governador-valadares","tag-rafael-barros","tag-raquel-venceslau","tag-voo-livre-em-governador-valadares"],"_links":{"self":[{"href":"https:\/\/aconteceunovale.com.br\/portal\/index.php?rest_route=\/wp\/v2\/posts\/159191","targetHints":{"allow":["GET"]}}],"collection":[{"href":"https:\/\/aconteceunovale.com.br\/portal\/index.php?rest_route=\/wp\/v2\/posts"}],"about":[{"href":"https:\/\/aconteceunovale.com.br\/portal\/index.php?rest_route=\/wp\/v2\/types\/post"}],"author":[{"embeddable":true,"href":"https:\/\/aconteceunovale.com.br\/portal\/index.php?rest_route=\/wp\/v2\/users\/1"}],"replies":[{"embeddable":true,"href":"https:\/\/aconteceunovale.com.br\/portal\/index.php?rest_route=%2Fwp%2Fv2%2Fcomments&post=159191"}],"version-history":[{"count":1,"href":"https:\/\/aconteceunovale.com.br\/portal\/index.php?rest_route=\/wp\/v2\/posts\/159191\/revisions"}],"predecessor-version":[{"id":159194,"href":"https:\/\/aconteceunovale.com.br\/portal\/index.php?rest_route=\/wp\/v2\/posts\/159191\/revisions\/159194"}],"wp:featuredmedia":[{"embeddable":true,"href":"https:\/\/aconteceunovale.com.br\/portal\/index.php?rest_route=\/wp\/v2\/media\/159192"}],"wp:attachment":[{"href":"https:\/\/aconteceunovale.com.br\/portal\/index.php?rest_route=%2Fwp%2Fv2%2Fmedia&parent=159191"}],"wp:term":[{"taxonomy":"category","embeddable":true,"href":"https:\/\/aconteceunovale.com.br\/portal\/index.php?rest_route=%2Fwp%2Fv2%2Fcategories&post=159191"},{"taxonomy":"post_tag","embeddable":true,"href":"https:\/\/aconteceunovale.com.br\/portal\/index.php?rest_route=%2Fwp%2Fv2%2Ftags&post=159191"}],"curies":[{"name":"wp","href":"https:\/\/api.w.org\/{rel}","templated":true}]}}