{"id":159189,"date":"2020-02-26T17:48:36","date_gmt":"2020-02-26T20:48:36","guid":{"rendered":"http:\/\/aconteceunovale.com.br\/portal\/?p=159189"},"modified":"2020-02-26T17:49:56","modified_gmt":"2020-02-26T20:49:56","slug":"guias-do-iptu-2020-ja-estao-disponiveis-informa-prefeitura-de-governador-valadares","status":"publish","type":"post","link":"https:\/\/aconteceunovale.com.br\/portal\/?p=159189","title":{"rendered":"Guias do IPTU 2020 j\u00e1 est\u00e3o dispon\u00edveis, informa Prefeitura de Governador Valadares"},"content":{"rendered":"\n<p>A Prefeitura de Governador Valadares (MG) j\u00e1 come\u00e7ou a entregar, por meio dos Correios, as guias do\u00a0Imposto sobre Propriedade Predial e Territorial Urbana \u2013 IPTU\/2020. Quem estiver em dia (at\u00e9 31 de dezembro de 2019) e fazer o pagamento a vista at\u00e9 dia 10 de mar\u00e7o, tem 10% de desconto. J\u00e1 quem est\u00e1 inadimplente ter\u00e1 desconto de 5% se pagar \u00e0 vista. Se preferir dividir, o vencimento da primeira parcela tamb\u00e9m ser\u00e1 dia 10 de mar\u00e7o. O n\u00famero de parcelas poss\u00edveis ser\u00e1 determinado pelo valor do imposto, podendo chegar a 10 vezes.<\/p>\n\n\n\n<p>Quem n\u00e3o receber as guias do IPTU pode imprimi-las pelo site da Prefeitura<strong>\u00a0<a href=\"http:\/\/intranet.valadares.mg.gov.br:8080\/services\/lancamentos_diversos.php?codigo_tpc=FE&amp;codigo_agp=FEE&amp;ano=2020\" target=\"_blank\" rel=\"noreferrer noopener\" aria-label=\"www.valadares.mg.gov.br (abre numa nova aba)\">www.valadares.mg.gov.br<\/a><\/strong>, comparecer a uma loja Mais F\u00e1cil do SAAE ou \u00e0 Central de Atendimento ao Cidad\u00e3o (CAC), que fica no t\u00e9rreo da prefeitura, das 12 \u00e0s 17 horas. Esta op\u00e7\u00e3o j\u00e1 est\u00e1 dispon\u00edvel.<\/p>\n\n\n\n<p>A arrecada\u00e7\u00e3o do IPTU \u00e9 destinada \u00e0 manuten\u00e7\u00e3o e obras na cidade. O imposto \u00e9 calculado sobre o valor do im\u00f3vel, que consta da planta de valores do Munic\u00edpio. Os valores podem variar de im\u00f3vel para im\u00f3vel do mesmo bairro e at\u00e9 da mesma rua. Isto porque os crit\u00e9rios de avalia\u00e7\u00e3o s\u00e3o muitos, passando por tamanho e local onde est\u00e1 constru\u00eddo. Por exemplo: uma casa na parte alta da Ilha dos Ara\u00fajos, que n\u00e3o seja atingida pelas cheias, ter\u00e1 um valor maior que a mesma casa numa parte baixa.<\/p>\n\n\n\n<p><strong>Isen\u00e7\u00e3o do IPTU<\/strong><\/p>\n\n\n\n<p>Ainda existe a possibilidade de obter a isen\u00e7\u00e3o do IPTU, caso o cidad\u00e3o, o im\u00f3vel ou empresa tenha um dos requisitos da obten\u00e7\u00e3o:<\/p>\n\n\n\n<ol class=\"wp-block-list\"><li>A propriedade, o dom\u00ednio \u00fatil ou posse de terreno ou im\u00f3vel constru\u00eddo cedido gratuitamente para o uso de institui\u00e7\u00f5es de ensino gratuito ou assist\u00eancia social que atendam requisitos do CTN quanto a imunidade de impostos, enquanto durar a sess\u00e3o;<\/li><li>Aposentados, pensionistas ou possuidor no cadastro imobili\u00e1rio do Munic\u00edpio que atenda os crit\u00e9rios:<ul><li>Possuidor de uma unidade residencial, renda familiar mensal comprovada at\u00e9 de 2 sal\u00e1rios m\u00ednimos, possuidor de apenas um im\u00f3vel e o utilize para sua pr\u00f3pria resid\u00eancia e este im\u00f3vel tenha \u00e1rea n\u00e3o superior a 80m\u00b2;<\/li><li>Possuidor apresentar contato ou outro documento de transfer\u00eancia munido de pagamento de Imposto Sobre transmiss\u00e3o de Bens Im\u00f3veis (ITBI);<\/li><\/ul><\/li><li>Empresas cadastradas nos programas de Apoio \u00e0 Pequena, M\u00e9dia e Grande Ind\u00fastria pelo per\u00edodo de 10 anos;<\/li><li>Ex-combatente da segunda guerra mundial, propriet\u00e1rio de im\u00f3vel que sirva para sua pr\u00f3pria resid\u00eancia.<\/li><\/ol>\n\n\n\n<p>O pedido da isen\u00e7\u00e3o deve ser feito na Central de Atendimento do Cidad\u00e3o (CAC) at\u00e9 o dia 10 de mar\u00e7o.<\/p>\n\n\n\n<p class=\"has-text-color has-background has-very-light-gray-color has-very-dark-gray-background-color\">Quer saber as not\u00edcias do <strong>Aconteceu no Vale<\/strong> em primeira m\u00e3o? Siga-nos no Facebook <a rel=\"noreferrer noopener\" href=\"http:\/\/facebook.com\/aconteceunovale\" target=\"_blank\">@aconteceunovale<\/a>, Twitter <a rel=\"noreferrer noopener\" href=\"https:\/\/twitter.com\/noticiadosvales\" target=\"_blank\">@noticiadosvales<\/a> e Instagram <a rel=\"noreferrer noopener\" href=\"https:\/\/www.instagram.com\/aconteceunovale\" target=\"_blank\">@aconteceunovale<\/a>.<\/p>\n","protected":false},"excerpt":{"rendered":"<p>A Prefeitura de Governador Valadares (MG) j\u00e1 come\u00e7ou a entregar, por meio dos Correios, as guias do\u00a0Imposto sobre Propriedade Predial e Territorial Urbana \u2013 IPTU\/2020. Quem estiver em dia (at\u00e9 31 de dezembro de 2019) e fazer o pagamento a vista at\u00e9 dia 10 de mar\u00e7o, tem 10% de desconto. J\u00e1 quem est\u00e1 inadimplente ter\u00e1 [&hellip;]<\/p>\n","protected":false},"author":1,"featured_media":47642,"comment_status":"open","ping_status":"closed","sticky":false,"template":"","format":"standard","meta":{"amp_status":"","footnotes":""},"categories":[121],"tags":[217090,217088,247,217091,217089,217093,217092,172428,172426,35082],"class_list":["post-159189","post","type-post","status-publish","format-standard","has-post-thumbnail","hentry","category-leste","tag-emitir-guia-de-iptu-governador-valadares","tag-emitir-guia-de-iptu-prefeitura-de-governador-valadares","tag-governador-valadares","tag-guia-de-iptu-governador-valadares","tag-guias-de-iptu-prefeitura-de-governador-valadares","tag-guias-do-iptu-2020-ja-estao-disponiveis-informa-prefeitura-de-governador-valadares","tag-iptu-2020-governador-valadares","tag-iptu-governador-valadares","tag-iptu-prefeitura-de-governador-valadares","tag-prefeitura-de-governador-valadares"],"_links":{"self":[{"href":"https:\/\/aconteceunovale.com.br\/portal\/index.php?rest_route=\/wp\/v2\/posts\/159189","targetHints":{"allow":["GET"]}}],"collection":[{"href":"https:\/\/aconteceunovale.com.br\/portal\/index.php?rest_route=\/wp\/v2\/posts"}],"about":[{"href":"https:\/\/aconteceunovale.com.br\/portal\/index.php?rest_route=\/wp\/v2\/types\/post"}],"author":[{"embeddable":true,"href":"https:\/\/aconteceunovale.com.br\/portal\/index.php?rest_route=\/wp\/v2\/users\/1"}],"replies":[{"embeddable":true,"href":"https:\/\/aconteceunovale.com.br\/portal\/index.php?rest_route=%2Fwp%2Fv2%2Fcomments&post=159189"}],"version-history":[{"count":1,"href":"https:\/\/aconteceunovale.com.br\/portal\/index.php?rest_route=\/wp\/v2\/posts\/159189\/revisions"}],"predecessor-version":[{"id":159190,"href":"https:\/\/aconteceunovale.com.br\/portal\/index.php?rest_route=\/wp\/v2\/posts\/159189\/revisions\/159190"}],"wp:featuredmedia":[{"embeddable":true,"href":"https:\/\/aconteceunovale.com.br\/portal\/index.php?rest_route=\/wp\/v2\/media\/47642"}],"wp:attachment":[{"href":"https:\/\/aconteceunovale.com.br\/portal\/index.php?rest_route=%2Fwp%2Fv2%2Fmedia&parent=159189"}],"wp:term":[{"taxonomy":"category","embeddable":true,"href":"https:\/\/aconteceunovale.com.br\/portal\/index.php?rest_route=%2Fwp%2Fv2%2Fcategories&post=159189"},{"taxonomy":"post_tag","embeddable":true,"href":"https:\/\/aconteceunovale.com.br\/portal\/index.php?rest_route=%2Fwp%2Fv2%2Ftags&post=159189"}],"curies":[{"name":"wp","href":"https:\/\/api.w.org\/{rel}","templated":true}]}}