{"id":159187,"date":"2020-02-26T17:39:38","date_gmt":"2020-02-26T20:39:38","guid":{"rendered":"http:\/\/aconteceunovale.com.br\/portal\/?p=159187"},"modified":"2020-02-26T17:40:07","modified_gmt":"2020-02-26T20:40:07","slug":"homem-e-baleado-apos-ameacar-militares-em-coronel-fabriciano","status":"publish","type":"post","link":"https:\/\/aconteceunovale.com.br\/portal\/?p=159187","title":{"rendered":"Homem \u00e9 baleado ap\u00f3s amea\u00e7ar militares em Coronel Fabriciano"},"content":{"rendered":"\n<p>Um homem foi baleado durante uma opera\u00e7\u00e3o da Pol\u00edcia Militar\n(PM) na Travessa Mariano Benevides, em Coronel Fabriciano (MG), na noite de\nter\u00e7a-feira (25\/02\/2020). De acordo com os militares, a a\u00e7\u00e3o tinha como\nobjetivo detectar pontos de tr\u00e1fico de drogas e com\u00e9rcio de armas de fogo.<\/p>\n\n\n\n<p>Segundo a PM, os\npoliciais avistaram o suspeito com uma arma de fogo na cintura. Ele tamb\u00e9m\ntinha em m\u00e3os um bin\u00f3culo e um celular. O homem foi em dire\u00e7\u00e3o a uma das\nequipes que estava o observando nas proximidades e n\u00e3o respeitou a ordem de\nparada.<\/p>\n\n\n\n<p>Para se defender, segundo\na PM, um dos policiais atirou uma vez contra o homem, que caiu no ch\u00e3o e foi\ncontido. O suspeito foi colocado em uma viatura e levado para o hospital.<\/p>\n\n\n\n<p>Uma arma de fogo, carregadores, muni\u00e7\u00e3o, bin\u00f3culo, celular e maconha foram apreendidos com o suspeito. O homem permaneceu no hospital com escolta policial.<\/p>\n\n\n\n<p class=\"has-text-color has-background has-very-light-gray-color has-very-dark-gray-background-color\">Quer saber as not\u00edcias do <strong>Aconteceu no Vale<\/strong> em primeira m\u00e3o? Siga-nos no Facebook <a rel=\"noreferrer noopener\" href=\"http:\/\/facebook.com\/aconteceunovale\" target=\"_blank\">@aconteceunovale<\/a>, Twitter <a rel=\"noreferrer noopener\" href=\"https:\/\/twitter.com\/noticiadosvales\" target=\"_blank\">@noticiadosvales<\/a> e Instagram <a rel=\"noreferrer noopener\" href=\"https:\/\/www.instagram.com\/aconteceunovale\" target=\"_blank\">@aconteceunovale<\/a>.<\/p>\n","protected":false},"excerpt":{"rendered":"<p>Um homem foi baleado durante uma opera\u00e7\u00e3o da Pol\u00edcia Militar (PM) na Travessa Mariano Benevides, em Coronel Fabriciano (MG), na noite de ter\u00e7a-feira (25\/02\/2020). De acordo com os militares, a a\u00e7\u00e3o tinha como objetivo detectar pontos de tr\u00e1fico de drogas e com\u00e9rcio de armas de fogo. Segundo a PM, os policiais avistaram o suspeito com [&hellip;]<\/p>\n","protected":false},"author":1,"featured_media":151866,"comment_status":"open","ping_status":"closed","sticky":false,"template":"","format":"standard","meta":{"amp_status":"","footnotes":""},"categories":[121],"tags":[131605,217086,217087,1524,217085,217084,107256],"class_list":["post-159187","post","type-post","status-publish","format-standard","has-post-thumbnail","hentry","category-leste","tag-baleado-em-coronel-fabriciano","tag-baleado-pela-pm-em-coronel-fabriciano","tag-baleado-pela-policia-militar-em-coronel-fabriciano","tag-coronel-fabriciano","tag-homem-baleado-em-coronel-fabriciano","tag-homem-e-baleado-apos-ameacar-militares-em-coronel-fabriciano","tag-operacao-em-coronel-fabriciano"],"_links":{"self":[{"href":"https:\/\/aconteceunovale.com.br\/portal\/index.php?rest_route=\/wp\/v2\/posts\/159187","targetHints":{"allow":["GET"]}}],"collection":[{"href":"https:\/\/aconteceunovale.com.br\/portal\/index.php?rest_route=\/wp\/v2\/posts"}],"about":[{"href":"https:\/\/aconteceunovale.com.br\/portal\/index.php?rest_route=\/wp\/v2\/types\/post"}],"author":[{"embeddable":true,"href":"https:\/\/aconteceunovale.com.br\/portal\/index.php?rest_route=\/wp\/v2\/users\/1"}],"replies":[{"embeddable":true,"href":"https:\/\/aconteceunovale.com.br\/portal\/index.php?rest_route=%2Fwp%2Fv2%2Fcomments&post=159187"}],"version-history":[{"count":1,"href":"https:\/\/aconteceunovale.com.br\/portal\/index.php?rest_route=\/wp\/v2\/posts\/159187\/revisions"}],"predecessor-version":[{"id":159188,"href":"https:\/\/aconteceunovale.com.br\/portal\/index.php?rest_route=\/wp\/v2\/posts\/159187\/revisions\/159188"}],"wp:featuredmedia":[{"embeddable":true,"href":"https:\/\/aconteceunovale.com.br\/portal\/index.php?rest_route=\/wp\/v2\/media\/151866"}],"wp:attachment":[{"href":"https:\/\/aconteceunovale.com.br\/portal\/index.php?rest_route=%2Fwp%2Fv2%2Fmedia&parent=159187"}],"wp:term":[{"taxonomy":"category","embeddable":true,"href":"https:\/\/aconteceunovale.com.br\/portal\/index.php?rest_route=%2Fwp%2Fv2%2Fcategories&post=159187"},{"taxonomy":"post_tag","embeddable":true,"href":"https:\/\/aconteceunovale.com.br\/portal\/index.php?rest_route=%2Fwp%2Fv2%2Ftags&post=159187"}],"curies":[{"name":"wp","href":"https:\/\/api.w.org\/{rel}","templated":true}]}}