{"id":159184,"date":"2020-02-26T17:00:04","date_gmt":"2020-02-26T20:00:04","guid":{"rendered":"http:\/\/aconteceunovale.com.br\/portal\/?p=159184"},"modified":"2020-02-26T17:00:32","modified_gmt":"2020-02-26T20:00:32","slug":"trabalhadores-do-norte-de-minas-morrem-eletrocutados-no-espirito-santo","status":"publish","type":"post","link":"https:\/\/aconteceunovale.com.br\/portal\/?p=159184","title":{"rendered":"Trabalhadores do Norte de Minas morrem eletrocutados no Esp\u00edrito Santo"},"content":{"rendered":"\n<p>Dois trabalhadores, de 23 e 25 anos, morreram eletrocutados durante um servi\u00e7o no Centro de Iconha, no Sul do Esp\u00edrito Santo, na manh\u00e3 de ter\u00e7a-feira (25\/02\/2020). De acordo com testemunhas, uma barra de ferro encostou na fia\u00e7\u00e3o.<\/p>\n\n\n\n<p>Os jovens trabalham para\numa empresa de Montes Claros, Norte de Minas Gerais, e faziam um servi\u00e7o de\nsondagem para a montagem de uma ponte que foi arrastada durante uma enchente na\ncidade capixaba.<\/p>\n\n\n\n<p>Eles estavam em cima\nde uma estrutura quando uma barra de ferro encostou na fia\u00e7\u00e3o e levou a descarga\nel\u00e9trica at\u00e9 eles. Os dois morreram na hora.<\/p>\n\n\n\n<p>A per\u00edcia e o Corpo de Bombeiros estiveram no local. Os corpos foram encaminhados para o Servi\u00e7o M\u00e9dico Legal (SML).<\/p>\n\n\n\n<figure class=\"wp-block-gallery columns-1 is-cropped wp-block-gallery-1 is-layout-flex wp-block-gallery-is-layout-flex\"><ul class=\"blocks-gallery-grid\"><li class=\"blocks-gallery-item\"><figure><img loading=\"lazy\" decoding=\"async\" width=\"678\" height=\"381\" src=\"http:\/\/aconteceunovale.com.br\/portal\/wp-content\/uploads\/2020\/02\/iconha_es.jpg\" alt=\"\" data-id=\"159185\" class=\"wp-image-159185\" srcset=\"https:\/\/aconteceunovale.com.br\/portal\/wp-content\/uploads\/2020\/02\/iconha_es.jpg 678w, https:\/\/aconteceunovale.com.br\/portal\/wp-content\/uploads\/2020\/02\/iconha_es-300x169.jpg 300w\" sizes=\"auto, (max-width: 678px) 100vw, 678px\" \/><figcaption class=\"blocks-gallery-item__caption\"><em>   Acidente aconteceu em Iconha \u2013 Foto: Reprodu\u00e7\u00e3o \/ Prefeitura de Iconha  <\/em><\/figcaption><\/figure><\/li><\/ul><\/figure>\n\n\n\n<p class=\"has-text-color has-background has-very-light-gray-color has-very-dark-gray-background-color\">Quer saber as not\u00edcias do <strong>Aconteceu no Vale<\/strong> em primeira m\u00e3o? Siga-nos no Facebook <a rel=\"noreferrer noopener\" href=\"http:\/\/facebook.com\/aconteceunovale\" target=\"_blank\">@aconteceunovale<\/a>, Twitter <a rel=\"noreferrer noopener\" href=\"https:\/\/twitter.com\/noticiadosvales\" target=\"_blank\">@noticiadosvales<\/a> e Instagram <a rel=\"noreferrer noopener\" href=\"https:\/\/www.instagram.com\/aconteceunovale\" target=\"_blank\">@aconteceunovale<\/a>.<\/p>\n","protected":false},"excerpt":{"rendered":"<p>Dois trabalhadores, de 23 e 25 anos, morreram eletrocutados durante um servi\u00e7o no Centro de Iconha, no Sul do Esp\u00edrito Santo, na manh\u00e3 de ter\u00e7a-feira (25\/02\/2020). De acordo com testemunhas, uma barra de ferro encostou na fia\u00e7\u00e3o. Os jovens trabalham para uma empresa de Montes Claros, Norte de Minas Gerais, e faziam um servi\u00e7o de [&hellip;]<\/p>\n","protected":false},"author":1,"featured_media":159185,"comment_status":"open","ping_status":"closed","sticky":false,"template":"","format":"standard","meta":{"amp_status":"","footnotes":""},"categories":[6,1236],"tags":[217079,217077,214893,217080,217083,217082,217078,217081],"class_list":["post-159184","post","type-post","status-publish","format-standard","has-post-thumbnail","hentry","category-br","category-norte_de_minas","tag-acidente-com-rede-eletrica-em-iconha","tag-eletrocutados-em-iconha","tag-iconha","tag-prefeitura-de-iconha","tag-trabalhadores-de-montes-claros-morrem-eletrocutados-no-espirito-santo","tag-trabalhadores-de-montes-claros-morrem-em-iconha","tag-trabalhadores-do-norte-de-minas-morrem-eletrocutados-no-espirito-santo","tag-trabalhadores-do-norte-de-minas-morrem-em-iconha"],"_links":{"self":[{"href":"https:\/\/aconteceunovale.com.br\/portal\/index.php?rest_route=\/wp\/v2\/posts\/159184","targetHints":{"allow":["GET"]}}],"collection":[{"href":"https:\/\/aconteceunovale.com.br\/portal\/index.php?rest_route=\/wp\/v2\/posts"}],"about":[{"href":"https:\/\/aconteceunovale.com.br\/portal\/index.php?rest_route=\/wp\/v2\/types\/post"}],"author":[{"embeddable":true,"href":"https:\/\/aconteceunovale.com.br\/portal\/index.php?rest_route=\/wp\/v2\/users\/1"}],"replies":[{"embeddable":true,"href":"https:\/\/aconteceunovale.com.br\/portal\/index.php?rest_route=%2Fwp%2Fv2%2Fcomments&post=159184"}],"version-history":[{"count":1,"href":"https:\/\/aconteceunovale.com.br\/portal\/index.php?rest_route=\/wp\/v2\/posts\/159184\/revisions"}],"predecessor-version":[{"id":159186,"href":"https:\/\/aconteceunovale.com.br\/portal\/index.php?rest_route=\/wp\/v2\/posts\/159184\/revisions\/159186"}],"wp:featuredmedia":[{"embeddable":true,"href":"https:\/\/aconteceunovale.com.br\/portal\/index.php?rest_route=\/wp\/v2\/media\/159185"}],"wp:attachment":[{"href":"https:\/\/aconteceunovale.com.br\/portal\/index.php?rest_route=%2Fwp%2Fv2%2Fmedia&parent=159184"}],"wp:term":[{"taxonomy":"category","embeddable":true,"href":"https:\/\/aconteceunovale.com.br\/portal\/index.php?rest_route=%2Fwp%2Fv2%2Fcategories&post=159184"},{"taxonomy":"post_tag","embeddable":true,"href":"https:\/\/aconteceunovale.com.br\/portal\/index.php?rest_route=%2Fwp%2Fv2%2Ftags&post=159184"}],"curies":[{"name":"wp","href":"https:\/\/api.w.org\/{rel}","templated":true}]}}