{"id":159181,"date":"2020-02-26T16:49:37","date_gmt":"2020-02-26T19:49:37","guid":{"rendered":"http:\/\/aconteceunovale.com.br\/portal\/?p=159181"},"modified":"2020-02-26T16:49:54","modified_gmt":"2020-02-26T19:49:54","slug":"criminosos-furtam-43-animais-no-municipio-de-natalandia","status":"publish","type":"post","link":"https:\/\/aconteceunovale.com.br\/portal\/?p=159181","title":{"rendered":"Criminosos furtam 43 animais no munic\u00edpio de Natal\u00e2ndia"},"content":{"rendered":"\n<p>A pol\u00edcia procura pelos envolvidos no furto de 43 cabe\u00e7as de\ngado que estavam em uma fazenda no munic\u00edpio de Natal\u00e2ndia, na regi\u00e3o Noroeste\nde Minas Gerais.<\/p>\n\n\n\n<p>O dono dos animais disse\n\u00e0 Pol\u00edcia Militar que saiu da propriedade na segunda-feira (24\/02\/2020). Antes\nde seguir para Una\u00ed (MG), ele conferiu o rebanho, que foi deixado no piquete.\nAo retornar, notou que 42 novilhas e um touro haviam sido levados. Os bovinos\ns\u00e3o da ra\u00e7a nelore e t\u00eam entre dois e tr\u00eas anos.<\/p>\n\n\n\n<p>O propriet\u00e1rio ainda\ndisse para a PM que o cadeado da porteira estava trancado, mas tinha marcas de\narrombamento. Ele ainda notou que havia marcas de caminh\u00e3o nas proximidades.<\/p>\n\n\n\n<p>O rebanho tem as letras \u201cJ\u201d e \u201cJR\u201d, al\u00e9m do desenho de uma \u00e2ncora. Quem tiver informa\u00e7\u00f5es deve entrar em contato com a Pol\u00edcia Militar.<\/p>\n\n\n\n<figure class=\"wp-block-gallery columns-1 is-cropped wp-block-gallery-1 is-layout-flex wp-block-gallery-is-layout-flex\"><ul class=\"blocks-gallery-grid\"><li class=\"blocks-gallery-item\"><figure><img loading=\"lazy\" decoding=\"async\" width=\"678\" height=\"381\" src=\"http:\/\/aconteceunovale.com.br\/portal\/wp-content\/uploads\/2020\/02\/furto_natalandia.jpeg\" alt=\"\" data-id=\"159182\" class=\"wp-image-159182\" srcset=\"https:\/\/aconteceunovale.com.br\/portal\/wp-content\/uploads\/2020\/02\/furto_natalandia.jpeg 678w, https:\/\/aconteceunovale.com.br\/portal\/wp-content\/uploads\/2020\/02\/furto_natalandia-300x169.jpeg 300w\" sizes=\"auto, (max-width: 678px) 100vw, 678px\" \/><figcaption class=\"blocks-gallery-item__caption\"><em> Foto: Pol\u00edcia Militar \/ Divulga\u00e7\u00e3o <\/em><\/figcaption><\/figure><\/li><\/ul><\/figure>\n\n\n\n<p class=\"has-text-color has-background has-very-light-gray-color has-very-dark-gray-background-color\">Quer saber as not\u00edcias do <strong>Aconteceu no Vale<\/strong> em primeira m\u00e3o? Siga-nos no Facebook <a rel=\"noreferrer noopener\" href=\"http:\/\/facebook.com\/aconteceunovale\" target=\"_blank\">@aconteceunovale<\/a>, Twitter <a rel=\"noreferrer noopener\" href=\"https:\/\/twitter.com\/noticiadosvales\" target=\"_blank\">@noticiadosvales<\/a> e Instagram <a rel=\"noreferrer noopener\" href=\"https:\/\/www.instagram.com\/aconteceunovale\" target=\"_blank\">@aconteceunovale<\/a>.<\/p>\n","protected":false},"excerpt":{"rendered":"<p>A pol\u00edcia procura pelos envolvidos no furto de 43 cabe\u00e7as de gado que estavam em uma fazenda no munic\u00edpio de Natal\u00e2ndia, na regi\u00e3o Noroeste de Minas Gerais. O dono dos animais disse \u00e0 Pol\u00edcia Militar que saiu da propriedade na segunda-feira (24\/02\/2020). Antes de seguir para Una\u00ed (MG), ele conferiu o rebanho, que foi deixado [&hellip;]<\/p>\n","protected":false},"author":1,"featured_media":159182,"comment_status":"open","ping_status":"closed","sticky":false,"template":"","format":"standard","meta":{"amp_status":"","footnotes":""},"categories":[123],"tags":[217070,217076,217074,217071,217072,217075,57159,217073,222],"class_list":["post-159181","post","type-post","status-publish","format-standard","has-post-thumbnail","hentry","category-gerais","tag-criminosos-furtam-43-animais-em-fazenda-no-municipio-de-natalandia","tag-criminosos-furtam-43-animais-no-municipio-de-natalandia","tag-furto-de-gado-em-natalandia","tag-furto-em-natalandia","tag-gado-furtado-em-natalandia","tag-gado-roubado-em-natalandia","tag-natalandia","tag-roubo-de-gado-em-natalandia","tag-unai"],"_links":{"self":[{"href":"https:\/\/aconteceunovale.com.br\/portal\/index.php?rest_route=\/wp\/v2\/posts\/159181","targetHints":{"allow":["GET"]}}],"collection":[{"href":"https:\/\/aconteceunovale.com.br\/portal\/index.php?rest_route=\/wp\/v2\/posts"}],"about":[{"href":"https:\/\/aconteceunovale.com.br\/portal\/index.php?rest_route=\/wp\/v2\/types\/post"}],"author":[{"embeddable":true,"href":"https:\/\/aconteceunovale.com.br\/portal\/index.php?rest_route=\/wp\/v2\/users\/1"}],"replies":[{"embeddable":true,"href":"https:\/\/aconteceunovale.com.br\/portal\/index.php?rest_route=%2Fwp%2Fv2%2Fcomments&post=159181"}],"version-history":[{"count":1,"href":"https:\/\/aconteceunovale.com.br\/portal\/index.php?rest_route=\/wp\/v2\/posts\/159181\/revisions"}],"predecessor-version":[{"id":159183,"href":"https:\/\/aconteceunovale.com.br\/portal\/index.php?rest_route=\/wp\/v2\/posts\/159181\/revisions\/159183"}],"wp:featuredmedia":[{"embeddable":true,"href":"https:\/\/aconteceunovale.com.br\/portal\/index.php?rest_route=\/wp\/v2\/media\/159182"}],"wp:attachment":[{"href":"https:\/\/aconteceunovale.com.br\/portal\/index.php?rest_route=%2Fwp%2Fv2%2Fmedia&parent=159181"}],"wp:term":[{"taxonomy":"category","embeddable":true,"href":"https:\/\/aconteceunovale.com.br\/portal\/index.php?rest_route=%2Fwp%2Fv2%2Fcategories&post=159181"},{"taxonomy":"post_tag","embeddable":true,"href":"https:\/\/aconteceunovale.com.br\/portal\/index.php?rest_route=%2Fwp%2Fv2%2Ftags&post=159181"}],"curies":[{"name":"wp","href":"https:\/\/api.w.org\/{rel}","templated":true}]}}