{"id":159178,"date":"2020-02-26T16:39:59","date_gmt":"2020-02-26T19:39:59","guid":{"rendered":"http:\/\/aconteceunovale.com.br\/portal\/?p=159178"},"modified":"2020-02-26T18:09:37","modified_gmt":"2020-02-26T21:09:37","slug":"pai-e-filha-sao-detidos-por-trafico-em-francisco-sa-no-norte-de-minas","status":"publish","type":"post","link":"https:\/\/aconteceunovale.com.br\/portal\/?p=159178","title":{"rendered":"Pai e filha s\u00e3o detidos por tr\u00e1fico em Francisco S\u00e1, no Norte de Minas"},"content":{"rendered":"\n<p>Um homem de 40 anos e a filha, de 15, foram detidos por tr\u00e1fico de drogas em Francisco S\u00e1, no Norte de Minas, nesta quarta-feira (26\/02\/2020). A ocorr\u00eancia foi registrada no Bairro Alfredo Dias e a pol\u00edcia apreendeu por\u00e7\u00f5es de crack e cerca de R$ 16 mil.<\/p>\n\n\n\n<p>A PM chegou ao local\nap\u00f3s uma den\u00fancia an\u00f4nima e flagrou o momento que o homem entregava algo para\npessoas que chegavam na resid\u00eancia e sa\u00edam rapidamente.<\/p>\n\n\n\n<p>Segundo a PM, um jovem\nde 18 anos estava no im\u00f3vel e fugiu ao perceber a presen\u00e7a dos militares.<\/p>\n\n\n\n<p>Durante as buscas,\nconforme a PM, foram apreendidos um saco pl\u00e1stico com oito cartuchos intactos cal.38,\nmateriais usados para embalar drogas, uma por\u00e7\u00e3o de crack e uma espingarda. A\nadolescente estava com 15 pedras de crack no bolso da bermuda e confessou que a\ndroga pertencia ao pai.<\/p>\n\n\n\n<p>Ainda de acordo com a\nPM, a quantia de R$ 15.990,00 foi encontrada durante as buscas em uma casa\nvizinha, que estava aberta.<\/p>\n\n\n\n<p>Os dois infratores e o material apreendido foram levados para a Delegacia de Pol\u00edcia Civil.<\/p>\n\n\n\n<figure class=\"wp-block-gallery columns-1 is-cropped wp-block-gallery-1 is-layout-flex wp-block-gallery-is-layout-flex\"><ul class=\"blocks-gallery-grid\"><li class=\"blocks-gallery-item\"><figure><img loading=\"lazy\" decoding=\"async\" width=\"651\" height=\"450\" src=\"http:\/\/aconteceunovale.com.br\/portal\/wp-content\/uploads\/2020\/02\/trafico_fs.jpeg\" alt=\"\" data-id=\"159179\" class=\"wp-image-159179\" srcset=\"https:\/\/aconteceunovale.com.br\/portal\/wp-content\/uploads\/2020\/02\/trafico_fs.jpeg 651w, https:\/\/aconteceunovale.com.br\/portal\/wp-content\/uploads\/2020\/02\/trafico_fs-300x207.jpeg 300w, https:\/\/aconteceunovale.com.br\/portal\/wp-content\/uploads\/2020\/02\/trafico_fs-100x70.jpeg 100w, https:\/\/aconteceunovale.com.br\/portal\/wp-content\/uploads\/2020\/02\/trafico_fs-218x150.jpeg 218w, https:\/\/aconteceunovale.com.br\/portal\/wp-content\/uploads\/2020\/02\/trafico_fs-608x420.jpeg 608w\" sizes=\"auto, (max-width: 651px) 100vw, 651px\" \/><figcaption class=\"blocks-gallery-item__caption\"><em> Foto: Pol\u00edcia Militar \/ Divulga\u00e7\u00e3o <\/em><\/figcaption><\/figure><\/li><\/ul><\/figure>\n\n\n\n<p class=\"has-text-color has-background has-very-light-gray-color has-very-dark-gray-background-color\">Quer saber as not\u00edcias do <strong>Aconteceu no Vale<\/strong> em primeira m\u00e3o? Siga-nos no Facebook <a rel=\"noreferrer noopener\" href=\"http:\/\/facebook.com\/aconteceunovale\" target=\"_blank\">@aconteceunovale<\/a>, Twitter <a rel=\"noreferrer noopener\" href=\"https:\/\/twitter.com\/noticiadosvales\" target=\"_blank\">@noticiadosvales<\/a> e Instagram <a rel=\"noreferrer noopener\" href=\"https:\/\/www.instagram.com\/aconteceunovale\" target=\"_blank\">@aconteceunovale<\/a>.<\/p>\n","protected":false},"excerpt":{"rendered":"<p>Um homem de 40 anos e a filha, de 15, foram detidos por tr\u00e1fico de drogas em Francisco S\u00e1, no Norte de Minas, nesta quarta-feira (26\/02\/2020). A ocorr\u00eancia foi registrada no Bairro Alfredo Dias e a pol\u00edcia apreendeu por\u00e7\u00f5es de crack e cerca de R$ 16 mil. A PM chegou ao local ap\u00f3s uma den\u00fancia [&hellip;]<\/p>\n","protected":false},"author":1,"featured_media":159179,"comment_status":"open","ping_status":"closed","sticky":false,"template":"","format":"standard","meta":{"amp_status":"","footnotes":""},"categories":[1236],"tags":[217068,217069,1395,217064,217066,217067,75231,217065],"class_list":["post-159178","post","type-post","status-publish","format-standard","has-post-thumbnail","hentry","category-norte_de_minas","tag-apreensao-de-drogas-em-francisco-sa","tag-drogas-apreendidas-em-francisco-sa","tag-francisco-sa","tag-pai-e-filha-sao-detidos-por-trafico-em-francisco-sa","tag-presos-por-trafico-em-francisco-sa","tag-traficantes-presos-em-francisco-sa","tag-trafico-de-drogas-em-francisco-sa","tag-trafico-em-francisco-sa"],"_links":{"self":[{"href":"https:\/\/aconteceunovale.com.br\/portal\/index.php?rest_route=\/wp\/v2\/posts\/159178","targetHints":{"allow":["GET"]}}],"collection":[{"href":"https:\/\/aconteceunovale.com.br\/portal\/index.php?rest_route=\/wp\/v2\/posts"}],"about":[{"href":"https:\/\/aconteceunovale.com.br\/portal\/index.php?rest_route=\/wp\/v2\/types\/post"}],"author":[{"embeddable":true,"href":"https:\/\/aconteceunovale.com.br\/portal\/index.php?rest_route=\/wp\/v2\/users\/1"}],"replies":[{"embeddable":true,"href":"https:\/\/aconteceunovale.com.br\/portal\/index.php?rest_route=%2Fwp%2Fv2%2Fcomments&post=159178"}],"version-history":[{"count":2,"href":"https:\/\/aconteceunovale.com.br\/portal\/index.php?rest_route=\/wp\/v2\/posts\/159178\/revisions"}],"predecessor-version":[{"id":159195,"href":"https:\/\/aconteceunovale.com.br\/portal\/index.php?rest_route=\/wp\/v2\/posts\/159178\/revisions\/159195"}],"wp:featuredmedia":[{"embeddable":true,"href":"https:\/\/aconteceunovale.com.br\/portal\/index.php?rest_route=\/wp\/v2\/media\/159179"}],"wp:attachment":[{"href":"https:\/\/aconteceunovale.com.br\/portal\/index.php?rest_route=%2Fwp%2Fv2%2Fmedia&parent=159178"}],"wp:term":[{"taxonomy":"category","embeddable":true,"href":"https:\/\/aconteceunovale.com.br\/portal\/index.php?rest_route=%2Fwp%2Fv2%2Fcategories&post=159178"},{"taxonomy":"post_tag","embeddable":true,"href":"https:\/\/aconteceunovale.com.br\/portal\/index.php?rest_route=%2Fwp%2Fv2%2Ftags&post=159178"}],"curies":[{"name":"wp","href":"https:\/\/api.w.org\/{rel}","templated":true}]}}