{"id":159176,"date":"2020-02-26T16:27:02","date_gmt":"2020-02-26T19:27:02","guid":{"rendered":"http:\/\/aconteceunovale.com.br\/portal\/?p=159176"},"modified":"2020-02-26T16:28:11","modified_gmt":"2020-02-26T19:28:11","slug":"nao-existem-casos-de-sarampo-confirmados-em-montes-claros-diz-prefeitura","status":"publish","type":"post","link":"https:\/\/aconteceunovale.com.br\/portal\/?p=159176","title":{"rendered":"N\u00e3o existem casos de sarampo confirmados em Montes Claros, diz prefeitura"},"content":{"rendered":"\n<p>A Prefeitura de Montes Claros, no Norte de Minas, alerta para uma not\u00edcia falsa que vem circulando nos grupos de WhatsApp da cidade, dando conta de que foi confirmado um caso de sarampo no munic\u00edpio. A Secretaria Municipal de Sa\u00fade desmente a informa\u00e7\u00e3o e recomenda que ela seja ignorada, para evitar o p\u00e2nico e a inseguran\u00e7a.<\/p>\n\n\n\n<p>A Prefeitura est\u00e1 realizando, at\u00e9 o dia 13 de mar\u00e7o, nas&nbsp;19\nsalas de vacina\u00e7\u00e3o do munic\u00edpio, a Campanha de Imuniza\u00e7\u00e3o contra o Sarampo. A\na\u00e7\u00e3o tem como p\u00fablico alvo crian\u00e7as e adolescentes, com idades entre 5 e 19\nanos. No total, 24 mil doses foram enviadas para o sistema municipal de sa\u00fade\ndesde o in\u00edcio da campanha, que come\u00e7ou no dia 10 de fevereiro.<\/p>\n\n\n\n<p>Crian\u00e7as e adolescentes devem tomar duas doses da vacina, lembrando que esta \u00e9 contraindicada para gestantes e pessoas al\u00e9rgicas \u00e0 prote\u00edna do leite.<\/p>\n\n\n\n<figure class=\"wp-block-gallery columns-1 is-cropped wp-block-gallery-1 is-layout-flex wp-block-gallery-is-layout-flex\"><ul class=\"blocks-gallery-grid\"><li class=\"blocks-gallery-item\"><figure><img decoding=\"async\" src=\"http:\/\/aconteceu.info\/pub\/sarampo_moc.jpeg\" alt=\"\"\/><figcaption class=\"blocks-gallery-item__caption\"><em>N\u00e3o existem casos de sarampo confirmados em Montes Claros, diz prefeitura<\/em><\/figcaption><\/figure><\/li><\/ul><\/figure>\n\n\n\n<p class=\"has-text-color has-background has-very-light-gray-color has-very-dark-gray-background-color\">Quer saber as not\u00edcias do <strong>Aconteceu no Vale<\/strong> em primeira m\u00e3o? Siga-nos no Facebook <a rel=\"noreferrer noopener\" href=\"http:\/\/facebook.com\/aconteceunovale\" target=\"_blank\">@aconteceunovale<\/a>, Twitter <a rel=\"noreferrer noopener\" href=\"https:\/\/twitter.com\/noticiadosvales\" target=\"_blank\">@noticiadosvales<\/a> e Instagram <a rel=\"noreferrer noopener\" href=\"https:\/\/www.instagram.com\/aconteceunovale\" target=\"_blank\">@aconteceunovale<\/a>.<\/p>\n","protected":false},"excerpt":{"rendered":"<p>A Prefeitura de Montes Claros, no Norte de Minas, alerta para uma not\u00edcia falsa que vem circulando nos grupos de WhatsApp da cidade, dando conta de que foi confirmado um caso de sarampo no munic\u00edpio. A Secretaria Municipal de Sa\u00fade desmente a informa\u00e7\u00e3o e recomenda que ela seja ignorada, para evitar o p\u00e2nico e a [&hellip;]<\/p>\n","protected":false},"author":1,"featured_media":142617,"comment_status":"open","ping_status":"closed","sticky":false,"template":"","format":"standard","meta":{"amp_status":"","footnotes":""},"categories":[1236,40242],"tags":[217063,217059,210,217061,30996,217062,217060],"class_list":["post-159176","post","type-post","status-publish","format-standard","has-post-thumbnail","hentry","category-norte_de_minas","category-saude-2","tag-caso-de-sarampo-em-montes-claros","tag-imunizacao-contra-sarampo-em-montes-claros","tag-montes-claros","tag-nao-existem-casos-de-sarampo-confirmados-em-montes-claros","tag-prefeitura-de-montes-claros","tag-sarampo-em-montes-claros","tag-vacinacao-contra-sarampo-em-montes-claros"],"_links":{"self":[{"href":"https:\/\/aconteceunovale.com.br\/portal\/index.php?rest_route=\/wp\/v2\/posts\/159176","targetHints":{"allow":["GET"]}}],"collection":[{"href":"https:\/\/aconteceunovale.com.br\/portal\/index.php?rest_route=\/wp\/v2\/posts"}],"about":[{"href":"https:\/\/aconteceunovale.com.br\/portal\/index.php?rest_route=\/wp\/v2\/types\/post"}],"author":[{"embeddable":true,"href":"https:\/\/aconteceunovale.com.br\/portal\/index.php?rest_route=\/wp\/v2\/users\/1"}],"replies":[{"embeddable":true,"href":"https:\/\/aconteceunovale.com.br\/portal\/index.php?rest_route=%2Fwp%2Fv2%2Fcomments&post=159176"}],"version-history":[{"count":1,"href":"https:\/\/aconteceunovale.com.br\/portal\/index.php?rest_route=\/wp\/v2\/posts\/159176\/revisions"}],"predecessor-version":[{"id":159177,"href":"https:\/\/aconteceunovale.com.br\/portal\/index.php?rest_route=\/wp\/v2\/posts\/159176\/revisions\/159177"}],"wp:featuredmedia":[{"embeddable":true,"href":"https:\/\/aconteceunovale.com.br\/portal\/index.php?rest_route=\/wp\/v2\/media\/142617"}],"wp:attachment":[{"href":"https:\/\/aconteceunovale.com.br\/portal\/index.php?rest_route=%2Fwp%2Fv2%2Fmedia&parent=159176"}],"wp:term":[{"taxonomy":"category","embeddable":true,"href":"https:\/\/aconteceunovale.com.br\/portal\/index.php?rest_route=%2Fwp%2Fv2%2Fcategories&post=159176"},{"taxonomy":"post_tag","embeddable":true,"href":"https:\/\/aconteceunovale.com.br\/portal\/index.php?rest_route=%2Fwp%2Fv2%2Ftags&post=159176"}],"curies":[{"name":"wp","href":"https:\/\/api.w.org\/{rel}","templated":true}]}}