{"id":159172,"date":"2020-02-26T16:09:55","date_gmt":"2020-02-26T19:09:55","guid":{"rendered":"http:\/\/aconteceunovale.com.br\/portal\/?p=159172"},"modified":"2020-02-26T16:10:40","modified_gmt":"2020-02-26T19:10:40","slug":"policia-recaptura-fugitivos-do-presidio-de-guanhaes","status":"publish","type":"post","link":"https:\/\/aconteceunovale.com.br\/portal\/?p=159172","title":{"rendered":"Pol\u00edcia recaptura fugitivos do pres\u00eddio de Guanh\u00e3es"},"content":{"rendered":"\n<p>Seis detentos fugiram do pres\u00eddio de Guanh\u00e3es, no Leste de\nMinas, durante um banho de sol na manh\u00e3 de ter\u00e7a-feira (25\/02\/2020). De acordo\ncom a Pol\u00edcia Militar, eles respondem por crimes de homic\u00eddio e tr\u00e1fico de\ndrogas. Quatro deles j\u00e1 foram recapturados.<\/p>\n\n\n\n<p>De acordo com a nota\ndivulgada \u00e0 imprensa, o fato ocorreu por volta das 10h e os presos fugiram\natrav\u00e9s de uma mata que fica nas proximidades do pres\u00eddio.<\/p>\n\n\n\n<p>A PM montou opera\u00e7\u00e3o para recaptur\u00e1-los com o apoio de agentes penitenci\u00e1rios e do helic\u00f3ptero P\u00e9gasus, localizando e prendendo novamente quatro dos fugitivos. As buscas pelos dois foragidos continuam.<\/p>\n\n\n\n<figure class=\"wp-block-gallery columns-1 is-cropped wp-block-gallery-1 is-layout-flex wp-block-gallery-is-layout-flex\"><ul class=\"blocks-gallery-grid\"><li class=\"blocks-gallery-item\"><figure><img loading=\"lazy\" decoding=\"async\" width=\"660\" height=\"450\" src=\"http:\/\/aconteceunovale.com.br\/portal\/wp-content\/uploads\/2020\/02\/fuga_guanhaes.jpg\" alt=\"\" data-id=\"159173\" class=\"wp-image-159173\" srcset=\"https:\/\/aconteceunovale.com.br\/portal\/wp-content\/uploads\/2020\/02\/fuga_guanhaes.jpg 660w, https:\/\/aconteceunovale.com.br\/portal\/wp-content\/uploads\/2020\/02\/fuga_guanhaes-300x205.jpg 300w, https:\/\/aconteceunovale.com.br\/portal\/wp-content\/uploads\/2020\/02\/fuga_guanhaes-218x150.jpg 218w, https:\/\/aconteceunovale.com.br\/portal\/wp-content\/uploads\/2020\/02\/fuga_guanhaes-616x420.jpg 616w\" sizes=\"auto, (max-width: 660px) 100vw, 660px\" \/><figcaption class=\"blocks-gallery-item__caption\"><em>Foto: Reprodu\u00e7\u00e3o \/ WhatsApp<\/em><\/figcaption><\/figure><\/li><\/ul><\/figure>\n\n\n\n<h2 class=\"wp-block-heading\"><strong>Menor\napreendido<\/strong><\/h2>\n\n\n\n<p>Durante a opera\u00e7\u00e3o em busca\ndos fugitivos, um adolescente em uma motocicleta furou uma abordagem policial,\niniciando-se uma persegui\u00e7\u00e3o pelos bairros da cidade. Ap\u00f3s desobedecer a v\u00e1rias\nordens de parada, o autor avan\u00e7ou a moto contra um dos militares, que efetuou\num tiro com a inten\u00e7\u00e3o de se defender.<\/p>\n\n\n\n<p>Ap\u00f3s o fato, o menor\ncaiu da moto e foi detido pelos policiais. Ele foi socorrido ao hospital de\nGuanh\u00e3es, mas, com a gravidade dos ferimentos, foi encaminhado ao Hospital Jo\u00e3o\nXVIII em Belo Horizonte.<\/p>\n\n\n\n<p>Para a PM, o infrator informou que fugiu porque n\u00e3o tinha habilita\u00e7\u00e3o e n\u00e3o queria ter o ve\u00edculo apreendido. A motocicleta foi removida ao p\u00e1tio credenciado do Detran.<\/p>\n\n\n\n<p class=\"has-text-color has-background has-very-light-gray-color has-very-dark-gray-background-color\">Quer saber as not\u00edcias do <strong>Aconteceu no Vale<\/strong> em primeira m\u00e3o? Siga-nos no Facebook <a rel=\"noreferrer noopener\" href=\"http:\/\/facebook.com\/aconteceunovale\" target=\"_blank\">@aconteceunovale<\/a>, Twitter <a rel=\"noreferrer noopener\" href=\"https:\/\/twitter.com\/noticiadosvales\" target=\"_blank\">@noticiadosvales<\/a> e Instagram <a rel=\"noreferrer noopener\" href=\"https:\/\/www.instagram.com\/aconteceunovale\" target=\"_blank\">@aconteceunovale<\/a>.<\/p>\n","protected":false},"excerpt":{"rendered":"<p>Seis detentos fugiram do pres\u00eddio de Guanh\u00e3es, no Leste de Minas, durante um banho de sol na manh\u00e3 de ter\u00e7a-feira (25\/02\/2020). De acordo com a Pol\u00edcia Militar, eles respondem por crimes de homic\u00eddio e tr\u00e1fico de drogas. Quatro deles j\u00e1 foram recapturados. De acordo com a nota divulgada \u00e0 imprensa, o fato ocorreu por volta [&hellip;]<\/p>\n","protected":false},"author":1,"featured_media":159173,"comment_status":"open","ping_status":"closed","sticky":false,"template":"","format":"standard","meta":{"amp_status":"","footnotes":""},"categories":[121],"tags":[217058,217057,217055,217053,155,217054,217056],"class_list":["post-159172","post","type-post","status-publish","format-standard","has-post-thumbnail","hentry","category-leste","tag-detentos-fogem-em-guanhaes","tag-fuga-da-cadeia-de-guanhaes","tag-fuga-do-presidio-de-guanhaes","tag-fuga-guanhaes","tag-guanhaes","tag-policia-recaptura-fugitivos-do-presidio-de-guanhaes","tag-presos-fogem-em-guanhaes"],"_links":{"self":[{"href":"https:\/\/aconteceunovale.com.br\/portal\/index.php?rest_route=\/wp\/v2\/posts\/159172","targetHints":{"allow":["GET"]}}],"collection":[{"href":"https:\/\/aconteceunovale.com.br\/portal\/index.php?rest_route=\/wp\/v2\/posts"}],"about":[{"href":"https:\/\/aconteceunovale.com.br\/portal\/index.php?rest_route=\/wp\/v2\/types\/post"}],"author":[{"embeddable":true,"href":"https:\/\/aconteceunovale.com.br\/portal\/index.php?rest_route=\/wp\/v2\/users\/1"}],"replies":[{"embeddable":true,"href":"https:\/\/aconteceunovale.com.br\/portal\/index.php?rest_route=%2Fwp%2Fv2%2Fcomments&post=159172"}],"version-history":[{"count":1,"href":"https:\/\/aconteceunovale.com.br\/portal\/index.php?rest_route=\/wp\/v2\/posts\/159172\/revisions"}],"predecessor-version":[{"id":159174,"href":"https:\/\/aconteceunovale.com.br\/portal\/index.php?rest_route=\/wp\/v2\/posts\/159172\/revisions\/159174"}],"wp:featuredmedia":[{"embeddable":true,"href":"https:\/\/aconteceunovale.com.br\/portal\/index.php?rest_route=\/wp\/v2\/media\/159173"}],"wp:attachment":[{"href":"https:\/\/aconteceunovale.com.br\/portal\/index.php?rest_route=%2Fwp%2Fv2%2Fmedia&parent=159172"}],"wp:term":[{"taxonomy":"category","embeddable":true,"href":"https:\/\/aconteceunovale.com.br\/portal\/index.php?rest_route=%2Fwp%2Fv2%2Fcategories&post=159172"},{"taxonomy":"post_tag","embeddable":true,"href":"https:\/\/aconteceunovale.com.br\/portal\/index.php?rest_route=%2Fwp%2Fv2%2Ftags&post=159172"}],"curies":[{"name":"wp","href":"https:\/\/api.w.org\/{rel}","templated":true}]}}