{"id":159157,"date":"2020-02-26T15:18:11","date_gmt":"2020-02-26T18:18:11","guid":{"rendered":"http:\/\/aconteceunovale.com.br\/portal\/?p=159157"},"modified":"2020-02-26T18:35:49","modified_gmt":"2020-02-26T21:35:49","slug":"brasil-confirma-primeiro-caso-de-coronavirus","status":"publish","type":"post","link":"https:\/\/aconteceunovale.com.br\/portal\/?p=159157","title":{"rendered":"Brasil confirma primeiro caso de coronav\u00edrus"},"content":{"rendered":"\n<p>O Brasil confirmou, nesta quarta-feira (26\/02\/2020), o primeiro caso do novo coronav\u00edrus (Covid-19) no Pa\u00eds. Um homem de 61 anos deu entrada no Hospital Israelita Albert Einstein, ontem, em S\u00e3o Paulo, com hist\u00f3rico de viagem para It\u00e1lia, regi\u00e3o da Lombardia. O Minist\u00e9rio da Sa\u00fade, em conjunto com as secretarias de sa\u00fade estadual e municipal de S\u00e3o Paulo, investigava o caso desde ent\u00e3o. Os \u00f3rg\u00e3os est\u00e3o realizando a identifica\u00e7\u00e3o dos contatos no domic\u00edlio, hospital e voo, com apoio da Ag\u00eancia Nacional de Vigil\u00e2ncia Sanit\u00e1ria (Anvisa), junto \u00e0 companhia a\u00e9rea.<\/p>\n\n\n\n<p>Ao confirmar o primeiro caso no Pa\u00eds, o ministro da Sa\u00fade, Luiz Henrique Mandetta, refor\u00e7ou que j\u00e1 era esperada a circula\u00e7\u00e3o do v\u00edrus. Contudo, diferente dos demais pa\u00edses com transmiss\u00e3o, o Brasil ainda n\u00e3o est\u00e1 no inverno, per\u00edodo em que h\u00e1 maior risco de cont\u00e1gio. \u201c\u00c9 mais um tipo de gripe que a humanidade vai ter que atravessar. Das gripes hist\u00f3ricas com letalidade maior, o coronav\u00edrus se comporta \u00e0 menor e tem transmissibilidade similar a determinada gripes que a humanidade j\u00e1 superou\u201d, afirmou.<\/p>\n\n\n\n<p>\u201cNosso sistema j\u00e1 passou por epidemias respirat\u00f3rias graves. Iremos atravessar mais esta, analisando com os pesquisadores e epidemiologistas brasileiros, qual \u00e9 o comportamento desse v\u00edrus em um pa\u00eds tropical\u201d, destacou o ministro.<\/p>\n\n\n\n<p>Mandetta garantiu que a popula\u00e7\u00e3o brasileira ter\u00e1 todas as informa\u00e7\u00f5es necess\u00e1rias para que sejam tomadas todas as precau\u00e7\u00f5es e cuidados. \u201cS\u00e3o cuidados com a higiene e etiqueta respirat\u00f3ria, como lavar as m\u00e3os e o rosto com \u00e1gua e sab\u00e3o. Este \u00e9 um h\u00e1bito importante e higi\u00eanico para evitar n\u00e3o s\u00f3 doen\u00e7as respirat\u00f3rias como outras doen\u00e7as de circuito oral\u201d, detalhou.<\/p>\n\n\n\n<p>Ainda segundo o ministro, agora as autoridades de sa\u00fade acompanham o comportamento do v\u00edrus no hemisf\u00e9rio sul, qual o grau de transmissibilidade e letalidade. \u201cGostaria de parabenizar o sistema de vigil\u00e2ncia, os laborat\u00f3rios, o Instituto Adolfo Lutz, pela agilidade para realizar os exames e a contra-prova. Vamos sair mais forte do que entramos e com mais capacidade de reagir a essas situa\u00e7\u00f5es\u201d, garantiu Mandetta.<\/p>\n\n\n\n<p>Todas as a\u00e7\u00f5es e medidas seguidas est\u00e3o de acordo com os protocolos do Minist\u00e9rio da Sa\u00fade e da Organiza\u00e7\u00e3o Mundial da Sa\u00fade (OMS) e, diariamente, atualiza\u00e7\u00f5es s\u00e3o informadas em coletivas e boletins epidemiol\u00f3gicos.<\/p>\n\n\n\n<h3 class=\"wp-block-heading\">Amplia\u00e7\u00e3o de crit\u00e9rios<\/h3>\n\n\n\n<p>Na \u00faltima segunda-feira (24), o Minist\u00e9rio da Sa\u00fade ampliou os crit\u00e9rios para defini\u00e7\u00e3o de caso suspeito para o novo coronav\u00edrus. A partir de agora, ser\u00e3o enquadradas dentro desta defini\u00e7\u00e3o as pessoas que apresentarem febre e mais um sintoma gripal, como tosse ou falta de ar, e vierem da Alemanha, Austr\u00e1lia, Emirados \u00c1rabes, Filipinas, Fran\u00e7a, Ir\u00e3, It\u00e1lia e Mal\u00e1sia. J\u00e1 faziam parte da lista o Jap\u00e3o, Singapura, Coreia do Sul, Coreia do Norte, Tail\u00e2ndia, Vietn\u00e3 e Camboja, al\u00e9m da China.<\/p>\n\n\n\n<p>A decis\u00e3o da pasta de aumentar o n\u00edvel de seguran\u00e7a e sensibilidade da vigil\u00e2ncia surgiu da preocupa\u00e7\u00e3o que esses pa\u00edses t\u00eam gerado em decorr\u00eancia da grande quantidade de casos do novo coronav\u00edrus nos \u00faltimos dias. De acordo com a Organiza\u00e7\u00e3o Mundial da Sa\u00fade (OMS), esses pa\u00edses t\u00eam pelo menos cinco casos com transmiss\u00e3o interna da doen\u00e7a.<\/p>\n\n\n\n<h3 class=\"wp-block-heading\">Anvisa<\/h3>\n\n\n\n<p>Ap\u00f3s a confirma\u00e7\u00e3o do primeiro caso do novo coronav\u00edrus no Pa\u00eds, a Anvisa tomou as seguintes medidas:<\/p>\n\n\n\n<ul class=\"wp-block-list\"><li>Solicitou \u00e0 companhia a\u00e9rea a lista de passageiros que estavam no mesmo voo do passageiro com resultado positivo para o novo coronav\u00edrus. O documento ser\u00e1 encaminhado ao Centro de Informa\u00e7\u00f5es Estrat\u00e9gicas em Vigil\u00e2ncia em Sa\u00fade (Cievs) para investiga\u00e7\u00e3o de outros passageiros do voo que tiveram contato com o caso.<\/li><li>Aumentou a criticidade no monitoramento dos voos internacionais provenientes de pa\u00edses onde h\u00e1 casos confirmados da doen\u00e7a. A lista foi atualizada na segunda-feira (24) pela Organiza\u00e7\u00e3o Mundial da Sa\u00fade (OMS).<\/li><\/ul>\n\n\n\n<p>Assista a coletiva:<\/p>\n\n\n\n<iframe loading=\"lazy\" src=\"https:\/\/www.facebook.com\/plugins\/video.php?href=https%3A%2F%2Fwww.facebook.com%2Fagenciabrasil.ebc%2Fvideos%2F581971835731841%2F&#038;show_text=0&#038;width=560\" width=\"560\" height=\"315\" style=\"border:none;overflow:hidden\" scrolling=\"no\" frameborder=\"0\" allowTransparency=\"true\" allowFullScreen=\"true\"><\/iframe>\n\n\n\n<p class=\"has-text-color has-background has-very-light-gray-color has-very-dark-gray-background-color\">Quer saber as not\u00edcias do <strong>Aconteceu no Vale<\/strong> em primeira m\u00e3o? Siga-nos no Facebook <a rel=\"noreferrer noopener\" href=\"http:\/\/facebook.com\/aconteceunovale\" target=\"_blank\">@aconteceunovale<\/a>, Twitter <a rel=\"noreferrer noopener\" href=\"https:\/\/twitter.com\/noticiadosvales\" target=\"_blank\">@noticiadosvales<\/a> e Instagram <a rel=\"noreferrer noopener\" href=\"https:\/\/www.instagram.com\/aconteceunovale\" target=\"_blank\">@aconteceunovale<\/a>.<\/p>\n","protected":false},"excerpt":{"rendered":"<p>O Brasil confirmou, nesta quarta-feira (26\/02\/2020), o primeiro caso do novo coronav\u00edrus (Covid-19) no Pa\u00eds. Um homem de 61 anos deu entrada no Hospital Israelita Albert Einstein, ontem, em S\u00e3o Paulo, com hist\u00f3rico de viagem para It\u00e1lia, regi\u00e3o da Lombardia. O Minist\u00e9rio da Sa\u00fade, em conjunto com as secretarias de sa\u00fade estadual e municipal de [&hellip;]<\/p>\n","protected":false},"author":1,"featured_media":159158,"comment_status":"open","ping_status":"closed","sticky":false,"template":"","format":"standard","meta":{"amp_status":"","footnotes":""},"categories":[6,28848,40242],"tags":[194,1017,217036,215670,215651,215649,30594,216496,214884,217035,214886,215396,215652,217033,216497,216984,215716,216498,216985,204275,23046,214882,217034,215650,215648,215654,215653,214885,217032,23476,215791,215655,214883,214887,185806],"class_list":["post-159157","post","type-post","status-publish","format-standard","has-post-thumbnail","hentry","category-br","category-mundo","category-saude-2","tag-belo-horizonte","tag-bh","tag-brasil-confirma-primeiro-caso-de-coronavirus","tag-brasil-tem-nove-casos-suspeitos-de-coronavirus","tag-caso-de-coronavirus-em-belo-horizonte","tag-caso-de-coronavirus-em-bh","tag-china","tag-china-tem-1-770-mortes-por-coronavirus","tag-coronavirus","tag-coronavirus-balanca-economia-mundial","tag-coronavirus-china","tag-coronavirus-em-belo-horizonte","tag-coronavirus-em-bh","tag-coronavirus-hospital-israelita-albert-einstein","tag-coronavirus-ja-matou-1-770-pessoas-na-china","tag-coronavirus-ja-matou-mais-de-2-600-pessoas-na-china","tag-coronavirus-ja-matou-mais-de-200-pessoas-na-china","tag-covid-19","tag-diamond-princess","tag-henrique-mandetta","tag-hospital-israelita-albert-einstein","tag-infectados-com-novo-virus-na-china","tag-ministerio-da-saude-monitora-caso-suspeito-de-coronavirus","tag-ministerio-da-saude-monitora-caso-suspeito-de-coronavirus-em-belo-horizonte","tag-ministerio-da-saude-monitora-caso-suspeito-de-coronavirus-em-bh","tag-ncov-2019","tag-novo-coronavirus","tag-novo-virus-na-china","tag-numero-de-mortes-causadas-pelo-coronavirus-chega-a-2-715-na-china","tag-oms","tag-organizacao-mundial-da-saude-confirma-11-953-casos-de-coronavirus","tag-sintomas-do-coronavirus","tag-virus-da-china","tag-virus-de-origem-chinesa-pode-ter-infectado-mais-de-mil-de-pessoas","tag-wuhan"],"_links":{"self":[{"href":"https:\/\/aconteceunovale.com.br\/portal\/index.php?rest_route=\/wp\/v2\/posts\/159157","targetHints":{"allow":["GET"]}}],"collection":[{"href":"https:\/\/aconteceunovale.com.br\/portal\/index.php?rest_route=\/wp\/v2\/posts"}],"about":[{"href":"https:\/\/aconteceunovale.com.br\/portal\/index.php?rest_route=\/wp\/v2\/types\/post"}],"author":[{"embeddable":true,"href":"https:\/\/aconteceunovale.com.br\/portal\/index.php?rest_route=\/wp\/v2\/users\/1"}],"replies":[{"embeddable":true,"href":"https:\/\/aconteceunovale.com.br\/portal\/index.php?rest_route=%2Fwp%2Fv2%2Fcomments&post=159157"}],"version-history":[{"count":2,"href":"https:\/\/aconteceunovale.com.br\/portal\/index.php?rest_route=\/wp\/v2\/posts\/159157\/revisions"}],"predecessor-version":[{"id":159204,"href":"https:\/\/aconteceunovale.com.br\/portal\/index.php?rest_route=\/wp\/v2\/posts\/159157\/revisions\/159204"}],"wp:featuredmedia":[{"embeddable":true,"href":"https:\/\/aconteceunovale.com.br\/portal\/index.php?rest_route=\/wp\/v2\/media\/159158"}],"wp:attachment":[{"href":"https:\/\/aconteceunovale.com.br\/portal\/index.php?rest_route=%2Fwp%2Fv2%2Fmedia&parent=159157"}],"wp:term":[{"taxonomy":"category","embeddable":true,"href":"https:\/\/aconteceunovale.com.br\/portal\/index.php?rest_route=%2Fwp%2Fv2%2Fcategories&post=159157"},{"taxonomy":"post_tag","embeddable":true,"href":"https:\/\/aconteceunovale.com.br\/portal\/index.php?rest_route=%2Fwp%2Fv2%2Ftags&post=159157"}],"curies":[{"name":"wp","href":"https:\/\/api.w.org\/{rel}","templated":true}]}}