{"id":159151,"date":"2020-02-26T10:47:38","date_gmt":"2020-02-26T13:47:38","guid":{"rendered":"http:\/\/aconteceunovale.com.br\/portal\/?p=159151"},"modified":"2020-02-26T10:48:40","modified_gmt":"2020-02-26T13:48:40","slug":"ministerio-da-saude-monitora-caso-suspeito-de-coronavirus","status":"publish","type":"post","link":"https:\/\/aconteceunovale.com.br\/portal\/?p=159151","title":{"rendered":"Minist\u00e9rio da Sa\u00fade monitora caso suspeito de coronav\u00edrus"},"content":{"rendered":"\n<p>O Hospital Israelita Albert Einstein registrou no Minist\u00e9rio da Sa\u00fade a notifica\u00e7\u00e3o de caso suspeito de coronav\u00edrus (Covid-19), em um paciente de 61 anos, que esteve recentemente na It\u00e1lia. De acordo com o minist\u00e9rio, no atendimento ao caso, o hospital adotou todas as medidas preventivas para transmiss\u00e3o por got\u00edculas, coletou amostras e realizou testes para v\u00edrus respirat\u00f3rios comuns e o exame espec\u00edfico, conforme preconizado pela Organiza\u00e7\u00e3o Mundial da Sa\u00fade (OMS).<\/p>\n\n\n\n<p>Com resultados preliminares realizados pela unidade de sa\u00fade e de acordo com o Plano de Conting\u00eancia Nacional, o hospital enviou a amostra para o laborat\u00f3rio de refer\u00eancia nacional, Instituto Adolfo Lutz, para contraprova. Segundo o minist\u00e9rio, este processo de valida\u00e7\u00e3o dos resultados est\u00e1 em curso e a pasta divulgar\u00e1 o laudo final da investiga\u00e7\u00e3o oportunamente. O minist\u00e9rio \u201crecomenda, portanto, cautela sobre quaisquer informa\u00e7\u00f5es que n\u00e3o sejam as oficiais, uma vez que a investiga\u00e7\u00e3o n\u00e3o est\u00e1 conclu\u00edda\u201d.<\/p>\n\n\n\n<p>O paciente com suspeita da doen\u00e7a esteve na regi\u00e3o da Lombardia, no Norte da It\u00e1lia, a trabalho, no per\u00edodo de 9 a 21 de fevereiro. Ele desembarcou na \u00faltima sexta-feira (21), em S\u00e3o Paulo, com sinais e sintomas (febre, tosse seca, dor de garganta e coriza) compat\u00edveis com a suspeita de doen\u00e7a Covid-19. \u201cO paciente est\u00e1 bem, com sinais brandos e recebeu as orienta\u00e7\u00f5es de precau\u00e7\u00e3o padr\u00e3o\u201d, diz ainda a nota divulgada pelo minist\u00e9rio.<\/p>\n\n\n\n<h2 class=\"wp-block-heading\">Anvisa<\/h2>\n\n\n\n<p>A Ag\u00eancia Nacional de Vigil\u00e2ncia Sanit\u00e1ria (Anvisa) deu in\u00edcio aos procedimentos padr\u00e3o, solicitando \u00e0 companhia a\u00e9rea a lista de passageiros para identificar as pessoas que estiveram no mesmo voo procedente da It\u00e1lia, pa\u00eds na lista de casos confirmados da doen\u00e7a.<\/p>\n\n\n\n<p>\u201cO documento ser\u00e1 encaminhado ao Centro de Informa\u00e7\u00f5es Estrat\u00e9gicas em Vigil\u00e2ncia em Sa\u00fade (Cievs) para investiga\u00e7\u00e3o de outros passageiros do voo que tiveram contato com o caso suspeito\u201d, diz a nota da Anvisa.<\/p>\n\n\n\n<p>A Ag\u00eancia refor\u00e7a o alerta para as pessoas que estiveram recentemente em pa\u00edses com casos confirmados e apresentar febre, tosse, dificuldade em respirar ou outros sintomas respirat\u00f3rios, procure atendimento m\u00e9dico de imediato e informe ao profissional de sa\u00fade a viagem feita para o exterior.<\/p>\n\n\n\n<p>Na segunda-feira (24), o Minist\u00e9rio da Sa\u00fade informou que ampliou os crit\u00e9rios para defini\u00e7\u00e3o de caso suspeito para o Covid-19.<\/p>\n\n\n\n<p>Agora, tamb\u00e9m est\u00e3o enquadradas com suspeitas pessoas que apresentarem febre e mais um sintoma gripal, como tosse ou falta de ar, e vierem dos seguintes pa\u00edses: Alemanha, Austr\u00e1lia, Emirados \u00c1rabes, Filipinas, Fran\u00e7a, Ir\u00e3, It\u00e1lia, Mal\u00e1sia, Jap\u00e3o, Singapura, Coreia do Sul, Coreia do Norte, Tail\u00e2ndia, Vietn\u00e3 e Camboja, al\u00e9m da China.<\/p>\n\n\n\n<p>\u201cA decis\u00e3o da pasta de aumentar o n\u00edvel de seguran\u00e7a e sensibilidade da vigil\u00e2ncia surgiu da preocupa\u00e7\u00e3o que esses pa\u00edses t\u00eam gerado em decorr\u00eancia da grande quantidade de casos do novo coronav\u00edrus nos \u00faltimos dias. De acordo com a Organiza\u00e7\u00e3o Mundial da Sa\u00fade (OMS), esses pa\u00edses t\u00eam pelo menos cinco casos com transmiss\u00e3o interna da doen\u00e7a\u201d.<\/p>\n\n\n\n<p class=\"has-text-color has-background has-very-light-gray-color has-very-dark-gray-background-color\">Quer saber as not\u00edcias do <strong>Aconteceu no Vale<\/strong> em primeira m\u00e3o? Siga-nos no Facebook <a rel=\"noreferrer noopener\" href=\"http:\/\/facebook.com\/aconteceunovale\" target=\"_blank\">@aconteceunovale<\/a>, Twitter <a rel=\"noreferrer noopener\" href=\"https:\/\/twitter.com\/noticiadosvales\" target=\"_blank\">@noticiadosvales<\/a> e Instagram <a rel=\"noreferrer noopener\" href=\"https:\/\/www.instagram.com\/aconteceunovale\" target=\"_blank\">@aconteceunovale<\/a>.<\/p>\n","protected":false},"excerpt":{"rendered":"<p>O Hospital Israelita Albert Einstein registrou no Minist\u00e9rio da Sa\u00fade a notifica\u00e7\u00e3o de caso suspeito de coronav\u00edrus (Covid-19), em um paciente de 61 anos, que esteve recentemente na It\u00e1lia. De acordo com o minist\u00e9rio, no atendimento ao caso, o hospital adotou todas as medidas preventivas para transmiss\u00e3o por got\u00edculas, coletou amostras e realizou testes para [&hellip;]<\/p>\n","protected":false},"author":1,"featured_media":159152,"comment_status":"open","ping_status":"closed","sticky":false,"template":"","format":"standard","meta":{"amp_status":"","footnotes":""},"categories":[6,40242],"tags":[194,1017,215670,215651,215649,30594,216496,214884,214886,215396,215652,217033,216497,216984,215716,216498,216985,204275,23046,214882,217034,215650,215648,215654,215653,214885,217032,23476,215791,215655,214883,214887,185806],"class_list":["post-159151","post","type-post","status-publish","format-standard","has-post-thumbnail","hentry","category-br","category-saude-2","tag-belo-horizonte","tag-bh","tag-brasil-tem-nove-casos-suspeitos-de-coronavirus","tag-caso-de-coronavirus-em-belo-horizonte","tag-caso-de-coronavirus-em-bh","tag-china","tag-china-tem-1-770-mortes-por-coronavirus","tag-coronavirus","tag-coronavirus-china","tag-coronavirus-em-belo-horizonte","tag-coronavirus-em-bh","tag-coronavirus-hospital-israelita-albert-einstein","tag-coronavirus-ja-matou-1-770-pessoas-na-china","tag-coronavirus-ja-matou-mais-de-2-600-pessoas-na-china","tag-coronavirus-ja-matou-mais-de-200-pessoas-na-china","tag-covid-19","tag-diamond-princess","tag-henrique-mandetta","tag-hospital-israelita-albert-einstein","tag-infectados-com-novo-virus-na-china","tag-ministerio-da-saude-monitora-caso-suspeito-de-coronavirus","tag-ministerio-da-saude-monitora-caso-suspeito-de-coronavirus-em-belo-horizonte","tag-ministerio-da-saude-monitora-caso-suspeito-de-coronavirus-em-bh","tag-ncov-2019","tag-novo-coronavirus","tag-novo-virus-na-china","tag-numero-de-mortes-causadas-pelo-coronavirus-chega-a-2-715-na-china","tag-oms","tag-organizacao-mundial-da-saude-confirma-11-953-casos-de-coronavirus","tag-sintomas-do-coronavirus","tag-virus-da-china","tag-virus-de-origem-chinesa-pode-ter-infectado-mais-de-mil-de-pessoas","tag-wuhan"],"_links":{"self":[{"href":"https:\/\/aconteceunovale.com.br\/portal\/index.php?rest_route=\/wp\/v2\/posts\/159151","targetHints":{"allow":["GET"]}}],"collection":[{"href":"https:\/\/aconteceunovale.com.br\/portal\/index.php?rest_route=\/wp\/v2\/posts"}],"about":[{"href":"https:\/\/aconteceunovale.com.br\/portal\/index.php?rest_route=\/wp\/v2\/types\/post"}],"author":[{"embeddable":true,"href":"https:\/\/aconteceunovale.com.br\/portal\/index.php?rest_route=\/wp\/v2\/users\/1"}],"replies":[{"embeddable":true,"href":"https:\/\/aconteceunovale.com.br\/portal\/index.php?rest_route=%2Fwp%2Fv2%2Fcomments&post=159151"}],"version-history":[{"count":1,"href":"https:\/\/aconteceunovale.com.br\/portal\/index.php?rest_route=\/wp\/v2\/posts\/159151\/revisions"}],"predecessor-version":[{"id":159153,"href":"https:\/\/aconteceunovale.com.br\/portal\/index.php?rest_route=\/wp\/v2\/posts\/159151\/revisions\/159153"}],"wp:featuredmedia":[{"embeddable":true,"href":"https:\/\/aconteceunovale.com.br\/portal\/index.php?rest_route=\/wp\/v2\/media\/159152"}],"wp:attachment":[{"href":"https:\/\/aconteceunovale.com.br\/portal\/index.php?rest_route=%2Fwp%2Fv2%2Fmedia&parent=159151"}],"wp:term":[{"taxonomy":"category","embeddable":true,"href":"https:\/\/aconteceunovale.com.br\/portal\/index.php?rest_route=%2Fwp%2Fv2%2Fcategories&post=159151"},{"taxonomy":"post_tag","embeddable":true,"href":"https:\/\/aconteceunovale.com.br\/portal\/index.php?rest_route=%2Fwp%2Fv2%2Ftags&post=159151"}],"curies":[{"name":"wp","href":"https:\/\/api.w.org\/{rel}","templated":true}]}}