{"id":159141,"date":"2020-02-26T10:10:32","date_gmt":"2020-02-26T13:10:32","guid":{"rendered":"http:\/\/aconteceunovale.com.br\/portal\/?p=159141"},"modified":"2020-02-26T10:11:30","modified_gmt":"2020-02-26T13:11:30","slug":"abastecimento-de-agua-em-comunidades-de-minas-novas-recebe-melhorias","status":"publish","type":"post","link":"https:\/\/aconteceunovale.com.br\/portal\/?p=159141","title":{"rendered":"Abastecimento de \u00e1gua em comunidades de Minas Novas recebe melhorias"},"content":{"rendered":"\n<p>Moradores de Quilombo e Santiago do Meio, no munic\u00edpio de Minas Novas\n(MG), se juntaram em um projeto para melhorar o abastecimento de \u00e1gua em suas\ncomunidades. Com recursos do Edital de Projetos 2019 da Funda\u00e7\u00e3o Aperam Acesita\ne apoio da Aperam BioEnergia, Prefeitura Municipal de Minas Novas, Instituto de\nDesenvolvimento do Norte e Nordeste de Minas Gerais (Idene), VP Madeiras e da\npr\u00f3pria comunidade, a iniciativa est\u00e1 viabilizando a constru\u00e7\u00e3o de um\nbarramento e a instala\u00e7\u00e3o de nova caixa d\u2019\u00e1gua e tubula\u00e7\u00e3o para o abastecimento\nde \u00e1gua da regi\u00e3o.<\/p>\n\n\n\n<p>As obras v\u00e3o beneficiar mais de 40 fam\u00edlias, melhorando o fornecimento\nh\u00eddrico para toda comunidade quilombola de Quilombo. \u201cEsse trabalho \u00e9 muito\nimportante para n\u00f3s, al\u00e9m de garantir a continuidade do abastecimento da comunidade\nde Quilombo, vamos renovar a rede da comunidade de Santiago, que j\u00e1 est\u00e1 um\npouco velha. Isso tudo gra\u00e7as ao recurso que conseguimos\u201d, comemora a\npresidente da Associa\u00e7\u00e3o Quilombola de Quilombo (Aspoqui), Ana Moreira dos\nSantos.<\/p>\n\n\n\n<p>\u201cO projeto, al\u00e9m de levar \u00e1gua com fartura at\u00e9 a casa das pessoas,\nmelhorando a qualidade de vida, tamb\u00e9m vai perenizar o C\u00f3rrego Quilombinho, que\nestava amea\u00e7ado\u201d, afirma o presidente do Conselho Municipal de Desenvolvimento\nRural Sustent\u00e1vel de Minas Novas (CMDRS), Itamar Sousa.<\/p>\n\n\n\n<p>\u201cO Edital de Projetos da Funda\u00e7\u00e3o Aperam Acesita \u00e9 um importante\nincentivo para o desenvolvimento de a\u00e7\u00f5es sociais e contribui na promo\u00e7\u00e3o de\nmelhoria das condi\u00e7\u00f5es de vida das comunidades localizadas nas \u00e1reas de atua\u00e7\u00e3o\nda Aperam e da Aperam BioEnergia, explica o presidente da Funda\u00e7\u00e3o, Venilson\nVitorino.<\/p>\n\n\n\n<p>No Vale do Jequitinhonha, s\u00e3o apoiadas iniciativas sociais desenvolvidas nas comunidades de Capelinha, Carbonita, Itamarandiba, Minas Novas, Turmalina e Veredinha, munic\u00edpios de atua\u00e7\u00e3o da Aperam BioEnergia. Os projetos recebem recursos de acordo com os planejamentos das organiza\u00e7\u00f5es e s\u00e3o voltados para as \u00e1reas de educa\u00e7\u00e3o, meio ambiente, gera\u00e7\u00e3o de trabalho e renda e cidadania e direitos humanos.<\/p>\n\n\n\n<figure class=\"wp-block-gallery columns-1 is-cropped wp-block-gallery-1 is-layout-flex wp-block-gallery-is-layout-flex\"><ul class=\"blocks-gallery-grid\"><li class=\"blocks-gallery-item\"><figure><img loading=\"lazy\" decoding=\"async\" width=\"647\" height=\"450\" src=\"http:\/\/aconteceunovale.com.br\/portal\/wp-content\/uploads\/2020\/02\/agua_quilombo.jpg\" alt=\"\" data-id=\"159142\" class=\"wp-image-159142\" srcset=\"https:\/\/aconteceunovale.com.br\/portal\/wp-content\/uploads\/2020\/02\/agua_quilombo.jpg 647w, https:\/\/aconteceunovale.com.br\/portal\/wp-content\/uploads\/2020\/02\/agua_quilombo-300x209.jpg 300w, https:\/\/aconteceunovale.com.br\/portal\/wp-content\/uploads\/2020\/02\/agua_quilombo-100x70.jpg 100w, https:\/\/aconteceunovale.com.br\/portal\/wp-content\/uploads\/2020\/02\/agua_quilombo-604x420.jpg 604w\" sizes=\"auto, (max-width: 647px) 100vw, 647px\" \/><figcaption class=\"blocks-gallery-item__caption\"><em>Foto: Divulga\u00e7\u00e3o \/ Aperam<\/em><\/figcaption><\/figure><\/li><\/ul><\/figure>\n\n\n\n<p class=\"has-text-color has-background has-very-light-gray-color has-very-dark-gray-background-color\">Quer saber as not\u00edcias do <strong>Aconteceu no Vale<\/strong> em primeira m\u00e3o? Siga-nos no Facebook <a rel=\"noreferrer noopener\" href=\"http:\/\/facebook.com\/aconteceunovale\" target=\"_blank\">@aconteceunovale<\/a>, Twitter <a rel=\"noreferrer noopener\" href=\"https:\/\/twitter.com\/noticiadosvales\" target=\"_blank\">@noticiadosvales<\/a> e Instagram <a rel=\"noreferrer noopener\" href=\"https:\/\/www.instagram.com\/aconteceunovale\" target=\"_blank\">@aconteceunovale<\/a>.<\/p>\n","protected":false},"excerpt":{"rendered":"<p>Moradores de Quilombo e Santiago do Meio, no munic\u00edpio de Minas Novas (MG), se juntaram em um projeto para melhorar o abastecimento de \u00e1gua em suas comunidades. Com recursos do Edital de Projetos 2019 da Funda\u00e7\u00e3o Aperam Acesita e apoio da Aperam BioEnergia, Prefeitura Municipal de Minas Novas, Instituto de Desenvolvimento do Norte e Nordeste [&hellip;]<\/p>\n","protected":false},"author":1,"featured_media":159142,"comment_status":"open","ping_status":"closed","sticky":false,"template":"","format":"standard","meta":{"amp_status":"","footnotes":""},"categories":[120],"tags":[217009,217010,217012,217014,217019,507,217020,132,557,217023,217021,217022,1018,217015,24421,217017,217024,149,137,217016,217011,217013,178,215641,916,217018],"class_list":["post-159141","post","type-post","status-publish","format-standard","has-post-thumbnail","hentry","category-jequi","tag-abastecimento-de-agua-em-comunidades-de-minas-novas","tag-abastecimento-de-agua-em-comunidades-de-minas-novas-recebe-melhorias","tag-abastecimento-de-agua-em-quilombo-minas-novas","tag-abastecimento-de-agua-em-santiago-do-meio-minas-novas","tag-ana-moreira-dos-santos","tag-aperam-bioenergia","tag-associacao-quilombola-de-quilombo-aspoqui","tag-capelinha","tag-carbonita","tag-cmdrs-minas-novas","tag-conselho-municipal-de-desenvolvimento-rural-sustentavel-de-minas-novas","tag-corrego-quilombinho","tag-destaque","tag-edital-de-projetos-2019-da-fundacao-aperam-acesita","tag-fundacao-aperam-acesita","tag-instituto-de-desenvolvimento-do-norte-e-nordeste-de-minas-gerais-idene","tag-itamar-sousa","tag-itamarandiba","tag-minas-novas","tag-prefeitura-municipal-de-minas-novas","tag-quilombo-minas-novas","tag-santiago-do-meio-minas-novas","tag-turmalina","tag-venilson-vitorino","tag-veredinha","tag-vp-madeiras"],"_links":{"self":[{"href":"https:\/\/aconteceunovale.com.br\/portal\/index.php?rest_route=\/wp\/v2\/posts\/159141","targetHints":{"allow":["GET"]}}],"collection":[{"href":"https:\/\/aconteceunovale.com.br\/portal\/index.php?rest_route=\/wp\/v2\/posts"}],"about":[{"href":"https:\/\/aconteceunovale.com.br\/portal\/index.php?rest_route=\/wp\/v2\/types\/post"}],"author":[{"embeddable":true,"href":"https:\/\/aconteceunovale.com.br\/portal\/index.php?rest_route=\/wp\/v2\/users\/1"}],"replies":[{"embeddable":true,"href":"https:\/\/aconteceunovale.com.br\/portal\/index.php?rest_route=%2Fwp%2Fv2%2Fcomments&post=159141"}],"version-history":[{"count":1,"href":"https:\/\/aconteceunovale.com.br\/portal\/index.php?rest_route=\/wp\/v2\/posts\/159141\/revisions"}],"predecessor-version":[{"id":159143,"href":"https:\/\/aconteceunovale.com.br\/portal\/index.php?rest_route=\/wp\/v2\/posts\/159141\/revisions\/159143"}],"wp:featuredmedia":[{"embeddable":true,"href":"https:\/\/aconteceunovale.com.br\/portal\/index.php?rest_route=\/wp\/v2\/media\/159142"}],"wp:attachment":[{"href":"https:\/\/aconteceunovale.com.br\/portal\/index.php?rest_route=%2Fwp%2Fv2%2Fmedia&parent=159141"}],"wp:term":[{"taxonomy":"category","embeddable":true,"href":"https:\/\/aconteceunovale.com.br\/portal\/index.php?rest_route=%2Fwp%2Fv2%2Fcategories&post=159141"},{"taxonomy":"post_tag","embeddable":true,"href":"https:\/\/aconteceunovale.com.br\/portal\/index.php?rest_route=%2Fwp%2Fv2%2Ftags&post=159141"}],"curies":[{"name":"wp","href":"https:\/\/api.w.org\/{rel}","templated":true}]}}