{"id":159134,"date":"2020-02-25T22:38:18","date_gmt":"2020-02-26T01:38:18","guid":{"rendered":"http:\/\/aconteceunovale.com.br\/portal\/?p=159134"},"modified":"2020-02-26T16:20:34","modified_gmt":"2020-02-26T19:20:34","slug":"colisao-entre-veiculos-deixa-um-morto-e-dois-feridos-no-vale-do-mucuri","status":"publish","type":"post","link":"https:\/\/aconteceunovale.com.br\/portal\/?p=159134","title":{"rendered":"Colis\u00e3o entre ve\u00edculos deixa um morto e dois feridos no Vale do Mucuri"},"content":{"rendered":"\n<p>Uma mulher morreu e dois homens\nficaram feridos em um acidente na MG-409, em Novo Oriente de Minas, na tarde\ndesta ter\u00e7a-feira (25\/02\/2020). Segundo a informa\u00e7\u00f5es da Pol\u00edcia Militar (PM),\nos ve\u00edculos Corsa Hatch e Corsa Sedan colidiram frontalmente no km 53 da rodovia.\n<\/p>\n\n\n\n<p>O condutor de um dos ve\u00edculos, de 59 anos, foi resgatado pelo SAMU (Servi\u00e7o de Atendimento M\u00f3vel de Urg\u00eancia) e encaminhado ao Hospital de Pav\u00e3o. O outro motorista foi levado para Te\u00f3filo Otoni pela equipe da Secretaria de Sa\u00fade de Novo Oriente de Minas. <\/p>\n\n\n\n<p>A passageira do Corsa Hatch, identificada como Odete In\u00e1cio Mendes Santos, de 49 anos, n\u00e3o resistiu aos ferimentos e morreu. <\/p>\n\n\n\n<p>As causas do acidente ser\u00e3o investigadas pela Pol\u00edcia Civil.<\/p>\n\n\n\n<figure class=\"wp-block-gallery columns-1 is-cropped wp-block-gallery-1 is-layout-flex wp-block-gallery-is-layout-flex\"><ul class=\"blocks-gallery-grid\"><li class=\"blocks-gallery-item\"><figure><img loading=\"lazy\" decoding=\"async\" width=\"678\" height=\"410\" src=\"http:\/\/aconteceunovale.com.br\/portal\/wp-content\/uploads\/2020\/02\/acidente_novo_oriente_1.jpg\" alt=\"\" data-id=\"159136\" data-full-url=\"http:\/\/aconteceunovale.com.br\/portal\/wp-content\/uploads\/2020\/02\/acidente_novo_oriente_1.jpg\" data-link=\"http:\/\/aconteceunovale.com.br\/portal\/?attachment_id=159136\" class=\"wp-image-159136\" srcset=\"https:\/\/aconteceunovale.com.br\/portal\/wp-content\/uploads\/2020\/02\/acidente_novo_oriente_1.jpg 678w, https:\/\/aconteceunovale.com.br\/portal\/wp-content\/uploads\/2020\/02\/acidente_novo_oriente_1-300x181.jpg 300w\" sizes=\"auto, (max-width: 678px) 100vw, 678px\" \/><figcaption class=\"blocks-gallery-item__caption\"> <em>Fotos: Reprodu\u00e7\u00e3o \/ WhatsApp<\/em> <\/figcaption><\/figure><\/li><li class=\"blocks-gallery-item\"><figure><img loading=\"lazy\" decoding=\"async\" width=\"678\" height=\"410\" src=\"http:\/\/aconteceunovale.com.br\/portal\/wp-content\/uploads\/2020\/02\/acidente_novo_oriente_2.jpg\" alt=\"\" data-id=\"159135\" data-full-url=\"http:\/\/aconteceunovale.com.br\/portal\/wp-content\/uploads\/2020\/02\/acidente_novo_oriente_2.jpg\" data-link=\"http:\/\/aconteceunovale.com.br\/portal\/?attachment_id=159135\" class=\"wp-image-159135\" srcset=\"https:\/\/aconteceunovale.com.br\/portal\/wp-content\/uploads\/2020\/02\/acidente_novo_oriente_2.jpg 678w, https:\/\/aconteceunovale.com.br\/portal\/wp-content\/uploads\/2020\/02\/acidente_novo_oriente_2-300x181.jpg 300w\" sizes=\"auto, (max-width: 678px) 100vw, 678px\" \/><figcaption class=\"blocks-gallery-item__caption\"> <em>Foto: Reprodu\u00e7\u00e3o \/ WhatsApp<\/em> <\/figcaption><\/figure><\/li><\/ul><\/figure>\n\n\n\n<p class=\"has-text-color has-background has-very-light-gray-color has-very-dark-gray-background-color\">Quer saber as not\u00edcias do <strong>Aconteceu no Vale<\/strong> em primeira m\u00e3o? Siga-nos no Facebook <a rel=\"noreferrer noopener\" href=\"http:\/\/facebook.com\/aconteceunovale\" target=\"_blank\">@aconteceunovale<\/a>, Twitter <a rel=\"noreferrer noopener\" href=\"https:\/\/twitter.com\/noticiadosvales\" target=\"_blank\">@noticiadosvales<\/a> e Instagram <a rel=\"noreferrer noopener\" href=\"https:\/\/www.instagram.com\/aconteceunovale\" target=\"_blank\">@aconteceunovale<\/a>.<\/p>\n","protected":false},"excerpt":{"rendered":"<p>Uma mulher morreu e dois homens ficaram feridos em um acidente na MG-409, em Novo Oriente de Minas, na tarde desta ter\u00e7a-feira (25\/02\/2020). Segundo a informa\u00e7\u00f5es da Pol\u00edcia Militar (PM), os ve\u00edculos Corsa Hatch e Corsa Sedan colidiram frontalmente no km 53 da rodovia. O condutor de um dos ve\u00edculos, de 59 anos, foi resgatado [&hellip;]<\/p>\n","protected":false},"author":1,"featured_media":159135,"comment_status":"open","ping_status":"closed","sticky":false,"template":"","format":"standard","meta":{"amp_status":"","footnotes":""},"categories":[122],"tags":[217000,216998,216996,216997,216995,216999,164],"class_list":["post-159134","post","type-post","status-publish","format-standard","has-post-thumbnail","hentry","category-mucuri","tag-acidente-em-novo-oriente-de-minas","tag-acidente-na-mg-409","tag-colisao-entre-veiculos-deixa-um-morto-e-dois-feridos-em-novo-oriente-de-minas","tag-colisao-entre-veiculos-deixa-um-morto-e-dois-feridos-na-mg-409","tag-colisao-entre-veiculos-deixa-um-morto-e-dois-feridos-no-vale-do-mucuri","tag-odete-inacio-mendes-santos","tag-teofilo-otoni"],"_links":{"self":[{"href":"https:\/\/aconteceunovale.com.br\/portal\/index.php?rest_route=\/wp\/v2\/posts\/159134","targetHints":{"allow":["GET"]}}],"collection":[{"href":"https:\/\/aconteceunovale.com.br\/portal\/index.php?rest_route=\/wp\/v2\/posts"}],"about":[{"href":"https:\/\/aconteceunovale.com.br\/portal\/index.php?rest_route=\/wp\/v2\/types\/post"}],"author":[{"embeddable":true,"href":"https:\/\/aconteceunovale.com.br\/portal\/index.php?rest_route=\/wp\/v2\/users\/1"}],"replies":[{"embeddable":true,"href":"https:\/\/aconteceunovale.com.br\/portal\/index.php?rest_route=%2Fwp%2Fv2%2Fcomments&post=159134"}],"version-history":[{"count":2,"href":"https:\/\/aconteceunovale.com.br\/portal\/index.php?rest_route=\/wp\/v2\/posts\/159134\/revisions"}],"predecessor-version":[{"id":159175,"href":"https:\/\/aconteceunovale.com.br\/portal\/index.php?rest_route=\/wp\/v2\/posts\/159134\/revisions\/159175"}],"wp:featuredmedia":[{"embeddable":true,"href":"https:\/\/aconteceunovale.com.br\/portal\/index.php?rest_route=\/wp\/v2\/media\/159135"}],"wp:attachment":[{"href":"https:\/\/aconteceunovale.com.br\/portal\/index.php?rest_route=%2Fwp%2Fv2%2Fmedia&parent=159134"}],"wp:term":[{"taxonomy":"category","embeddable":true,"href":"https:\/\/aconteceunovale.com.br\/portal\/index.php?rest_route=%2Fwp%2Fv2%2Fcategories&post=159134"},{"taxonomy":"post_tag","embeddable":true,"href":"https:\/\/aconteceunovale.com.br\/portal\/index.php?rest_route=%2Fwp%2Fv2%2Ftags&post=159134"}],"curies":[{"name":"wp","href":"https:\/\/api.w.org\/{rel}","templated":true}]}}