{"id":159125,"date":"2020-02-25T21:44:49","date_gmt":"2020-02-26T00:44:49","guid":{"rendered":"http:\/\/aconteceunovale.com.br\/portal\/?p=159125"},"modified":"2020-02-25T21:45:07","modified_gmt":"2020-02-26T00:45:07","slug":"aguia-de-ouro-e-campea-do-carnaval-de-sao-paulo-pela-primeira-vez","status":"publish","type":"post","link":"https:\/\/aconteceunovale.com.br\/portal\/?p=159125","title":{"rendered":"\u00c1guia de Ouro \u00e9 campe\u00e3 do carnaval de S\u00e3o Paulo pela primeira vez"},"content":{"rendered":"\n<p>A escola de samba \u00c1guia de Ouro \u00e9 a campe\u00e3 do grupo especial do carnaval de S\u00e3o Paulo de 2020. Este \u00e9 o primeiro t\u00edtulo da agremia\u00e7\u00e3o, que foi a quinta a entrar no samb\u00f3dromo, na madrugada de s\u00e1bado para domingo. O samba-enredo da vencedora abordou a sabedoria e levou o t\u00edtulo de \u201cO poder do saber. Se saber \u00e9 poder\u2026 quem sabe faz a hora, n\u00e3o espera acontecer\u201d.<\/p>\n\n\n\n<p>O mestre Juca, da bateria da \u00c1guia de Ouro, destacou a uni\u00e3o da comunidade para a conquista do t\u00edtulo. \u201cEu n\u00e3o sei o que eu estou sentindo, eu estou muito feliz. A comunidade da Pompeia est\u00e1 h\u00e1 44 anos atr\u00e1s desse t\u00edtulo. A \u00c1guia de Ouro sempre foi grande, eu s\u00f3 tenho que agradecer todo mundo da comunidade\u201d, disse logo ap\u00f3s o resultado da apura\u00e7\u00e3o.<\/p>\n\n\n\n<p>\u201cA gente sabe o que a gente passou faltando dois dias para o desfile, todos os ritmistas da bateria da \u00c1guia de Ouro mereciam isso. Faltando dois dias para o carnaval, a gente n\u00e3o tinha fantasia da bateria e a bateria toda se uniu e fez as fantasias e vieram aqui e deram o t\u00edtulo para a nossa escola\u201d, falou.<\/p>\n\n\n\n<p>As escolas acompanharam a apura\u00e7\u00e3o no Samb\u00f3dromo do Anhembi, zona norte da capital paulista, na tarde de hoje (25). A vice-campe\u00e3 foi a Mancha Verde. O primeiro quesito lido durante a apura\u00e7\u00e3o foi fantasia. A Liga das Escolas de Samba de S\u00e3o Paulo j\u00e1 havia decidido que este n\u00e3o seria crit\u00e9rio de desempate, ap\u00f3s chuvas atingirem barrac\u00e3o da escola de samba P\u00e9rola Negra em 10 de fevereiro e destru\u00edrem algumas fantasias da agremia\u00e7\u00e3o. O \u00faltimo quesito a ter as notas lidas foi bateria, que seria tamb\u00e9m o crit\u00e9rio de desempate caso necess\u00e1rio.<\/p>\n\n\n\n<p>Na \u00faltima e pen\u00faltima coloca\u00e7\u00e3o, as escolas P\u00e9rola Negra e X-9 Paulistana foram rebaixadas para o Grupo de Acesso.<\/p>\n\n\n\n<figure class=\"wp-block-gallery aligncenter columns-1 is-cropped wp-block-gallery-1 is-layout-flex wp-block-gallery-is-layout-flex\"><ul class=\"blocks-gallery-grid\"><li class=\"blocks-gallery-item\"><figure><img loading=\"lazy\" decoding=\"async\" width=\"674\" height=\"450\" src=\"http:\/\/aconteceunovale.com.br\/portal\/wp-content\/uploads\/2020\/02\/aguia_de_ouro_1.jpg\" alt=\"\" data-id=\"159126\" class=\"wp-image-159126\" srcset=\"https:\/\/aconteceunovale.com.br\/portal\/wp-content\/uploads\/2020\/02\/aguia_de_ouro_1.jpg 674w, https:\/\/aconteceunovale.com.br\/portal\/wp-content\/uploads\/2020\/02\/aguia_de_ouro_1-300x200.jpg 300w, https:\/\/aconteceunovale.com.br\/portal\/wp-content\/uploads\/2020\/02\/aguia_de_ouro_1-629x420.jpg 629w\" sizes=\"auto, (max-width: 674px) 100vw, 674px\" \/><figcaption class=\"blocks-gallery-item__caption\"><em>Foto: Divulga\u00e7\u00e3o \/ \u00c1guia de Ouro<\/em><\/figcaption><\/figure><\/li><\/ul><\/figure>\n\n\n\n<h2 class=\"wp-block-heading\">Hist\u00f3ria<\/h2>\n\n\n\n<p>A escola surgiu em 1976 na Vila Anglo Brasileira, zona oeste da capital paulista. Sua origem aconteceu nas rodas que animavam partidas do time de futebol Fa\u00edscas de Ouro. Em 1977, a escola faz sua estreia no carnaval de S\u00e3o Paulo com o enredo \u201cA Bahia de Jorge Amado\u201d, conquistando o vice-campeonato, o que lhes rendeu o acesso ao 4\u00ba grupo do carnaval.<\/p>\n\n\n\n<p>Em 1984, desfile no grupo especial do Carnaval de S\u00e3o Paulo com o enredo \u201cMil vidas, o teatro atrav\u00e9s dos tempos\u201d, a escola realizou o que para muitos foi um dos mais marcantes carnavais da hist\u00f3ria.<\/p>\n\n\n\n<p>Em 2018, a \u00c1guia de Ouro desfilou pelo Grupo de Acesso do Carnaval de S\u00e3o Paulo, foi campe\u00e3o e subiu, portanto, para o Grupo Especial no desfile de 2019.<\/p>\n\n\n\n<h2 class=\"wp-block-heading\">Grupo de Acesso<\/h2>\n\n\n\n<p>A escola de samba Vai-vai foi a campe\u00e3 do Grupo de Acesso do carnaval de S\u00e3o Paulo, e, junto da Acad\u00eamicos do Tucuruvi, que ficou em segundo lugar, vai desfilar pelo Grupo Especial no ano que vem.<\/p>\n\n\n\n<p>O desfile da Vai-Vai comemorou seus 90 anos. A escola surgiu organizada por um grupo de &#8220;penetras&#8221; das rodas de samba do bairro Bixiga, chamadas, \u00e0 \u00e9poca, de Cai-Cai. O nome da Vai-Vai \u00e9 uma refer\u00eancia ao gesto de afastar algu\u00e9m indesejado com a express\u00e3o &#8220;vai, vai&#8221;. Hoje, \u00e9 uma das agremia\u00e7\u00f5es mais populares de S\u00e3o Paulo.<\/p>\n\n\n\n<p class=\"has-text-color has-background has-very-light-gray-color has-very-dark-gray-background-color\">Quer saber as not\u00edcias do <strong>Aconteceu no Vale<\/strong> em primeira m\u00e3o? Siga-nos no Facebook <a rel=\"noreferrer noopener\" href=\"http:\/\/facebook.com\/aconteceunovale\" target=\"_blank\">@aconteceunovale<\/a>, Twitter <a rel=\"noreferrer noopener\" href=\"https:\/\/twitter.com\/noticiadosvales\" target=\"_blank\">@noticiadosvales<\/a> e Instagram <a rel=\"noreferrer noopener\" href=\"https:\/\/www.instagram.com\/aconteceunovale\" target=\"_blank\">@aconteceunovale<\/a>.<\/p>\n","protected":false},"excerpt":{"rendered":"<p>A escola de samba \u00c1guia de Ouro \u00e9 a campe\u00e3 do grupo especial do carnaval de S\u00e3o Paulo de 2020. Este \u00e9 o primeiro t\u00edtulo da agremia\u00e7\u00e3o, que foi a quinta a entrar no samb\u00f3dromo, na madrugada de s\u00e1bado para domingo. O samba-enredo da vencedora abordou a sabedoria e levou o t\u00edtulo de \u201cO poder [&hellip;]<\/p>\n","protected":false},"author":1,"featured_media":159126,"comment_status":"open","ping_status":"closed","sticky":false,"template":"","format":"standard","meta":{"amp_status":"","footnotes":""},"categories":[6],"tags":[196501,216981,216977,216982,216978,216980,196465,216979,216983],"class_list":["post-159125","post","type-post","status-publish","format-standard","has-post-thumbnail","hentry","category-br","tag-aguia-de-ouro","tag-aguia-de-ouro-campea-2020","tag-aguia-de-ouro-e-campea-do-carnaval-de-sao-paulo-pela-primeira-vez","tag-anhembi","tag-campea-do-carnaval-de-sao-paulo","tag-campea-do-carnaval-de-sao-paulo-2020","tag-carnaval-de-sao-paulo","tag-carnaval-de-sao-paulo-2020","tag-escola-de-samba-aguia-de-ouro"],"_links":{"self":[{"href":"https:\/\/aconteceunovale.com.br\/portal\/index.php?rest_route=\/wp\/v2\/posts\/159125","targetHints":{"allow":["GET"]}}],"collection":[{"href":"https:\/\/aconteceunovale.com.br\/portal\/index.php?rest_route=\/wp\/v2\/posts"}],"about":[{"href":"https:\/\/aconteceunovale.com.br\/portal\/index.php?rest_route=\/wp\/v2\/types\/post"}],"author":[{"embeddable":true,"href":"https:\/\/aconteceunovale.com.br\/portal\/index.php?rest_route=\/wp\/v2\/users\/1"}],"replies":[{"embeddable":true,"href":"https:\/\/aconteceunovale.com.br\/portal\/index.php?rest_route=%2Fwp%2Fv2%2Fcomments&post=159125"}],"version-history":[{"count":1,"href":"https:\/\/aconteceunovale.com.br\/portal\/index.php?rest_route=\/wp\/v2\/posts\/159125\/revisions"}],"predecessor-version":[{"id":159127,"href":"https:\/\/aconteceunovale.com.br\/portal\/index.php?rest_route=\/wp\/v2\/posts\/159125\/revisions\/159127"}],"wp:featuredmedia":[{"embeddable":true,"href":"https:\/\/aconteceunovale.com.br\/portal\/index.php?rest_route=\/wp\/v2\/media\/159126"}],"wp:attachment":[{"href":"https:\/\/aconteceunovale.com.br\/portal\/index.php?rest_route=%2Fwp%2Fv2%2Fmedia&parent=159125"}],"wp:term":[{"taxonomy":"category","embeddable":true,"href":"https:\/\/aconteceunovale.com.br\/portal\/index.php?rest_route=%2Fwp%2Fv2%2Fcategories&post=159125"},{"taxonomy":"post_tag","embeddable":true,"href":"https:\/\/aconteceunovale.com.br\/portal\/index.php?rest_route=%2Fwp%2Fv2%2Ftags&post=159125"}],"curies":[{"name":"wp","href":"https:\/\/api.w.org\/{rel}","templated":true}]}}