{"id":159001,"date":"2020-02-22T11:47:03","date_gmt":"2020-02-22T14:47:03","guid":{"rendered":"http:\/\/aconteceunovale.com.br\/portal\/?p=159001"},"modified":"2020-02-22T16:14:12","modified_gmt":"2020-02-22T19:14:12","slug":"trinta-e-seis-pessoas-da-regiao-de-guanhaes-sao-condenadas-na-operacao-taximetro","status":"publish","type":"post","link":"https:\/\/aconteceunovale.com.br\/portal\/?p=159001","title":{"rendered":"Trinta e seis pessoas da regi\u00e3o de Guanh\u00e3es s\u00e3o condenadas na Opera\u00e7\u00e3o Tax\u00edmetro"},"content":{"rendered":"\n<p>Trinta e seis pessoas foram condenadas recentemente a penas que variam de dois a 31 anos de reclus\u00e3o por crimes como associa\u00e7\u00e3o para o tr\u00e1fico, lavagem de dinheiro e tr\u00e1fico il\u00edcito de entorpecentes. As condena\u00e7\u00f5es s\u00e3o resultado da Opera\u00e7\u00e3o Tax\u00edmetro. O Minist\u00e9rio P\u00fablico de Minas Gerais (MPMG), por meio do Grupo de Atua\u00e7\u00e3o Especial de Combate ao Crime Organizado (Gaeco), a Pol\u00edcia Militar de Minas Gerais e a Pol\u00edcia Civil deflagraram na manh\u00e3 de 25 de setembro de 2018 a Opera\u00e7\u00e3o Tax\u00edmetro. Nela foram cumpridos 35 mandados de pris\u00e3o preventiva e 48 mandados de busca e apreens\u00e3o, al\u00e9m do bloqueio de bens,\u00a0 valores e suspens\u00e3o de uma licen\u00e7a de t\u00e1xi. Os alvos da opera\u00e7\u00e3o foram pessoas envolvidas numa organiza\u00e7\u00e3o criminosa que se associaram para a pr\u00e1tica do tr\u00e1fico il\u00edcito de drogas na cidade de Guanh\u00e3es e com ramifica\u00e7\u00f5es na regi\u00e3o.<\/p>\n\n\n\n<p>A opera\u00e7\u00e3o recebeu esse nome, tendo em vista que o chefe da organiza\u00e7\u00e3o criminosa lavava os capitais provenientes de suas empreitadas criminosas utilizando-se de um t\u00e1xi. De acordo com as investiga\u00e7\u00f5es, que foram iniciadas em&nbsp; 2017 pelo Minist\u00e9rio P\u00fablico, a organiza\u00e7\u00e3o criminosa era dividida em grupos, inclusive com a participa\u00e7\u00e3o de pessoas da mesma fam\u00edlia. O arranjo criminoso abrangia, al\u00e9m de Guanh\u00e3es, cidades como S\u00e3o Jo\u00e3o Evangelista, S\u00e3o Pedro do Sua\u00e7u\u00ed, Serro. Ademais, mantinham contatos criminosos at\u00e9 mesmo em cidades mais distantes, como&nbsp;&nbsp; Montes Claros e Belo Horizonte, para juntos se dedicarem \u00e0s atividades il\u00edcitas relacionadas ao tr\u00e1fico de drogas.<\/p>\n\n\n\n<p>Os crimes apurados foram de tr\u00e1fico il\u00edcito de drogas, associa\u00e7\u00e3o para o tr\u00e1fico, lavagem de dinheiro, corrup\u00e7\u00e3o de menores e organiza\u00e7\u00e3o criminosa.<\/p>\n\n\n\n<p>Pela complexidade das investiga\u00e7\u00f5es realizadas, a opera\u00e7\u00e3o foi a maior j\u00e1 realizada naquela comarca, inclusive contando com audi\u00eancias durante uma semana em que foi necess\u00e1ria a designa\u00e7\u00e3o apenas dessa no per\u00edodo, n\u00e3o ocorrendo audi\u00eancia de qualquer outro processo nos mesmos dias na comarca de Guanh\u00e3es. <\/p>\n\n\n\n<p class=\"has-text-color has-background has-very-light-gray-color has-very-dark-gray-background-color\">Quer saber as not\u00edcias do <strong>Aconteceu no Vale<\/strong> em primeira m\u00e3o? Siga-nos no Facebook <a rel=\"noreferrer noopener\" href=\"http:\/\/facebook.com\/aconteceunovale\" target=\"_blank\">@aconteceunovale<\/a>, Twitter <a rel=\"noreferrer noopener\" href=\"https:\/\/twitter.com\/noticiadosvales\" target=\"_blank\">@noticiadosvales<\/a> e Instagram <a rel=\"noreferrer noopener\" href=\"https:\/\/www.instagram.com\/aconteceunovale\" target=\"_blank\">@aconteceunovale<\/a>.<\/p>\n","protected":false},"excerpt":{"rendered":"<p>Trinta e seis pessoas foram condenadas recentemente a penas que variam de dois a 31 anos de reclus\u00e3o por crimes como associa\u00e7\u00e3o para o tr\u00e1fico, lavagem de dinheiro e tr\u00e1fico il\u00edcito de entorpecentes. As condena\u00e7\u00f5es s\u00e3o resultado da Opera\u00e7\u00e3o Tax\u00edmetro. O Minist\u00e9rio P\u00fablico de Minas Gerais (MPMG), por meio do Grupo de Atua\u00e7\u00e3o Especial de [&hellip;]<\/p>\n","protected":false},"author":1,"featured_media":137277,"comment_status":"open","ping_status":"closed","sticky":false,"template":"","format":"standard","meta":{"amp_status":"","footnotes":""},"categories":[121],"tags":[188200,188204,194,1018,180864,155,19674,188206,210,19675,180867,180865,180866,188202,188205,162,322,180868,154,188203,86862,86863,216776,188201],"class_list":["post-159001","post","type-post","status-publish","format-standard","has-post-thumbnail","hentry","category-leste","tag-2a-vara-criminal-da-comarca-de-guanhaes","tag-53-acusados-de-envolvimento-com-o-trafico-de-drogas-em-guanhaes","tag-belo-horizonte","tag-destaque","tag-gaeco-em-guanhaes","tag-guanhaes","tag-ministerio-publico-de-minas-gerais","tag-ministerio-publico-denuncia-53-integrantes-de-organizacao-ligada-ao-trafico-de-drogas-em-guanhaes-e-regiao","tag-montes-claros","tag-mpmg","tag-operacao-combate-organizacao-criminosa-ligada-ao-trafico-de-drogas-em-guanhaes","tag-operacao-taximetro","tag-operacao-taximetro-em-guanhaes","tag-prisao-de-traficantes-em-guanhaes","tag-promotoria-de-justica-criminal-de-guanhaes","tag-sao-joao-evangelista","tag-sao-pedro-do-suacui","tag-sao-pedro-do-suacui-e-serro","tag-serro","tag-traficantes-presos-em-guanhaes","tag-trafico-de-drogas-em-guanhaes","tag-trafico-em-guanhaes","tag-trinta-e-seis-pessoas-da-regiao-de-guanhaes-sao-condenadas-na-operacao-taximetro","tag-vara-criminal-da-comarca-de-guanhaes"],"_links":{"self":[{"href":"https:\/\/aconteceunovale.com.br\/portal\/index.php?rest_route=\/wp\/v2\/posts\/159001","targetHints":{"allow":["GET"]}}],"collection":[{"href":"https:\/\/aconteceunovale.com.br\/portal\/index.php?rest_route=\/wp\/v2\/posts"}],"about":[{"href":"https:\/\/aconteceunovale.com.br\/portal\/index.php?rest_route=\/wp\/v2\/types\/post"}],"author":[{"embeddable":true,"href":"https:\/\/aconteceunovale.com.br\/portal\/index.php?rest_route=\/wp\/v2\/users\/1"}],"replies":[{"embeddable":true,"href":"https:\/\/aconteceunovale.com.br\/portal\/index.php?rest_route=%2Fwp%2Fv2%2Fcomments&post=159001"}],"version-history":[{"count":2,"href":"https:\/\/aconteceunovale.com.br\/portal\/index.php?rest_route=\/wp\/v2\/posts\/159001\/revisions"}],"predecessor-version":[{"id":159007,"href":"https:\/\/aconteceunovale.com.br\/portal\/index.php?rest_route=\/wp\/v2\/posts\/159001\/revisions\/159007"}],"wp:featuredmedia":[{"embeddable":true,"href":"https:\/\/aconteceunovale.com.br\/portal\/index.php?rest_route=\/wp\/v2\/media\/137277"}],"wp:attachment":[{"href":"https:\/\/aconteceunovale.com.br\/portal\/index.php?rest_route=%2Fwp%2Fv2%2Fmedia&parent=159001"}],"wp:term":[{"taxonomy":"category","embeddable":true,"href":"https:\/\/aconteceunovale.com.br\/portal\/index.php?rest_route=%2Fwp%2Fv2%2Fcategories&post=159001"},{"taxonomy":"post_tag","embeddable":true,"href":"https:\/\/aconteceunovale.com.br\/portal\/index.php?rest_route=%2Fwp%2Fv2%2Ftags&post=159001"}],"curies":[{"name":"wp","href":"https:\/\/api.w.org\/{rel}","templated":true}]}}