{"id":158998,"date":"2020-02-22T11:30:41","date_gmt":"2020-02-22T14:30:41","guid":{"rendered":"http:\/\/aconteceunovale.com.br\/portal\/?p=158998"},"modified":"2020-02-22T11:33:27","modified_gmt":"2020-02-22T14:33:27","slug":"justica-de-minas-gerais-mantem-pena-por-trafico-em-baile-funk","status":"publish","type":"post","link":"https:\/\/aconteceunovale.com.br\/portal\/?p=158998","title":{"rendered":"Justi\u00e7a de Minas Gerais mant\u00e9m pena por tr\u00e1fico em baile funk"},"content":{"rendered":"\n<p>A 6\u00aa C\u00e2mara Criminal do Tribunal de Justi\u00e7a de Minas Gerais (TJMG) rejeitou recurso de um homem que pretendia reduzir sua pena por tr\u00e1fico de drogas. O jovem de 20 anos foi detido quando comercializava os entorpecentes em evento conhecido popularmente como \u201cBaile do Onze\u201d, no Aglomerado do Taquaril, em Belo Horizonte.<\/p>\n\n\n\n<p>O acusado recebeu a pena definitiva de quatro anos, quatro\u00a0meses e 15 dias.\u00a0A Defensoria P\u00fablica, em nome dele, solicitou diminui\u00e7\u00e3o da pena para tr\u00eas\u00a0anos e nove meses de reclus\u00e3o, argumentando que o recorrente \u00e9 prim\u00e1rio e tem bons antecedentes.<\/p>\n\n\n\n<p>A defesa alegou ainda que o r\u00e9u foi penalizado duas vezes, o que \u00e9 proibido, pela quantidade de drogas apreendidas. Outro pedido foi o regime aberto para cumprimento de pena e substitui\u00e7\u00e3o da pena privativa de liberdade por restritivas de direitos.<\/p>\n\n\n\n<p><strong>Hist\u00f3rico<\/strong><\/p>\n\n\n\n<p>Segundo a den\u00fancia do Minist\u00e9rio P\u00fablico, na madrugada de 6 de janeiro de 2019, viaturas da pol\u00edcia realizaram uma opera\u00e7\u00e3o no local. Ao avistarem os militares, v\u00e1rias pessoas come\u00e7aram a fugir pelas escadarias.<\/p>\n\n\n\n<p>O acusado foi visto se livrando de uma sacola pl\u00e1stica. Nela, os policiais descobriram 151 microtubos de coca\u00edna e quatro buchas de maconha, drogas que seriam vendidas no baile. Al\u00e9m disso, o rapaz tinha R$ 90,50 no bolso.<\/p>\n\n\n\n<p>Em depoimento na delegacia, o denunciado assumiu praticar o tr\u00e1fico de drogas motivado por dificuldades financeiras. Ele contou que aproveitava o grande fluxo de pessoas que se divertem e dan\u00e7am no baile para\u00a0 oferecer seus produtos. Confessou tamb\u00e9m que atuava h\u00e1 pouco tempo e pegava a mercadoria com outros traficantes do aglomerado.<\/p>\n\n\n\n<p>Consta dos autos, ainda, que um cidad\u00e3o que solicitou anonimato apresentou \u00e0 pol\u00edcia p\u00e1ginas do Facebook do r\u00e9u. Pelos dados da m\u00eddia social, ele era amigos de diversos traficantes j\u00e1 conhecidos pela pol\u00edcia, alguns com passagens por tr\u00e1fico de drogas, confirmando que o acusado possu\u00eda forte liga\u00e7\u00e3o com com\u00e9rcio il\u00edcito da regi\u00e3o.<\/p>\n\n\n\n<p><strong>Apela\u00e7\u00e3o<\/strong><\/p>\n\n\n\n<p>Os desembargadores Jaubert Carneiro Jaques e Bruno Terra Dias e o juiz de direito convocado Milton L\u00edvio Salles foram un\u00e2nimes em negar provimento ao recurso.<\/p>\n\n\n\n<p>Foi salientado pelo relator, desembargador Jaubert Carneiro Jaques, que a pena tinha sido corretamente arbitrada quando o juiz sopesou as circunst\u00e2ncias do caso concreto, entre elas a natureza e a quantidade das drogas e o fato de o com\u00e9rcio ter ocorrido em espa\u00e7o de divertimento e lazer, refletindo o grau de reprova\u00e7\u00e3o necess\u00e1rio \u00e0 conduta.<\/p>\n\n\n\n<p>Contudo, com base em entendimento do Supremo Tribunal Federal, o magistrado ponderou que o crime n\u00e3o deve ser considerado hediondo.<\/p>\n\n\n\n<p>Segundo o desembargador, muitas pessoas acabam se envolvendo de forma eventual com o tr\u00e1fico de drogas, devido \u00e0 falta de perspectiva no mercado de trabalho ou para sustentar o pr\u00f3prio v\u00edcio, vendendo pequenas quantidades de entorpecentes.<\/p>\n\n\n\n<p>Assim, o relator manteve o regime inicial semiaberto, negando tamb\u00e9m a substitui\u00e7\u00e3o da pena privativa de liberdade. Leia o\u00a0<a rel=\"noreferrer noopener\" target=\"_blank\" href=\"https:\/\/www5.tjmg.jus.br\/jurisprudencia\/pesquisaNumeroCNJEspelhoAcordao.do?numeroRegistro=1&amp;totalLinhas=1&amp;linhasPorPagina=10&amp;numeroUnico=1.0024.19.027158-5%2F001&amp;pesquisaNumeroCNJ=Pesquisar\">ac\u00f3rd\u00e3o<\/a>\u00a0e acompanhe a\u00a0<a rel=\"noreferrer noopener\" target=\"_blank\" href=\"https:\/\/www4.tjmg.jus.br\/juridico\/sf\/proc_resultado2.jsp?tipoPesquisa2=1&amp;txtProcesso=10024190271585001&amp;nomePessoa=&amp;tipoPessoa=X&amp;naturezaProcesso=0&amp;situacaoParte=X&amp;codigoOAB2=&amp;tipoOAB=N&amp;ufOAB=MG&amp;numero=20&amp;select=1&amp;listaProcessos=10024190271585001&amp;tipoConsulta=1&amp;natureza=0&amp;ativoBaixado=X&amp;comrCodigo=0024\">movimenta\u00e7\u00e3o do processo<\/a>.<\/p>\n\n\n\n<p class=\"has-text-color has-background has-very-light-gray-color has-very-dark-gray-background-color\">Quer saber as not\u00edcias do <strong>Aconteceu no Vale<\/strong> em primeira m\u00e3o? Siga-nos no Facebook <a rel=\"noreferrer noopener\" href=\"http:\/\/facebook.com\/aconteceunovale\" target=\"_blank\">@aconteceunovale<\/a>, Twitter <a rel=\"noreferrer noopener\" href=\"https:\/\/twitter.com\/noticiadosvales\" target=\"_blank\">@noticiadosvales<\/a> e Instagram <a rel=\"noreferrer noopener\" href=\"https:\/\/www.instagram.com\/aconteceunovale\" target=\"_blank\">@aconteceunovale<\/a>.<\/p>\n","protected":false},"excerpt":{"rendered":"<p>A 6\u00aa C\u00e2mara Criminal do Tribunal de Justi\u00e7a de Minas Gerais (TJMG) rejeitou recurso de um homem que pretendia reduzir sua pena por tr\u00e1fico de drogas. O jovem de 20 anos foi detido quando comercializava os entorpecentes em evento conhecido popularmente como \u201cBaile do Onze\u201d, no Aglomerado do Taquaril, em Belo Horizonte. O acusado recebeu [&hellip;]<\/p>\n","protected":false},"author":1,"featured_media":158999,"comment_status":"open","ping_status":"closed","sticky":false,"template":"","format":"standard","meta":{"amp_status":"","footnotes":""},"categories":[123],"tags":[216773,216774,194,1017,140692,216771,216775,270,216772,92646],"class_list":["post-158998","post","type-post","status-publish","format-standard","has-post-thumbnail","hentry","category-gerais","tag-aglomerado-do-taquaril","tag-baile-do-onze","tag-belo-horizonte","tag-bh","tag-justica-de-minas-gerais","tag-justica-de-minas-gerais-mantem-pena-por-trafico-em-baile-funk","tag-preso-por-tafico-no-baile-do-onze","tag-tjmg","tag-trafico-no-baile-do-onze","tag-tribunal-de-justica-de-minas-gerais"],"_links":{"self":[{"href":"https:\/\/aconteceunovale.com.br\/portal\/index.php?rest_route=\/wp\/v2\/posts\/158998","targetHints":{"allow":["GET"]}}],"collection":[{"href":"https:\/\/aconteceunovale.com.br\/portal\/index.php?rest_route=\/wp\/v2\/posts"}],"about":[{"href":"https:\/\/aconteceunovale.com.br\/portal\/index.php?rest_route=\/wp\/v2\/types\/post"}],"author":[{"embeddable":true,"href":"https:\/\/aconteceunovale.com.br\/portal\/index.php?rest_route=\/wp\/v2\/users\/1"}],"replies":[{"embeddable":true,"href":"https:\/\/aconteceunovale.com.br\/portal\/index.php?rest_route=%2Fwp%2Fv2%2Fcomments&post=158998"}],"version-history":[{"count":1,"href":"https:\/\/aconteceunovale.com.br\/portal\/index.php?rest_route=\/wp\/v2\/posts\/158998\/revisions"}],"predecessor-version":[{"id":159000,"href":"https:\/\/aconteceunovale.com.br\/portal\/index.php?rest_route=\/wp\/v2\/posts\/158998\/revisions\/159000"}],"wp:featuredmedia":[{"embeddable":true,"href":"https:\/\/aconteceunovale.com.br\/portal\/index.php?rest_route=\/wp\/v2\/media\/158999"}],"wp:attachment":[{"href":"https:\/\/aconteceunovale.com.br\/portal\/index.php?rest_route=%2Fwp%2Fv2%2Fmedia&parent=158998"}],"wp:term":[{"taxonomy":"category","embeddable":true,"href":"https:\/\/aconteceunovale.com.br\/portal\/index.php?rest_route=%2Fwp%2Fv2%2Fcategories&post=158998"},{"taxonomy":"post_tag","embeddable":true,"href":"https:\/\/aconteceunovale.com.br\/portal\/index.php?rest_route=%2Fwp%2Fv2%2Ftags&post=158998"}],"curies":[{"name":"wp","href":"https:\/\/api.w.org\/{rel}","templated":true}]}}