{"id":158973,"date":"2020-02-21T11:55:22","date_gmt":"2020-02-21T14:55:22","guid":{"rendered":"http:\/\/aconteceunovale.com.br\/portal\/?p=158973"},"modified":"2020-02-21T11:57:42","modified_gmt":"2020-02-21T14:57:42","slug":"meta-do-ima-e-vacinar-80-do-rebanho-contra-brucelose","status":"publish","type":"post","link":"https:\/\/aconteceunovale.com.br\/portal\/?p=158973","title":{"rendered":"Meta do IMA \u00e9 vacinar 80% do rebanho contra brucelose"},"content":{"rendered":"\n<p>O<a href=\"http:\/\/www.ima.mg.gov.br\/\" target=\"_blank\" rel=\"noreferrer noopener\">&nbsp;Instituto Mineiro de Agropecu\u00e1ria (IMA)<\/a>&nbsp;\u00e9 respons\u00e1vel, no estado, pelo controle da brucelose \u2013 uma doen\u00e7a que provoca queda na produ\u00e7\u00e3o de leite, menor ganho de peso dos animais e aborto. Com supervis\u00e3o das bezerras de Minas Gerais, a institui\u00e7\u00e3o realiza ativamente a imuniza\u00e7\u00e3o dos rebanhos para que a produ\u00e7\u00e3o pecu\u00e1ria n\u00e3o seja comprometida e os animais permane\u00e7am saud\u00e1veis.&nbsp;<\/p>\n\n\n\n<p>No \u00faltimo ano, o \u00edndice de vacina\u00e7\u00e3o contra a brucelose alcan\u00e7ou 78%, aumento de 1% em rela\u00e7\u00e3o a 2018. Isso significa que foram imunizadas quase 1,8 milh\u00e3o de bezerras de 3 a 8 meses de idade, dentro de um universo de 2,2 milh\u00f5es de animais.\u00a0<\/p>\n\n\n\n<figure class=\"wp-block-gallery columns-1 is-cropped wp-block-gallery-1 is-layout-flex wp-block-gallery-is-layout-flex\"><ul class=\"blocks-gallery-grid\"><li class=\"blocks-gallery-item\"><figure><img loading=\"lazy\" decoding=\"async\" width=\"661\" height=\"450\" src=\"http:\/\/aconteceunovale.com.br\/portal\/wp-content\/uploads\/2020\/02\/bezerra_mamando-1.jpg\" alt=\"\" data-id=\"158975\" data-full-url=\"http:\/\/aconteceunovale.com.br\/portal\/wp-content\/uploads\/2020\/02\/bezerra_mamando-1.jpg\" data-link=\"http:\/\/aconteceunovale.com.br\/portal\/?attachment_id=158975\" class=\"wp-image-158975\" srcset=\"https:\/\/aconteceunovale.com.br\/portal\/wp-content\/uploads\/2020\/02\/bezerra_mamando-1.jpg 661w, https:\/\/aconteceunovale.com.br\/portal\/wp-content\/uploads\/2020\/02\/bezerra_mamando-1-300x204.jpg 300w, https:\/\/aconteceunovale.com.br\/portal\/wp-content\/uploads\/2020\/02\/bezerra_mamando-1-617x420.jpg 617w\" sizes=\"auto, (max-width: 661px) 100vw, 661px\" \/><figcaption class=\"blocks-gallery-item__caption\"><em>Foto: Divulga\u00e7\u00e3o \/ IMA<\/em><\/figcaption><\/figure><\/li><\/ul><\/figure>\n\n\n\n<p><strong>Meta\u00a0<\/strong><\/p>\n\n\n\n<p>M\u00e9dica veterin\u00e1ria do IMA, Luciana Faria de Oliveira coordena o Programa de Controle e Erradica\u00e7\u00e3o da Brucelose e Tuberculose no Estado. \u201cFalta pouco para alcan\u00e7armos a meta de 80% de imuniza\u00e7\u00e3o das bezerras. O aumento sucessivo nos percentuais de vacina\u00e7\u00e3o ao longo dos anos de exist\u00eancia da campanha \u00e9 resultado do empenho de todos os servidores do IMA, de boas pr\u00e1ticas de veterin\u00e1rios aut\u00f4nomos em seguir a padroniza\u00e7\u00e3o das atividades propostas e da conscientiza\u00e7\u00e3o dos produtores sobre a import\u00e2ncia da vacina\u00e7\u00e3o contra brucelose\u201d, destaca.\u00a0<\/p>\n\n\n\n<p>Oliveira afirma\u00a0que apenas uma dose de vacina B19 protege as bezerras at\u00e9 a fase adulta. \u201cCom isso, o gasto do produtor com a imuniza\u00e7\u00e3o \u00e9 irris\u00f3rio\u201d, comenta. \u00a0<\/p>\n\n\n\n<p><strong>Cuidado com a aplica\u00e7\u00e3o<\/strong><\/p>\n\n\n\n<p>A veterin\u00e1ria destaca a necessidade de o produtor rural procurar um m\u00e9dico veterin\u00e1rio regularmente cadastrado no IMA para vacinar as bezerras de forma adequada, j\u00e1 que a vacina utilizada \u00e9 do tipo viva atenuada e pode causar a doen\u00e7a no ser humano caso haja algum tipo de acidente durante a aplica\u00e7\u00e3o. \u201cVacinar o rebanho contra doen\u00e7as que causem impacto na sa\u00fade p\u00fablica e na economia do Estado \u00e9 essencial para manter a sanidade de nossos rebanhos e a qualidade dos produtos de origem animal\u201d, argumenta Oliveira.\u00a0<\/p>\n\n\n\n<p><strong>Multas e legisla\u00e7\u00e3o<\/strong><\/p>\n\n\n\n<p>A vacina\u00e7\u00e3o contra a brucelose e a sua declara\u00e7\u00e3o ao IMA, \u00f3rg\u00e3o vinculado \u00e0 Secretaria de Agricultura, Pecu\u00e1ria e Abastecimento (Seapa), s\u00e3o obrigat\u00f3rias desde 1989. O produtor que n\u00e3o vacinar \u00e9 pass\u00edvel de multa de 25 Ufemgs, o que equivale a R$ 92,79\/animal n\u00e3o vacinado. J\u00e1 o produtor que deixar de declarar a vacina\u00e7\u00e3o contra brucelose ao IMA poder\u00e1 ser multado em 5 Ufemgs por animal (R$ 18,55\/animal). O produtor deve vacinar suas bezerras semestralmente, declarando por meio da entrega dos atestados de vacina\u00e7\u00e3o ao IMA at\u00e9 o dia 10 ap\u00f3s o fechamento de cada semestre (10 de janeiro e 10 de julho).\u00a0<\/p>\n\n\n\n<p>Luciana Faria de Oliveira refor\u00e7a que as bezerras imunizadas com a vacina B19 devem ser marcadas no lado esquerdo da face com o n\u00famero zero. \u201cA compra da vacina contra brucelose somente \u00e9 permitida mediante apresenta\u00e7\u00e3o do receitu\u00e1rio, emitido por m\u00e9dico veterin\u00e1rio cadastrado no IMA, que fica retido no estabelecimento comercial. A vacina adquirida deve ser mantida entre dois e oito graus cent\u00edgrados do momento da compra at\u00e9 a vacina\u00e7\u00e3o das f\u00eameas\u201d, explica.\u00a0<\/p>\n\n\n\n<p>Vale lembrar que todo o produtor agropecu\u00e1rio deve procurar o escrit\u00f3rio do IMA mais perto de sua propriedade (<a rel=\"noreferrer noopener\" href=\"http:\/\/ima.mg.gov.br\/atendimento\/nossas-unidades\" target=\"_blank\">clique aqui<\/a>\u00a0para consultar as unidades) para apresentar o atestado de vacina\u00e7\u00e3o emitido pelo veterin\u00e1rio.\u00a0<\/p>\n\n\n\n<p><strong>Zoonose<\/strong><\/p>\n\n\n\n<p>A brucelose \u00e9 uma doen\u00e7a causada pela bact\u00e9ria Brucella abortus. \u00c9 classificada como uma zoonose, pois pode ser transmitida do animal infectado para o ser humano.\u00a0<\/p>\n\n\n\n<p class=\"has-text-color has-background has-very-light-gray-color has-very-dark-gray-background-color\">Quer saber as not\u00edcias do <strong>Aconteceu no Vale<\/strong> em primeira m\u00e3o? Siga-nos no Facebook <a rel=\"noreferrer noopener\" href=\"http:\/\/facebook.com\/aconteceunovale\" target=\"_blank\">@aconteceunovale<\/a>, Twitter <a rel=\"noreferrer noopener\" href=\"https:\/\/twitter.com\/noticiadosvales\" target=\"_blank\">@noticiadosvales<\/a> e Instagram <a rel=\"noreferrer noopener\" href=\"https:\/\/www.instagram.com\/aconteceunovale\" target=\"_blank\">@aconteceunovale<\/a>.<\/p>\n","protected":false},"excerpt":{"rendered":"<p>O&nbsp;Instituto Mineiro de Agropecu\u00e1ria (IMA)&nbsp;\u00e9 respons\u00e1vel, no estado, pelo controle da brucelose \u2013 uma doen\u00e7a que provoca queda na produ\u00e7\u00e3o de leite, menor ganho de peso dos animais e aborto. Com supervis\u00e3o das bezerras de Minas Gerais, a institui\u00e7\u00e3o realiza ativamente a imuniza\u00e7\u00e3o dos rebanhos para que a produ\u00e7\u00e3o pecu\u00e1ria n\u00e3o seja comprometida e os [&hellip;]<\/p>\n","protected":false},"author":1,"featured_media":158974,"comment_status":"open","ping_status":"closed","sticky":false,"template":"","format":"standard","meta":{"amp_status":"","footnotes":""},"categories":[123],"tags":[208597,29835,20955,216746,20954,216749,216748,216745,216750,216747],"class_list":["post-158973","post","type-post","status-publish","format-standard","has-post-thumbnail","hentry","category-gerais","tag-brucella-abortus","tag-brucelose","tag-ima","tag-imunizacao-contra-brucelose","tag-instituto-mineiro-de-agropecuaria","tag-luciana-faria-de-oliveira","tag-medica-veterinaria-do-ima","tag-meta-do-ima-e-vacinar-80-do-rebanho-contra-brucelose","tag-vacina-b19","tag-vacinacao-contra-brucelose"],"_links":{"self":[{"href":"https:\/\/aconteceunovale.com.br\/portal\/index.php?rest_route=\/wp\/v2\/posts\/158973","targetHints":{"allow":["GET"]}}],"collection":[{"href":"https:\/\/aconteceunovale.com.br\/portal\/index.php?rest_route=\/wp\/v2\/posts"}],"about":[{"href":"https:\/\/aconteceunovale.com.br\/portal\/index.php?rest_route=\/wp\/v2\/types\/post"}],"author":[{"embeddable":true,"href":"https:\/\/aconteceunovale.com.br\/portal\/index.php?rest_route=\/wp\/v2\/users\/1"}],"replies":[{"embeddable":true,"href":"https:\/\/aconteceunovale.com.br\/portal\/index.php?rest_route=%2Fwp%2Fv2%2Fcomments&post=158973"}],"version-history":[{"count":1,"href":"https:\/\/aconteceunovale.com.br\/portal\/index.php?rest_route=\/wp\/v2\/posts\/158973\/revisions"}],"predecessor-version":[{"id":158976,"href":"https:\/\/aconteceunovale.com.br\/portal\/index.php?rest_route=\/wp\/v2\/posts\/158973\/revisions\/158976"}],"wp:featuredmedia":[{"embeddable":true,"href":"https:\/\/aconteceunovale.com.br\/portal\/index.php?rest_route=\/wp\/v2\/media\/158974"}],"wp:attachment":[{"href":"https:\/\/aconteceunovale.com.br\/portal\/index.php?rest_route=%2Fwp%2Fv2%2Fmedia&parent=158973"}],"wp:term":[{"taxonomy":"category","embeddable":true,"href":"https:\/\/aconteceunovale.com.br\/portal\/index.php?rest_route=%2Fwp%2Fv2%2Fcategories&post=158973"},{"taxonomy":"post_tag","embeddable":true,"href":"https:\/\/aconteceunovale.com.br\/portal\/index.php?rest_route=%2Fwp%2Fv2%2Ftags&post=158973"}],"curies":[{"name":"wp","href":"https:\/\/api.w.org\/{rel}","templated":true}]}}