{"id":158964,"date":"2020-02-21T07:52:04","date_gmt":"2020-02-21T10:52:04","guid":{"rendered":"http:\/\/aconteceunovale.com.br\/portal\/?p=158964"},"modified":"2020-02-21T07:52:44","modified_gmt":"2020-02-21T10:52:44","slug":"operacao-lais-detem-sete-suspeitos-de-trafico-de-drogas-em-pecanha","status":"publish","type":"post","link":"https:\/\/aconteceunovale.com.br\/portal\/?p=158964","title":{"rendered":"Opera\u00e7\u00e3o La\u00eds det\u00e9m sete suspeitos de tr\u00e1fico de drogas em Pe\u00e7anha"},"content":{"rendered":"\n<p>Sete pessoas foram detidas durante uma opera\u00e7\u00e3o das pol\u00edcias\nCivil e Militar em Pe\u00e7anha, no Leste de Minas, na quinta-feira (20\/02\/2020). A\na\u00e7\u00e3o denominada \u201cOpera\u00e7\u00e3o La\u00eds\u201d, em refer\u00eancia \u00e0 morte de uma adolescente por\nd\u00edvidas de drogas, teve como objetivo o combate ao tr\u00e1fico de entorpecentes no\nmunic\u00edpio.<\/p>\n\n\n\n<p>Segundo informa\u00e7\u00f5es da\nPol\u00edcia Militar (PM), os trabalhos duraram at\u00e9 o in\u00edcio da tarde. Al\u00e9m dos\ndetidos, dois adolescentes e cinco maiores, foram apreendidos tabletes e buchas\nde maconha, pinos de coca\u00edna, tr\u00eas armas e um simulacro, dinheiro e muni\u00e7\u00f5es.<\/p>\n\n\n\n<p>De acordo com a PM, a\nopera\u00e7\u00e3o contou com 50 policiais civis e militares, al\u00e9m do canil e de um\nhelic\u00f3ptero. A\u00e7\u00f5es preventivas na cidade permanecer\u00e3o at\u00e9 o fim do carnaval.<\/p>\n\n\n\n<p>Os autores detidos e os materiais apreendidos foram levados para a delegacia.<\/p>\n\n\n\n<figure class=\"wp-block-gallery columns-1 is-cropped wp-block-gallery-1 is-layout-flex wp-block-gallery-is-layout-flex\"><ul class=\"blocks-gallery-grid\"><li class=\"blocks-gallery-item\"><figure><img loading=\"lazy\" decoding=\"async\" width=\"678\" height=\"330\" src=\"http:\/\/aconteceunovale.com.br\/portal\/wp-content\/uploads\/2020\/02\/trafico_pecanha.jpeg\" alt=\"\" data-id=\"158965\" class=\"wp-image-158965\" srcset=\"https:\/\/aconteceunovale.com.br\/portal\/wp-content\/uploads\/2020\/02\/trafico_pecanha.jpeg 678w, https:\/\/aconteceunovale.com.br\/portal\/wp-content\/uploads\/2020\/02\/trafico_pecanha-300x146.jpeg 300w\" sizes=\"auto, (max-width: 678px) 100vw, 678px\" \/><figcaption class=\"blocks-gallery-item__caption\"><em> Foto: Pol\u00edcia Militar \/ Divulga\u00e7\u00e3o <\/em><\/figcaption><\/figure><\/li><\/ul><\/figure>\n\n\n\n<p class=\"has-text-color has-background has-very-light-gray-color has-very-dark-gray-background-color\">Quer saber as not\u00edcias do <strong>Aconteceu no Vale<\/strong> em primeira m\u00e3o? Siga-nos no Facebook <a rel=\"noreferrer noopener\" href=\"http:\/\/facebook.com\/aconteceunovale\" target=\"_blank\">@aconteceunovale<\/a>, Twitter <a rel=\"noreferrer noopener\" href=\"https:\/\/twitter.com\/noticiadosvales\" target=\"_blank\">@noticiadosvales<\/a> e Instagram <a rel=\"noreferrer noopener\" href=\"https:\/\/www.instagram.com\/aconteceunovale\" target=\"_blank\">@aconteceunovale<\/a>.<\/p>\n","protected":false},"excerpt":{"rendered":"<p>Sete pessoas foram detidas durante uma opera\u00e7\u00e3o das pol\u00edcias Civil e Militar em Pe\u00e7anha, no Leste de Minas, na quinta-feira (20\/02\/2020). A a\u00e7\u00e3o denominada \u201cOpera\u00e7\u00e3o La\u00eds\u201d, em refer\u00eancia \u00e0 morte de uma adolescente por d\u00edvidas de drogas, teve como objetivo o combate ao tr\u00e1fico de entorpecentes no munic\u00edpio. Segundo informa\u00e7\u00f5es da Pol\u00edcia Militar (PM), os [&hellip;]<\/p>\n","protected":false},"author":1,"featured_media":158965,"comment_status":"open","ping_status":"closed","sticky":false,"template":"","format":"standard","meta":{"amp_status":"","footnotes":""},"categories":[121],"tags":[216738,216736,216737,306,87388,216739,87382,167185],"class_list":["post-158964","post","type-post","status-publish","format-standard","has-post-thumbnail","hentry","category-leste","tag-operacao-em-pecanha","tag-operacao-lais-detem-sete-suspeitos-de-trafico-de-drogas-em-pecanha","tag-operacao-lais-em-pecanha","tag-pecanha","tag-presos-em-pecanha","tag-traficantes-presos-em-pecanha","tag-trafico-de-drogas-em-pecanha","tag-trafico-em-pecanha"],"_links":{"self":[{"href":"https:\/\/aconteceunovale.com.br\/portal\/index.php?rest_route=\/wp\/v2\/posts\/158964","targetHints":{"allow":["GET"]}}],"collection":[{"href":"https:\/\/aconteceunovale.com.br\/portal\/index.php?rest_route=\/wp\/v2\/posts"}],"about":[{"href":"https:\/\/aconteceunovale.com.br\/portal\/index.php?rest_route=\/wp\/v2\/types\/post"}],"author":[{"embeddable":true,"href":"https:\/\/aconteceunovale.com.br\/portal\/index.php?rest_route=\/wp\/v2\/users\/1"}],"replies":[{"embeddable":true,"href":"https:\/\/aconteceunovale.com.br\/portal\/index.php?rest_route=%2Fwp%2Fv2%2Fcomments&post=158964"}],"version-history":[{"count":1,"href":"https:\/\/aconteceunovale.com.br\/portal\/index.php?rest_route=\/wp\/v2\/posts\/158964\/revisions"}],"predecessor-version":[{"id":158966,"href":"https:\/\/aconteceunovale.com.br\/portal\/index.php?rest_route=\/wp\/v2\/posts\/158964\/revisions\/158966"}],"wp:featuredmedia":[{"embeddable":true,"href":"https:\/\/aconteceunovale.com.br\/portal\/index.php?rest_route=\/wp\/v2\/media\/158965"}],"wp:attachment":[{"href":"https:\/\/aconteceunovale.com.br\/portal\/index.php?rest_route=%2Fwp%2Fv2%2Fmedia&parent=158964"}],"wp:term":[{"taxonomy":"category","embeddable":true,"href":"https:\/\/aconteceunovale.com.br\/portal\/index.php?rest_route=%2Fwp%2Fv2%2Fcategories&post=158964"},{"taxonomy":"post_tag","embeddable":true,"href":"https:\/\/aconteceunovale.com.br\/portal\/index.php?rest_route=%2Fwp%2Fv2%2Ftags&post=158964"}],"curies":[{"name":"wp","href":"https:\/\/api.w.org\/{rel}","templated":true}]}}