{"id":158960,"date":"2020-02-21T07:44:52","date_gmt":"2020-02-21T10:44:52","guid":{"rendered":"http:\/\/aconteceunovale.com.br\/portal\/?p=158960"},"modified":"2020-02-21T07:48:04","modified_gmt":"2020-02-21T10:48:04","slug":"motociclista-morre-em-acidente-no-leste-de-minas-2","status":"publish","type":"post","link":"https:\/\/aconteceunovale.com.br\/portal\/?p=158960","title":{"rendered":"Motociclista morre em acidente no Leste de Minas"},"content":{"rendered":"\n<p>Um motociclista de 60 anos morreu ap\u00f3s colidir contra a traseira\nde um caminh\u00e3o na BR-474, entre as cidades de Ipanema (MG) e Aimor\u00e9s (MG), na\nmanh\u00e3 de quinta-feira (20\/02\/2020). Segundo a Pol\u00edcia Militar\nRodovi\u00e1ria (PMRv), o ve\u00edculo de carga teve problemas mec\u00e2nicos e ficou parado\nem um trecho da rodovia que n\u00e3o tinha acostamento. <\/p>\n\n\n\n<p>Ainda segundo a pol\u00edcia, a\nv\u00edtima Azilton Matias de Amaral estava em alta velocidade e n\u00e3o conseguiu\ndesviar do caminh\u00e3o. O motorista bateu na traseira do ve\u00edculo de carga e morreu\nno local.<\/p>\n\n\n\n<p>O corpo da v\u00edtima foi levado para o Instituto M\u00e9dico Legal (IML) de Governador Valadares (MG). As causas do acidente ser\u00e3o investigadas.<\/p>\n\n\n\n<figure class=\"wp-block-gallery columns-1 is-cropped wp-block-gallery-1 is-layout-flex wp-block-gallery-is-layout-flex\"><ul class=\"blocks-gallery-grid\"><li class=\"blocks-gallery-item\"><figure><img loading=\"lazy\" decoding=\"async\" width=\"678\" height=\"378\" src=\"http:\/\/aconteceunovale.com.br\/portal\/wp-content\/uploads\/2020\/02\/acidente_aimores.jpg\" alt=\"\" data-id=\"158961\" class=\"wp-image-158961\" srcset=\"https:\/\/aconteceunovale.com.br\/portal\/wp-content\/uploads\/2020\/02\/acidente_aimores.jpg 678w, https:\/\/aconteceunovale.com.br\/portal\/wp-content\/uploads\/2020\/02\/acidente_aimores-300x167.jpg 300w\" sizes=\"auto, (max-width: 678px) 100vw, 678px\" \/><figcaption class=\"blocks-gallery-item__caption\"><em>Foto: Reprodu\u00e7\u00e3o \/ WhatsApp<\/em><\/figcaption><\/figure><\/li><\/ul><\/figure>\n\n\n\n<p class=\"has-text-color has-background has-very-light-gray-color has-very-dark-gray-background-color\">Quer saber as not\u00edcias do <strong>Aconteceu no Vale<\/strong> em primeira m\u00e3o? Siga-nos no Facebook <a rel=\"noreferrer noopener\" href=\"http:\/\/facebook.com\/aconteceunovale\" target=\"_blank\">@aconteceunovale<\/a>, Twitter <a rel=\"noreferrer noopener\" href=\"https:\/\/twitter.com\/noticiadosvales\" target=\"_blank\">@noticiadosvales<\/a> e Instagram <a rel=\"noreferrer noopener\" href=\"https:\/\/www.instagram.com\/aconteceunovale\" target=\"_blank\">@aconteceunovale<\/a>.<\/p>\n","protected":false},"excerpt":{"rendered":"<p>Um motociclista de 60 anos morreu ap\u00f3s colidir contra a traseira de um caminh\u00e3o na BR-474, entre as cidades de Ipanema (MG) e Aimor\u00e9s (MG), na manh\u00e3 de quinta-feira (20\/02\/2020). Segundo a Pol\u00edcia Militar Rodovi\u00e1ria (PMRv), o ve\u00edculo de carga teve problemas mec\u00e2nicos e ficou parado em um trecho da rodovia que n\u00e3o tinha acostamento. [&hellip;]<\/p>\n","protected":false},"author":1,"featured_media":158961,"comment_status":"open","ping_status":"closed","sticky":false,"template":"","format":"standard","meta":{"amp_status":"","footnotes":""},"categories":[121],"tags":[273,216735,247,1732,204515,216734],"class_list":["post-158960","post","type-post","status-publish","format-standard","has-post-thumbnail","hentry","category-leste","tag-aimores","tag-azilton-matias-de-amaral","tag-governador-valadares","tag-ipanema","tag-motociclista-morre-em-acidente-no-leste-de-minas","tag-motociclista-morre-em-acidente-no-trecho-entre-ipanema-e-aimores"],"_links":{"self":[{"href":"https:\/\/aconteceunovale.com.br\/portal\/index.php?rest_route=\/wp\/v2\/posts\/158960","targetHints":{"allow":["GET"]}}],"collection":[{"href":"https:\/\/aconteceunovale.com.br\/portal\/index.php?rest_route=\/wp\/v2\/posts"}],"about":[{"href":"https:\/\/aconteceunovale.com.br\/portal\/index.php?rest_route=\/wp\/v2\/types\/post"}],"author":[{"embeddable":true,"href":"https:\/\/aconteceunovale.com.br\/portal\/index.php?rest_route=\/wp\/v2\/users\/1"}],"replies":[{"embeddable":true,"href":"https:\/\/aconteceunovale.com.br\/portal\/index.php?rest_route=%2Fwp%2Fv2%2Fcomments&post=158960"}],"version-history":[{"count":1,"href":"https:\/\/aconteceunovale.com.br\/portal\/index.php?rest_route=\/wp\/v2\/posts\/158960\/revisions"}],"predecessor-version":[{"id":158962,"href":"https:\/\/aconteceunovale.com.br\/portal\/index.php?rest_route=\/wp\/v2\/posts\/158960\/revisions\/158962"}],"wp:featuredmedia":[{"embeddable":true,"href":"https:\/\/aconteceunovale.com.br\/portal\/index.php?rest_route=\/wp\/v2\/media\/158961"}],"wp:attachment":[{"href":"https:\/\/aconteceunovale.com.br\/portal\/index.php?rest_route=%2Fwp%2Fv2%2Fmedia&parent=158960"}],"wp:term":[{"taxonomy":"category","embeddable":true,"href":"https:\/\/aconteceunovale.com.br\/portal\/index.php?rest_route=%2Fwp%2Fv2%2Fcategories&post=158960"},{"taxonomy":"post_tag","embeddable":true,"href":"https:\/\/aconteceunovale.com.br\/portal\/index.php?rest_route=%2Fwp%2Fv2%2Ftags&post=158960"}],"curies":[{"name":"wp","href":"https:\/\/api.w.org\/{rel}","templated":true}]}}