{"id":158952,"date":"2020-02-20T23:24:28","date_gmt":"2020-02-21T02:24:28","guid":{"rendered":"http:\/\/aconteceunovale.com.br\/portal\/?p=158952"},"modified":"2020-02-20T23:30:32","modified_gmt":"2020-02-21T02:30:32","slug":"capelinha-tem-novo-delegado-regional","status":"publish","type":"post","link":"https:\/\/aconteceunovale.com.br\/portal\/?p=158952","title":{"rendered":"Capelinha tem novo Delegado Regional"},"content":{"rendered":"\n<p>A Pol\u00edcia Civil de Minas Gerais (PCMG) celebrou, nesta quinta-feira (20\/02\/2020), a transmiss\u00e3o de cargo da chefia da Delegacia Regional em Capelinha, no Vale do Jequitinhonha. O Delegado Felipe Pontual Meira assinou, na ocasi\u00e3o, o termo de posse juntamente com o Delegado Assistente da Chefia da PCMG, Delegado Ailton Aparecido de Lacerda, que representou na solenidade o Chefe da Pol\u00edcia Civil, Delegado Wagner Pinto de Souza.<\/p>\n\n\n\n<p>Felipe Pontual assume o cargo em substitui\u00e7\u00e3o ao Delegado Thiago Rocha Ferreira, que tamb\u00e9m esteve presente no evento e destacou os avan\u00e7os que a PCMG conquistou durante sua gest\u00e3o.<\/p>\n\n\n\n<p>Dentre os pontos abordados, Ferreira assinalou as atividades da Circunscri\u00e7\u00e3o Regional de Tr\u00e2nsito (Ciretran), que passou a ter uma comiss\u00e3o examinadora de tr\u00e2nsito totalmente composta por policiais civis de Capelinha, garantindo assim agilidade no servi\u00e7o de habilita\u00e7\u00e3o para os cidad\u00e3os. O servi\u00e7o de identifica\u00e7\u00e3o civil tamb\u00e9m foi otimizado com a ativa\u00e7\u00e3o dos postos de identifica\u00e7\u00e3o de Berilo e Carbonita, dispensando o deslocamento da popula\u00e7\u00e3o para outros munic\u00edpios em busca da carteira de identidade.<\/p>\n\n\n\n<p>Sob a gest\u00e3o de Ferreira, a PCMG tamb\u00e9m conseguiu, por meio de conv\u00eanio com o Conselho Comunit\u00e1rio de Seguran\u00e7a P\u00fablica (Consep), investimento na ordem de R$ 118 mil para reforma e amplia\u00e7\u00e3o da Delegacia de Pol\u00edcia Civil em Capelinha. \u201cEssas e outras muitas conquistas foram poss\u00edveis gra\u00e7as ao trabalho s\u00e9rio, comprometido e leal aos valores e princ\u00edpios \u00e9ticos dos servidores de todas as carreiras que trabalharam comigo durante a minha gest\u00e3o\u201d, agradeceu o Delegado.<\/p>\n\n\n\n<figure class=\"wp-block-gallery columns-1 is-cropped wp-block-gallery-1 is-layout-flex wp-block-gallery-is-layout-flex\"><ul class=\"blocks-gallery-grid\"><li class=\"blocks-gallery-item\"><figure><img loading=\"lazy\" decoding=\"async\" width=\"616\" height=\"450\" src=\"http:\/\/aconteceunovale.com.br\/portal\/wp-content\/uploads\/2020\/02\/novo_delegado_cap.jpg\" alt=\"\" data-id=\"158953\" class=\"wp-image-158953\" srcset=\"https:\/\/aconteceunovale.com.br\/portal\/wp-content\/uploads\/2020\/02\/novo_delegado_cap.jpg 616w, https:\/\/aconteceunovale.com.br\/portal\/wp-content\/uploads\/2020\/02\/novo_delegado_cap-300x219.jpg 300w, https:\/\/aconteceunovale.com.br\/portal\/wp-content\/uploads\/2020\/02\/novo_delegado_cap-575x420.jpg 575w\" sizes=\"auto, (max-width: 616px) 100vw, 616px\" \/><figcaption class=\"blocks-gallery-item__caption\"><em>Foto: Divulga\u00e7\u00e3o \/ PCMG<\/em><\/figcaption><\/figure><\/li><\/ul><\/figure>\n\n\n\n<h2 class=\"wp-block-heading\">Novo Delegado Regional<\/h2>\n\n\n\n<p>\u00c0 frente da Delegacia Regional, Felipe Pontual ir\u00e1 coordenar as atividades das seis delegacias subordinas \u00e0 unidade: \u00c1gua Boa, Capelinha, Delegacia de Plant\u00e3o de Capelinha, Itamarandiba, Minas Novas e Turmalina. As unidades abrangem o atendimento de 15 munic\u00edpios, num total de aproximadamente 220 mil habitantes.<\/p>\n\n\n\n<p>Durante seu discurso, Felipe Pontual agradeceu a contribui\u00e7\u00e3o do Delegado Thiago Ferreira pelo trabalho exemplar na gest\u00e3o da Regional de Capelinha e se comprometeu a dar continuidade \u00e0s melhorias na seguran\u00e7a p\u00fablica da regi\u00e3o. \u201cTive oportunidade de conhecer e equipe em Capelinha e sei que o recurso humano que temos \u00e9 muito rico. Pretendo contribuir ainda mais para a excel\u00eancia de nossa atua\u00e7\u00e3o na Regional de Capelinha\u201d, assinalou.<\/p>\n\n\n\n<p>O Chefe do 14\u00ba Departamento de Pol\u00edcia Civil em Capelinha, Delegado-Geral Andr\u00e9 Pelli, desejou ao novo Delegado Regional um \u00f3timo per\u00edodo de gest\u00e3o, destacando a import\u00e2ncia do comprometimento com os anseios da popula\u00e7\u00e3o. \u201cNossos chefes, na verdade, s\u00e3o os cidad\u00e3os. Por isso, desejo que fa\u00e7a um trabalho zeloso com a coisa p\u00fablica e saiba que o resultado do seu trabalho ser\u00e1 reconhecido e, principalmente, sentido pela popula\u00e7\u00e3o. A sensa\u00e7\u00e3o de seguran\u00e7a cresce na medida que a Pol\u00edcia Civil investiga e tira de circula\u00e7\u00e3o os indiv\u00edduos que trazem degrada\u00e7\u00e3o social\u201d, disse.<\/p>\n\n\n\n<p>O Delegado Assistente da Chefia da Pol\u00edcia Civil, Ailton Aparecido de Lacerda, endossou as recomenda\u00e7\u00f5es do Chefe de Departamento e ressaltou o grande desafio que Felipe Pontual tem pela frente. \u201cSabemos do grande desafio e responsabilidade que o senhor tem pela frente. Mas a Chefia e o Conselho Superior de Pol\u00edcia Civil reconhecem sua capacidade e comprometimento para desenvolver um trabalho de excel\u00eancia no novo cargo\u201d, declarou.<\/p>\n\n\n\n<p>Estiveram presentes tamb\u00e9m na solenidade o Chefe do 15\u00ba Departamento de Pol\u00edcia Civil em Te\u00f3filo Otoni, Delegado-Geral R\u00f4mulo Quintino da Silva; o Presidente da C\u00e2mara Municipal de Capelinha, Wilson Carlos de Abreu; a Ju\u00edza de Direito Naiara Le\u00e3o Rodrigues Saldanha; o Diretor do Pres\u00eddio de Turmalina, Jos\u00e9 Carlos de Jesus Vieira; o Comandante da 23\u00aa Companhia da Pol\u00edcia Militar de Minas Gerais, Tenente Coronel Gilberto de Jesus Costa; o Promotor de Justi\u00e7a Daniel Lessa Costa e o Promotor de Justi\u00e7a Cristiano Moreira Silva.<\/p>\n\n\n\n<h2 class=\"wp-block-heading\">Curr\u00edculo<\/h2>\n\n\n\n<p>O Delegado Felipe Pontual Meira Rosa \u00e9 graduado em Direito pelo Centro Universit\u00e1rio Metodista Bennett. \u00c9 p\u00f3s-graduado em Direito e Administra\u00e7\u00e3o P\u00fablica pela Universidade Gama Filho, no Rio de Janeiro.<\/p>\n\n\n\n<p>Come\u00e7ou sua carreira na Pol\u00edcia Civil de Minas Gerais em 2007, quando foi lotado no munic\u00edpio de Turmalina. Nos anos seguintes, assumiu a titularidade das delegacias das cidades de Minas Novas e Itamarandiba, sendo tamb\u00e9m membro da Banca de Investiga\u00e7\u00e3o Social da Academia de Pol\u00edcia Civil de Minas Gerais. E em 2019, foi nomeado titular da Delegacia Regional em Capelinha.<\/p>\n\n\n\n<p>Entre as forma\u00e7\u00f5es operacionais complementares do Delegado destacam-se cursos de Combate em Ambientes Confinados, Progress\u00e3o em \u00c1rea de Risco, Manuten\u00e7\u00e3o e Manuseio de Armamento Imbel, Operador de Pistola, Operador T\u00e1tico de Fuzil e Pistola, Confronto Armado em Ambiente Urbano, Baixa Luminosidade e Fuzil Policial.<\/p>\n\n\n\n<p>Entre os cursos te\u00f3ricos do titular desta delegacia est\u00e3o: Curso de Atualiza\u00e7\u00e3o do Novo C\u00f3digo Civil, Cursos de Investiga\u00e7\u00e3o Criminal, Prepara\u00e7\u00e3o para Chefia Policial, Identifica\u00e7\u00e3o de Arma de Fogo, Implanta\u00e7\u00e3o do Protocolo de Humaniza\u00e7\u00e3o do Atendimento \u00e0s V\u00edtimas de Viol\u00eancia Sexual, Gerenciamento de Crises e Treinamento B\u00e1sico de Sistema de Comando em Opera\u00e7\u00f5es.<\/p>\n\n\n\n<p>Como honrarias, recebeu o Trof\u00e9u \u201cO Tira\u201d, de 2012 pela Pol\u00edcia Civil; a Comenda Professor Firmo de Paula Freire, em Turmalina; Colaborador da Pol\u00edcia Militar, no Vale do Jequitinhonha; e o T\u00edtulo de Cidad\u00e3o Honor\u00e1rio de Turmalina.<\/p>\n\n\n\n<p>Antes de ingressar na Pol\u00edcia Civil de Minas Gerais, o Delegado j\u00e1 atuou na Defensoria P\u00fablica do Estado do Rio de Janeiro e no Minist\u00e9rio da Ci\u00eancia e Tecnologia.<\/p>\n\n\n\n<p class=\"has-text-color has-background has-very-light-gray-color has-very-dark-gray-background-color\">Quer saber as not\u00edcias do <strong>Aconteceu no Vale<\/strong> em primeira m\u00e3o? Siga-nos no Facebook <a rel=\"noreferrer noopener\" href=\"http:\/\/facebook.com\/aconteceunovale\" target=\"_blank\">@aconteceunovale<\/a>, Twitter <a rel=\"noreferrer noopener\" href=\"https:\/\/twitter.com\/noticiadosvales\" target=\"_blank\">@noticiadosvales<\/a> e Instagram <a rel=\"noreferrer noopener\" href=\"https:\/\/www.instagram.com\/aconteceunovale\" target=\"_blank\">@aconteceunovale<\/a>.<\/p>\n","protected":false},"excerpt":{"rendered":"<p>A Pol\u00edcia Civil de Minas Gerais (PCMG) celebrou, nesta quinta-feira (20\/02\/2020), a transmiss\u00e3o de cargo da chefia da Delegacia Regional em Capelinha, no Vale do Jequitinhonha. O Delegado Felipe Pontual Meira assinou, na ocasi\u00e3o, o termo de posse juntamente com o Delegado Assistente da Chefia da PCMG, Delegado Ailton Aparecido de Lacerda, que representou na [&hellip;]<\/p>\n","protected":false},"author":1,"featured_media":158953,"comment_status":"open","ping_status":"closed","sticky":false,"template":"","format":"standard","meta":{"amp_status":"","footnotes":""},"categories":[120],"tags":[130,216719,132,216732,216730,45735,216716,216720,216725,216715,216714,216708,216713,216712,216718,216711,216729,216707,63551,209815,216717,216721,1018,25349,216710,20157,149,216724,216723,137,216709,604,44644,133798,216728,216727,216726,60116,178,216731,216722],"class_list":["post-158952","post","type-post","status-publish","format-standard","has-post-thumbnail","hentry","category-jequi","tag-agua-boa","tag-ailton-aparecido-de-lacerda","tag-capelinha","tag-capelinha-tem-novo-delegado-regional","tag-centro-universitario-metodista-bennett","tag-chefe-da-policia-civil","tag-chefe-do-14o-departamento-de-policia-civil-em-capelinha","tag-chefe-do-15o-departamento-de-policia-civil-em-teofilo-otoni","tag-comandante-da-23a-companhia-da-policia-militar-de-minas-gerais","tag-delegacia-de-plantao-de-capelinha","tag-delegacia-de-policia-civil-em-capelinha","tag-delegacia-regional-em-capelinha","tag-delegado-ailton-aparecido-de-lacerda","tag-delegado-assistente-da-chefia-da-pcmg","tag-delegado-assistente-da-chefia-da-policia-civil","tag-delegado-felipe-pontual-meira","tag-delegado-felipe-pontual-meira-rosa","tag-delegado-regional-de-capelinha","tag-delegado-thiago-rocha-ferreira","tag-delegado-wagner-pinto-de-souza","tag-delegado-geral-andre-pelli","tag-delegado-geral-romulo-quintino-da-silva","tag-destaque","tag-felipe-pontual","tag-felipe-pontual-meira","tag-felipe-pontual-meira-rosa","tag-itamarandiba","tag-jose-carlos-de-jesus-vieira","tag-juiza-de-direito-naiara-leao-rodrigues-saldanha-o-diretor-do-presidio-de-turmalina","tag-minas-novas","tag-novo-delegado-regional-de-capelinha","tag-pcmg","tag-policia-civil-de-minas-gerais","tag-presidente-da-camara-municipal-de-capelinha","tag-promotor-de-justica-cristiano-moreira-silva","tag-promotor-de-justica-daniel-lessa-costa","tag-tenente-coronel-gilberto-de-jesus-costa","tag-thiago-rocha-ferreira","tag-turmalina","tag-universidade-gama-filho","tag-wilson-carlos-de-abreu"],"_links":{"self":[{"href":"https:\/\/aconteceunovale.com.br\/portal\/index.php?rest_route=\/wp\/v2\/posts\/158952","targetHints":{"allow":["GET"]}}],"collection":[{"href":"https:\/\/aconteceunovale.com.br\/portal\/index.php?rest_route=\/wp\/v2\/posts"}],"about":[{"href":"https:\/\/aconteceunovale.com.br\/portal\/index.php?rest_route=\/wp\/v2\/types\/post"}],"author":[{"embeddable":true,"href":"https:\/\/aconteceunovale.com.br\/portal\/index.php?rest_route=\/wp\/v2\/users\/1"}],"replies":[{"embeddable":true,"href":"https:\/\/aconteceunovale.com.br\/portal\/index.php?rest_route=%2Fwp%2Fv2%2Fcomments&post=158952"}],"version-history":[{"count":1,"href":"https:\/\/aconteceunovale.com.br\/portal\/index.php?rest_route=\/wp\/v2\/posts\/158952\/revisions"}],"predecessor-version":[{"id":158954,"href":"https:\/\/aconteceunovale.com.br\/portal\/index.php?rest_route=\/wp\/v2\/posts\/158952\/revisions\/158954"}],"wp:featuredmedia":[{"embeddable":true,"href":"https:\/\/aconteceunovale.com.br\/portal\/index.php?rest_route=\/wp\/v2\/media\/158953"}],"wp:attachment":[{"href":"https:\/\/aconteceunovale.com.br\/portal\/index.php?rest_route=%2Fwp%2Fv2%2Fmedia&parent=158952"}],"wp:term":[{"taxonomy":"category","embeddable":true,"href":"https:\/\/aconteceunovale.com.br\/portal\/index.php?rest_route=%2Fwp%2Fv2%2Fcategories&post=158952"},{"taxonomy":"post_tag","embeddable":true,"href":"https:\/\/aconteceunovale.com.br\/portal\/index.php?rest_route=%2Fwp%2Fv2%2Ftags&post=158952"}],"curies":[{"name":"wp","href":"https:\/\/api.w.org\/{rel}","templated":true}]}}