{"id":158943,"date":"2020-02-20T21:10:55","date_gmt":"2020-02-21T00:10:55","guid":{"rendered":"http:\/\/aconteceunovale.com.br\/portal\/?p=158943"},"modified":"2020-02-20T23:13:11","modified_gmt":"2020-02-21T02:13:11","slug":"programacao-completa-do-carnaval-bom-d-2020-minas-novas-mg","status":"publish","type":"post","link":"https:\/\/aconteceunovale.com.br\/portal\/?p=158943","title":{"rendered":"Programa\u00e7\u00e3o completa do Carnaval Bom D+ 2020 &#8211; Minas Novas (MG)"},"content":{"rendered":"\n<figure class=\"wp-block-image size-large\"><img decoding=\"async\" src=\"http:\/\/aconteceu.info\/pub\/programacao_carnaval_minas_novas.jpg\" alt=\"\"\/><\/figure>\n\n\n\n<p><strong>21\/02\/2020 (sexta-feira)<\/strong><\/p>\n\n\n\n<ul class=\"wp-block-list\"><li>08h00 &#8211; Carnaval das Escolas (Jos\u00e9 Henrique)<\/li><li>23h00 &#8211; Trio Oasis\/Circuito Gruta (No Beat + Kosmos)<\/li><\/ul>\n\n\n\n<p><strong>22\/02\/2020 (s\u00e1bado)<\/strong><\/p>\n\n\n\n<ul class=\"wp-block-list\"><li>14h00 \u00e0s 20h00 &#8211; Som Automotivo<\/li><li>16h00 &#8211; Triozinho (Pedro Morais + Dalton Magalh\u00e3es)<\/li><li>17h00 &#8211; Mercado do Samba (T\u00falio Macedo + Alma Santa)<\/li><li>23h00 &#8211; Trio Oasis\/Circuito Gruta (Rapazolla + M\u00e3e Ded\u00ea)<\/li><\/ul>\n\n\n\n<p><strong>23\/02\/2020 (domingo)<\/strong><\/p>\n\n\n\n<ul class=\"wp-block-list\"><li>14h00 \u00e0s 20h00 &#8211; Som Automotivo<\/li><li>16h00 &#8211; Triozinho (Jos\u00e9 Henrique)<\/li><li>17h00 &#8211; Mercado do Samba (O Groove + No Beat)<\/li><li>23h00 &#8211; Trio Oasis\/Circuito Gruta (Tati Meira + Ax\u00e9 Pop)<\/li><\/ul>\n\n\n\n<p><strong>24\/02\/2020 (segunda-feira)<\/strong><\/p>\n\n\n\n<ul class=\"wp-block-list\"><li>14h00 \u00e0s 20h00 &#8211; Som Automotivo<\/li><li>16h00 &#8211; Triozinho (Jos\u00e9 Henrique)<\/li><li>17h00 &#8211; Mercado do Samba (M\u00e3e Ded\u00ea + Kosmos)<\/li><li>23h00 &#8211; Trio Oasis\/Circuito Gruta (Israel Novaes + Alma Santa)<\/li><\/ul>\n\n\n\n<p><strong>23\/02\/2020 (domingo)<\/strong><\/p>\n\n\n\n<ul class=\"wp-block-list\"><li>16h00 &#8211; Triozinho (Jos\u00e9 Henrique)<\/li><li>17h00 &#8211; Trio Oasis\/Circuito Gruta (Barco a Vela + Mania Boa + T\u00falio Macedo)<\/li><\/ul>\n\n\n\n<p><strong>Realiza\u00e7\u00e3o:<\/strong> Prefeitura de Minas Novas<\/p>\n\n\n\n<p><strong>Apoio: <\/strong>C\u00e2mara Municipal de Minas Novas, Pol\u00edcia Militar, Pol\u00edcia Civil, Corpo de Bombeiros, Circuito Tur\u00edstico das Pedras Preciosas e Copasa<\/p>\n","protected":false},"excerpt":{"rendered":"<p>21\/02\/2020 (sexta-feira) 08h00 &#8211; Carnaval das Escolas (Jos\u00e9 Henrique) 23h00 &#8211; Trio Oasis\/Circuito Gruta (No Beat + Kosmos) 22\/02\/2020 (s\u00e1bado) 14h00 \u00e0s 20h00 &#8211; Som Automotivo 16h00 &#8211; Triozinho (Pedro Morais + Dalton Magalh\u00e3es) 17h00 &#8211; Mercado do Samba (T\u00falio Macedo + Alma Santa) 23h00 &#8211; Trio Oasis\/Circuito Gruta (Rapazolla + M\u00e3e Ded\u00ea) 23\/02\/2020 (domingo) [&hellip;]<\/p>\n","protected":false},"author":1,"featured_media":158944,"comment_status":"open","ping_status":"closed","sticky":false,"template":"","format":"standard","meta":{"amp_status":"","footnotes":""},"categories":[125,120],"tags":[216689,216694,216685,216686,3989,216690,1018,216696,137,51345,216684,216687,216691,216692,216688,216693,216695],"class_list":["post-158943","post","type-post","status-publish","format-standard","has-post-thumbnail","hentry","category-noticias","category-jequi","tag-atracoes-do-carnaval-bom-d-2020","tag-atracoes-do-carnaval-de-minas-novas-2020","tag-carnaval-bom-d-2020","tag-carnaval-bom-d-2020-em-minas-novas","tag-carnaval-de-minas-novas","tag-carnaval-de-minas-novas-2020","tag-destaque","tag-israel-novaes-no-carnaval-de-minas-novas-2020","tag-minas-novas","tag-prefeitura-de-minas-novas","tag-programacao-completa-do-carnaval-bom-d-2020","tag-programacao-do-carnaval-bom-d-2020","tag-programacao-do-carnaval-de-minas-novas-2020","tag-rapazolla-no-carnaval-de-minas-novas-2020","tag-shows-do-carnaval-bom-d-2020","tag-shows-do-carnaval-de-minas-novas-2020","tag-tati-meira-no-carnaval-de-minas-novas-2020"],"_links":{"self":[{"href":"https:\/\/aconteceunovale.com.br\/portal\/index.php?rest_route=\/wp\/v2\/posts\/158943","targetHints":{"allow":["GET"]}}],"collection":[{"href":"https:\/\/aconteceunovale.com.br\/portal\/index.php?rest_route=\/wp\/v2\/posts"}],"about":[{"href":"https:\/\/aconteceunovale.com.br\/portal\/index.php?rest_route=\/wp\/v2\/types\/post"}],"author":[{"embeddable":true,"href":"https:\/\/aconteceunovale.com.br\/portal\/index.php?rest_route=\/wp\/v2\/users\/1"}],"replies":[{"embeddable":true,"href":"https:\/\/aconteceunovale.com.br\/portal\/index.php?rest_route=%2Fwp%2Fv2%2Fcomments&post=158943"}],"version-history":[{"count":1,"href":"https:\/\/aconteceunovale.com.br\/portal\/index.php?rest_route=\/wp\/v2\/posts\/158943\/revisions"}],"predecessor-version":[{"id":158945,"href":"https:\/\/aconteceunovale.com.br\/portal\/index.php?rest_route=\/wp\/v2\/posts\/158943\/revisions\/158945"}],"wp:featuredmedia":[{"embeddable":true,"href":"https:\/\/aconteceunovale.com.br\/portal\/index.php?rest_route=\/wp\/v2\/media\/158944"}],"wp:attachment":[{"href":"https:\/\/aconteceunovale.com.br\/portal\/index.php?rest_route=%2Fwp%2Fv2%2Fmedia&parent=158943"}],"wp:term":[{"taxonomy":"category","embeddable":true,"href":"https:\/\/aconteceunovale.com.br\/portal\/index.php?rest_route=%2Fwp%2Fv2%2Fcategories&post=158943"},{"taxonomy":"post_tag","embeddable":true,"href":"https:\/\/aconteceunovale.com.br\/portal\/index.php?rest_route=%2Fwp%2Fv2%2Ftags&post=158943"}],"curies":[{"name":"wp","href":"https:\/\/api.w.org\/{rel}","templated":true}]}}