{"id":158940,"date":"2020-02-20T17:19:09","date_gmt":"2020-02-20T20:19:09","guid":{"rendered":"http:\/\/aconteceunovale.com.br\/portal\/?p=158940"},"modified":"2020-02-20T23:13:25","modified_gmt":"2020-02-21T02:13:25","slug":"programa-para-fazer-declaracao-do-imposto-de-renda-ja-esta-disponivel","status":"publish","type":"post","link":"https:\/\/aconteceunovale.com.br\/portal\/?p=158940","title":{"rendered":"Programa para fazer Declara\u00e7\u00e3o do Imposto de Renda j\u00e1 est\u00e1 dispon\u00edvel"},"content":{"rendered":"\n<p>O&nbsp;<a href=\"http:\/\/receita.economia.gov.br\/interface\/cidadao\/irpf\/2020\/download\/windows\" target=\"_blank\" rel=\"noreferrer noopener\">programa gerador<\/a>&nbsp;da Declara\u00e7\u00e3o de Imposto de Renda (IR) de 2020, referente ao ano-base 2019, j\u00e1 est\u00e1 dispon\u00edvel para ser baixado na p\u00e1gina da Receita Federal. O prazo de entrega da declara\u00e7\u00e3o come\u00e7ar\u00e1 \u00e0s 8h de 2 de mar\u00e7o e ir\u00e1 at\u00e9 as 23h59min59s de 30 de abril.<\/p>\n\n\n\n<p>Deve entregar a declara\u00e7\u00e3o 2020 (ano-base 2019) o contribuinte que recebeu rendimentos tribut\u00e1veis superiores a R$ 28.559,70 no ano passado, o equivalente a R$ 2.196,90 por m\u00eas, inclu\u00eddo o d\u00e9cimo terceiro. Tamb\u00e9m deve apresentar o documento quem teve receita bruta de atividade rural superior a R$ 142.798,50; contribuintes com rendimentos isentos, n\u00e3o tribut\u00e1veis ou tributados exclusivamente na fonte de mais de R$ 40 mil, e contribuintes com patrim\u00f4nio de mais de R$ 300 mil em 31 de dezembro.<\/p>\n\n\n\n<p>Tamb\u00e9m deve entregar a declara\u00e7\u00e3o quem obteve, em qualquer m\u00eas, ganho de capital na aliena\u00e7\u00e3o de bens ou direitos ou fez opera\u00e7\u00f5es na bolsa de valores; quem passou \u00e0 condi\u00e7\u00e3o de residente no Brasil em qualquer m\u00eas no ano passado e quem optou pela isen\u00e7\u00e3o de Imposto de Renda incidente sobre o ganho de capital na venda de im\u00f3veis residenciais e comprou outro im\u00f3vel at\u00e9 180 dias depois da venda.<\/p>\n\n\n\n<h2 class=\"wp-block-heading\">Dedu\u00e7\u00f5es<\/h2>\n\n\n\n<p>Exceto no caso das contribui\u00e7\u00f5es de empregadas dom\u00e9sticas e de fundos para direitos de idosos, os valores de dedu\u00e7\u00f5es n\u00e3o mudaram em rela\u00e7\u00e3o a 2019. O limite de abatimentos na declara\u00e7\u00e3o simplificada continuar\u00e1 em R$ 16.754,30. As dedu\u00e7\u00f5es por dependente, em R$ 2,275,08. As dedu\u00e7\u00f5es de gastos com educa\u00e7\u00e3o, em R$ 3.561,30. As contribui\u00e7\u00f5es para a previd\u00eancia complementar poder\u00e3o totalizar at\u00e9 12% do rendimento tribut\u00e1vel.<\/p>\n\n\n\n<h2 class=\"wp-block-heading\">Restitui\u00e7\u00e3o do Imposto de Renda<\/h2>\n\n\n\n<p>A partir deste ano, a Receita Federal antecipar\u00e1 o pagamento dos lotes de restitui\u00e7\u00e3o do Imposto de Renda Pessoa F\u00edsica. Tradicionalmente paga em sete lotes, de junho a dezembro, a restitui\u00e7\u00e3o ser\u00e1 paga em cinco lotes, do fim de maio ao fim de setembro.<\/p>\n\n\n\n<p>O primeiro lote ser\u00e1 pago em 29 de maio. Os lotes seguintes ser\u00e3o pagos em 30 de junho, 31 de julho, 31 de agosto e 30 de setembro.<\/p>\n\n\n\n<p class=\"has-text-color has-background has-very-light-gray-color has-very-dark-gray-background-color\">Quer saber as not\u00edcias do <strong>Aconteceu no Vale<\/strong> em primeira m\u00e3o? Siga-nos no Facebook <a rel=\"noreferrer noopener\" href=\"http:\/\/facebook.com\/aconteceunovale\" target=\"_blank\">@aconteceunovale<\/a>, Twitter <a rel=\"noreferrer noopener\" href=\"https:\/\/twitter.com\/noticiadosvales\" target=\"_blank\">@noticiadosvales<\/a> e Instagram <a rel=\"noreferrer noopener\" href=\"https:\/\/www.instagram.com\/aconteceunovale\" target=\"_blank\">@aconteceunovale<\/a>.<\/p>\n","protected":false},"excerpt":{"rendered":"<p>O&nbsp;programa gerador&nbsp;da Declara\u00e7\u00e3o de Imposto de Renda (IR) de 2020, referente ao ano-base 2019, j\u00e1 est\u00e1 dispon\u00edvel para ser baixado na p\u00e1gina da Receita Federal. O prazo de entrega da declara\u00e7\u00e3o come\u00e7ar\u00e1 \u00e0s 8h de 2 de mar\u00e7o e ir\u00e1 at\u00e9 as 23h59min59s de 30 de abril. Deve entregar a declara\u00e7\u00e3o 2020 (ano-base 2019) o [&hellip;]<\/p>\n","protected":false},"author":1,"featured_media":148228,"comment_status":"open","ping_status":"closed","sticky":false,"template":"","format":"standard","meta":{"amp_status":"","footnotes":""},"categories":[6],"tags":[216671,216669,1018,216672,216670,195880,195881,216682,216683,1464,216667,216673,216674,216668],"class_list":["post-158940","post","type-post","status-publish","format-standard","has-post-thumbnail","hentry","category-br","tag-declaracao-do-imposto-de-renda-2020","tag-declaracao-do-ir-2020","tag-destaque","tag-imposto-de-renda-2020","tag-ir-2020","tag-programa-imposto-de-renda","tag-programa-irpf","tag-programa-para-fazer-declaracao-do-imposto-de-renda","tag-programa-para-fazer-declaracao-do-imposto-de-renda-2020-ja-esta-disponivel","tag-receita-federal","tag-receita-federal-anuncia-regras-da-declaracao-do-ir-2020","tag-regras-do-imposto-de-renda-2020","tag-regras-ir-2020","tag-rf"],"_links":{"self":[{"href":"https:\/\/aconteceunovale.com.br\/portal\/index.php?rest_route=\/wp\/v2\/posts\/158940","targetHints":{"allow":["GET"]}}],"collection":[{"href":"https:\/\/aconteceunovale.com.br\/portal\/index.php?rest_route=\/wp\/v2\/posts"}],"about":[{"href":"https:\/\/aconteceunovale.com.br\/portal\/index.php?rest_route=\/wp\/v2\/types\/post"}],"author":[{"embeddable":true,"href":"https:\/\/aconteceunovale.com.br\/portal\/index.php?rest_route=\/wp\/v2\/users\/1"}],"replies":[{"embeddable":true,"href":"https:\/\/aconteceunovale.com.br\/portal\/index.php?rest_route=%2Fwp%2Fv2%2Fcomments&post=158940"}],"version-history":[{"count":1,"href":"https:\/\/aconteceunovale.com.br\/portal\/index.php?rest_route=\/wp\/v2\/posts\/158940\/revisions"}],"predecessor-version":[{"id":158941,"href":"https:\/\/aconteceunovale.com.br\/portal\/index.php?rest_route=\/wp\/v2\/posts\/158940\/revisions\/158941"}],"wp:featuredmedia":[{"embeddable":true,"href":"https:\/\/aconteceunovale.com.br\/portal\/index.php?rest_route=\/wp\/v2\/media\/148228"}],"wp:attachment":[{"href":"https:\/\/aconteceunovale.com.br\/portal\/index.php?rest_route=%2Fwp%2Fv2%2Fmedia&parent=158940"}],"wp:term":[{"taxonomy":"category","embeddable":true,"href":"https:\/\/aconteceunovale.com.br\/portal\/index.php?rest_route=%2Fwp%2Fv2%2Fcategories&post=158940"},{"taxonomy":"post_tag","embeddable":true,"href":"https:\/\/aconteceunovale.com.br\/portal\/index.php?rest_route=%2Fwp%2Fv2%2Ftags&post=158940"}],"curies":[{"name":"wp","href":"https:\/\/api.w.org\/{rel}","templated":true}]}}