{"id":158932,"date":"2020-02-19T20:28:56","date_gmt":"2020-02-19T23:28:56","guid":{"rendered":"http:\/\/aconteceunovale.com.br\/portal\/?p=158932"},"modified":"2020-02-19T20:29:06","modified_gmt":"2020-02-19T23:29:06","slug":"receita-federal-anuncia-regras-da-declaracao-do-ir-2020","status":"publish","type":"post","link":"https:\/\/aconteceunovale.com.br\/portal\/?p=158932","title":{"rendered":"Receita Federal anuncia regras da declara\u00e7\u00e3o do IR 2020"},"content":{"rendered":"\n<p>A Receita Federal concedeu entrevista \u00e0 imprensa hoje (19) para anunciar as regras de entrega, prazos e funcionalidades do Programa da Declara\u00e7\u00e3o de Imposto de Renda da Pessoa F\u00edsica de 2020. A coletiva foi no audit\u00f3rio do Minist\u00e9rio da Economia.<\/p>\n\n\n\n<p>No ano passado,\u00a0o \u00f3rg\u00e3o recebeu mais de 30,6 milh\u00f5es\u00a0de declara\u00e7\u00f5es dentro do prazo, o que representa um crescimento de 4,8% em rela\u00e7\u00e3o a 2018 (29,3 milh\u00f5es). A estimativa do Fisco era receber 28,8 milh\u00f5es de documentos.<\/p>\n\n\n\n<p>Veja a entrevista na \u00edntegra:<\/p>\n\n\n\n<iframe loading=\"lazy\" src=\"https:\/\/www.facebook.com\/plugins\/video.php?href=https%3A%2F%2Fwww.facebook.com%2Fagenciabrasil.ebc%2Fvideos%2F172102300894921%2F&#038;show_text=0&#038;width=560\" width=\"560\" height=\"315\" style=\"border:none;overflow:hidden\" scrolling=\"no\" frameborder=\"0\" allowTransparency=\"true\" allowFullScreen=\"true\"><\/iframe>\n\n\n\n<p class=\"has-text-color has-background has-very-light-gray-color has-very-dark-gray-background-color\">Quer saber as not\u00edcias do <strong>Aconteceu no Vale<\/strong> em primeira m\u00e3o? Siga-nos no Facebook <a rel=\"noreferrer noopener\" href=\"http:\/\/facebook.com\/aconteceunovale\" target=\"_blank\">@aconteceunovale<\/a>, Twitter <a rel=\"noreferrer noopener\" href=\"https:\/\/twitter.com\/noticiadosvales\" target=\"_blank\">@noticiadosvales<\/a> e Instagram <a rel=\"noreferrer noopener\" href=\"https:\/\/www.instagram.com\/aconteceunovale\" target=\"_blank\">@aconteceunovale<\/a>.<\/p>\n","protected":false},"excerpt":{"rendered":"<p>A Receita Federal concedeu entrevista \u00e0 imprensa hoje (19) para anunciar as regras de entrega, prazos e funcionalidades do Programa da Declara\u00e7\u00e3o de Imposto de Renda da Pessoa F\u00edsica de 2020. A coletiva foi no audit\u00f3rio do Minist\u00e9rio da Economia. No ano passado,\u00a0o \u00f3rg\u00e3o recebeu mais de 30,6 milh\u00f5es\u00a0de declara\u00e7\u00f5es dentro do prazo, o que [&hellip;]<\/p>\n","protected":false},"author":1,"featured_media":158933,"comment_status":"open","ping_status":"closed","sticky":false,"template":"","format":"standard","meta":{"amp_status":"","footnotes":""},"categories":[6],"tags":[216671,216669,216672,216670,1464,216667,216673,216674,216668],"class_list":["post-158932","post","type-post","status-publish","format-standard","has-post-thumbnail","hentry","category-br","tag-declaracao-do-imposto-de-renda-2020","tag-declaracao-do-ir-2020","tag-imposto-de-renda-2020","tag-ir-2020","tag-receita-federal","tag-receita-federal-anuncia-regras-da-declaracao-do-ir-2020","tag-regras-do-imposto-de-renda-2020","tag-regras-ir-2020","tag-rf"],"_links":{"self":[{"href":"https:\/\/aconteceunovale.com.br\/portal\/index.php?rest_route=\/wp\/v2\/posts\/158932","targetHints":{"allow":["GET"]}}],"collection":[{"href":"https:\/\/aconteceunovale.com.br\/portal\/index.php?rest_route=\/wp\/v2\/posts"}],"about":[{"href":"https:\/\/aconteceunovale.com.br\/portal\/index.php?rest_route=\/wp\/v2\/types\/post"}],"author":[{"embeddable":true,"href":"https:\/\/aconteceunovale.com.br\/portal\/index.php?rest_route=\/wp\/v2\/users\/1"}],"replies":[{"embeddable":true,"href":"https:\/\/aconteceunovale.com.br\/portal\/index.php?rest_route=%2Fwp%2Fv2%2Fcomments&post=158932"}],"version-history":[{"count":1,"href":"https:\/\/aconteceunovale.com.br\/portal\/index.php?rest_route=\/wp\/v2\/posts\/158932\/revisions"}],"predecessor-version":[{"id":158934,"href":"https:\/\/aconteceunovale.com.br\/portal\/index.php?rest_route=\/wp\/v2\/posts\/158932\/revisions\/158934"}],"wp:featuredmedia":[{"embeddable":true,"href":"https:\/\/aconteceunovale.com.br\/portal\/index.php?rest_route=\/wp\/v2\/media\/158933"}],"wp:attachment":[{"href":"https:\/\/aconteceunovale.com.br\/portal\/index.php?rest_route=%2Fwp%2Fv2%2Fmedia&parent=158932"}],"wp:term":[{"taxonomy":"category","embeddable":true,"href":"https:\/\/aconteceunovale.com.br\/portal\/index.php?rest_route=%2Fwp%2Fv2%2Fcategories&post=158932"},{"taxonomy":"post_tag","embeddable":true,"href":"https:\/\/aconteceunovale.com.br\/portal\/index.php?rest_route=%2Fwp%2Fv2%2Ftags&post=158932"}],"curies":[{"name":"wp","href":"https:\/\/api.w.org\/{rel}","templated":true}]}}