{"id":158926,"date":"2020-02-19T20:11:14","date_gmt":"2020-02-19T23:11:14","guid":{"rendered":"http:\/\/aconteceunovale.com.br\/portal\/?p=158926"},"modified":"2020-02-19T20:11:33","modified_gmt":"2020-02-19T23:11:33","slug":"dolar-passa-de-r-436-e-renova-recorde-desde-criacao-do-real","status":"publish","type":"post","link":"https:\/\/aconteceunovale.com.br\/portal\/?p=158926","title":{"rendered":"D\u00f3lar passa de R$ 4,36 e renova recorde desde cria\u00e7\u00e3o do real"},"content":{"rendered":"\n<p>Em mais um dia de oscila\u00e7\u00f5es no c\u00e2mbio, o d\u00f3lar subiu novamente e voltou a fechar no maior valor nominal desde a cria\u00e7\u00e3o do real. Nesta&nbsp;quarta-feira (19), o d\u00f3lar comercial encerrou a sess\u00e3o vendido a R$ 4,366, com alta de R$ 0,008 (+0,18%).<\/p>\n\n\n\n<p>Foi o terceiro dia seguido de valoriza\u00e7\u00e3o da divisa, que operou em alta durante toda a sess\u00e3o. A cota\u00e7\u00e3o operou em forte alta no in\u00edcio dos neg\u00f3cios, chegando a encostar em R$ 4,38 na m\u00e1xima do dia, por volta das 12h10. O c\u00e2mbio, no entanto, desacelerou ao longo da sess\u00e3o, at\u00e9 fechar pr\u00f3ximo da estabilidade. Desde o come\u00e7o do ano, o d\u00f3lar acumula valoriza\u00e7\u00e3o de 8,8%.<\/p>\n\n\n\n<p>O Banco Central (BC) n\u00e3o tomou novas medidas para segurar a cota\u00e7\u00e3o.&nbsp;Hoje, a autoridade monet\u00e1ria leiloou US$ 650 milh\u00f5es para rolar (renovar) contratos de&nbsp;<em>swap<\/em>&nbsp;cambial \u2013 que equivalem \u00e0 venda de d\u00f3lares no mercado futuro \u2013 com vencimento em abril. O leil\u00e3o faz parte da rolagem de US$ 13 bilh\u00f5es de<em>&nbsp;swap<\/em>&nbsp;que venceriam daqui a dois meses.<\/p>\n\n\n\n<p>No mercado de a\u00e7\u00f5es, o dia foi marcado pela recupera\u00e7\u00e3o. Depois de uma pequena queda&nbsp;ontem (18), o \u00edndice Ibovespa, da B3 (antiga Bolsa de Valores de S\u00e3o Paulo), encerrou esta&nbsp;quarta-feira aos 116.518 pontos, com alta de 1,34%.<\/p>\n\n\n\n<p>Nas \u00faltimas semanas, o mercado financeiro em todo o mundo tem atravessado turbul\u00eancias em meio ao receio do impacto do coronav\u00edrus sobre a economia global. A interrup\u00e7\u00e3o da produ\u00e7\u00e3o em diversas ind\u00fastrias da China est\u00e1 afetando as cadeias internacionais de produ\u00e7\u00e3o. Ind\u00fastrias de diversos pa\u00edses, inclusive do Brasil, sofrem com a falta de mat\u00e9ria-prima para fabricar e montar produtos.<\/p>\n\n\n\n<p>A desacelera\u00e7\u00e3o da China tamb\u00e9m pode fazer o pa\u00eds asi\u00e1tico consumir menos insumos, min\u00e9rios e produtos agropecu\u00e1rios brasileiros. Uma eventual redu\u00e7\u00e3o das exporta\u00e7\u00f5es para o principal parceiro comercial do Brasil reduz a entrada de d\u00f3lares, pressionando a cota\u00e7\u00e3o.<\/p>\n\n\n\n<p>Entre os fatores\u00a0dom\u00e9sticos que t\u00eam provocado a valoriza\u00e7\u00e3o do d\u00f3lar, est\u00e1 a decis\u00e3o recente do Comit\u00ea de Pol\u00edtica Monet\u00e1ria (Copom) do Banco Central de reduzir a taxa Selic \u2013 juros b\u00e1sicos \u2013 para 4,25% ao ano, o menor n\u00edvel da hist\u00f3ria. Juros mais baixos desestimulam a entrada de capitais estrangeiros no Brasil, tamb\u00e9m puxando a cota\u00e7\u00e3o para cima.<\/p>\n\n\n\n<p class=\"has-text-color has-background has-very-light-gray-color has-very-dark-gray-background-color\">Quer saber as not\u00edcias do <strong>Aconteceu no Vale<\/strong> em primeira m\u00e3o? Siga-nos no Facebook <a rel=\"noreferrer noopener\" href=\"http:\/\/facebook.com\/aconteceunovale\" target=\"_blank\">@aconteceunovale<\/a>, Twitter <a rel=\"noreferrer noopener\" href=\"https:\/\/twitter.com\/noticiadosvales\" target=\"_blank\">@noticiadosvales<\/a> e Instagram <a rel=\"noreferrer noopener\" href=\"https:\/\/www.instagram.com\/aconteceunovale\" target=\"_blank\">@aconteceunovale<\/a>.<\/p>\n","protected":false},"excerpt":{"rendered":"<p>Em mais um dia de oscila\u00e7\u00f5es no c\u00e2mbio, o d\u00f3lar subiu novamente e voltou a fechar no maior valor nominal desde a cria\u00e7\u00e3o do real. Nesta&nbsp;quarta-feira (19), o d\u00f3lar comercial encerrou a sess\u00e3o vendido a R$ 4,366, com alta de R$ 0,008 (+0,18%). Foi o terceiro dia seguido de valoriza\u00e7\u00e3o da divisa, que operou em [&hellip;]<\/p>\n","protected":false},"author":1,"featured_media":158927,"comment_status":"open","ping_status":"closed","sticky":false,"template":"","format":"standard","meta":{"amp_status":"","footnotes":""},"categories":[6,28848],"tags":[34428,20088,173682,216656,216654,216655,141742,216657,37630],"class_list":["post-158926","post","type-post","status-publish","format-standard","has-post-thumbnail","hentry","category-br","category-mundo","tag-alta-do-dolar","tag-cotacao-do-dolar","tag-desvalorizacao-do-real","tag-dolar-passa-de-r-4-36","tag-dolar-passa-de-r-4-36-e-renova-recorde-desde-criacao-do-real","tag-dolar-renova-recorde-desde-criacao-do-real","tag-dolar-sobe","tag-super-valorizacao-do-dolar","tag-valorizacao-do-dolar"],"_links":{"self":[{"href":"https:\/\/aconteceunovale.com.br\/portal\/index.php?rest_route=\/wp\/v2\/posts\/158926","targetHints":{"allow":["GET"]}}],"collection":[{"href":"https:\/\/aconteceunovale.com.br\/portal\/index.php?rest_route=\/wp\/v2\/posts"}],"about":[{"href":"https:\/\/aconteceunovale.com.br\/portal\/index.php?rest_route=\/wp\/v2\/types\/post"}],"author":[{"embeddable":true,"href":"https:\/\/aconteceunovale.com.br\/portal\/index.php?rest_route=\/wp\/v2\/users\/1"}],"replies":[{"embeddable":true,"href":"https:\/\/aconteceunovale.com.br\/portal\/index.php?rest_route=%2Fwp%2Fv2%2Fcomments&post=158926"}],"version-history":[{"count":1,"href":"https:\/\/aconteceunovale.com.br\/portal\/index.php?rest_route=\/wp\/v2\/posts\/158926\/revisions"}],"predecessor-version":[{"id":158928,"href":"https:\/\/aconteceunovale.com.br\/portal\/index.php?rest_route=\/wp\/v2\/posts\/158926\/revisions\/158928"}],"wp:featuredmedia":[{"embeddable":true,"href":"https:\/\/aconteceunovale.com.br\/portal\/index.php?rest_route=\/wp\/v2\/media\/158927"}],"wp:attachment":[{"href":"https:\/\/aconteceunovale.com.br\/portal\/index.php?rest_route=%2Fwp%2Fv2%2Fmedia&parent=158926"}],"wp:term":[{"taxonomy":"category","embeddable":true,"href":"https:\/\/aconteceunovale.com.br\/portal\/index.php?rest_route=%2Fwp%2Fv2%2Fcategories&post=158926"},{"taxonomy":"post_tag","embeddable":true,"href":"https:\/\/aconteceunovale.com.br\/portal\/index.php?rest_route=%2Fwp%2Fv2%2Ftags&post=158926"}],"curies":[{"name":"wp","href":"https:\/\/api.w.org\/{rel}","templated":true}]}}