{"id":158919,"date":"2020-02-19T16:04:43","date_gmt":"2020-02-19T19:04:43","guid":{"rendered":"http:\/\/aconteceunovale.com.br\/portal\/?p=158919"},"modified":"2020-02-19T16:06:23","modified_gmt":"2020-02-19T19:06:23","slug":"carnaval-com-natureza-e-opcao-nos-parques-de-minas-gerais","status":"publish","type":"post","link":"https:\/\/aconteceunovale.com.br\/portal\/?p=158919","title":{"rendered":"Carnaval com natureza \u00e9 op\u00e7\u00e3o nos parques de Minas Gerais"},"content":{"rendered":"\n<p>Os interessados em curtir um Carnaval em contato com a natureza t\u00eam nos parques estaduais de Minas Gerais op\u00e7\u00f5es que oferecem banhos de cachoeira, subidas a picos, trilhas, passeios pela Mata Atl\u00e2ntica e Cerrado e visita a grutas.<\/p>\n\n\n\n<p>As unidades de conserva\u00e7\u00e3o administrada pelo\u00a0<a href=\"http:\/\/www.ief.mg.gov.br\/\" target=\"_blank\" rel=\"noreferrer noopener\" aria-label=\" (abre numa nova aba)\">Instituto Estadual de Florestas (IEF)<\/a>\u00a0est\u00e3o presentes em diversas regi\u00f5es do estado e algumas prepararam atividades espec\u00edficas para o per\u00edodo da folia.<\/p>\n\n\n\n<p><strong>Zona da Mata<\/strong><\/p>\n\n\n\n<p>No Parque Estadual da Serra do Brigadeiro, na regi\u00e3o da Zona da Mata, a programa\u00e7\u00e3o ter\u00e1 in\u00edcio no s\u00e1bado (22\/2), com a realiza\u00e7\u00e3o de uma trilha at\u00e9 a Pedra do Pato. A atividade tem n\u00edvel de dificuldade m\u00e9dio, com dura\u00e7\u00e3o de cerca de 7 horas e sa\u00edda \u00e0s 8h30. As inscri\u00e7\u00f5es est\u00e3o limitadas a 15 pessoas e a realiza\u00e7\u00e3o da atividade depende das condi\u00e7\u00f5es clim\u00e1ticas.&nbsp;<\/p>\n\n\n\n<p>No domingo (23\/2), a partir das 17h, ser\u00e1 realizada a Trilha do P\u00f4r do Sol, com dura\u00e7\u00e3o de cerca de 3 horas. As inscri\u00e7\u00f5es podem ser feitas pelo telefone (32) 3721-7491.<\/p>\n\n\n\n<p>Durante todo o per\u00edodo do Carnaval, o parque realizar\u00e1 ainda a trilha sensorial, com os participantes vendados e podendo explorar os sentidos do olfato, tato e audi\u00e7\u00e3o para conhecer melhor a biodiversidade local. Outras atividades s\u00e3o as caminhadas at\u00e9 os Picos do Grama e Muriqui e brincadeiras l\u00fadicas para crian\u00e7as.<\/p>\n\n\n\n<figure class=\"wp-block-gallery columns-1 is-cropped wp-block-gallery-1 is-layout-flex wp-block-gallery-is-layout-flex\"><ul class=\"blocks-gallery-grid\"><li class=\"blocks-gallery-item\"><figure><img loading=\"lazy\" decoding=\"async\" width=\"560\" height=\"370\" src=\"http:\/\/aconteceunovale.com.br\/portal\/wp-content\/uploads\/2020\/02\/lagoa_do_bispo.jpg\" alt=\"\" data-id=\"158920\" data-full-url=\"http:\/\/aconteceunovale.com.br\/portal\/wp-content\/uploads\/2020\/02\/lagoa_do_bispo.jpg\" data-link=\"http:\/\/aconteceunovale.com.br\/portal\/?attachment_id=158920\" class=\"wp-image-158920\" srcset=\"https:\/\/aconteceunovale.com.br\/portal\/wp-content\/uploads\/2020\/02\/lagoa_do_bispo.jpg 560w, https:\/\/aconteceunovale.com.br\/portal\/wp-content\/uploads\/2020\/02\/lagoa_do_bispo-300x198.jpg 300w\" sizes=\"auto, (max-width: 560px) 100vw, 560px\" \/><figcaption class=\"blocks-gallery-item__caption\"><em>A Lagoa do Bispo, no Parque Estadual do Rio Doce, \u00e9 o principal local de visita\u00e7\u00e3o na unidade de conserva\u00e7\u00e3o &#8211; Foto: Evandro Rodney \/ IEF<\/em><\/figcaption><\/figure><\/li><\/ul><\/figure>\n\n\n\n<p><strong>Ecofolia<\/strong><\/p>\n\n\n\n<p>J\u00e1 em sua 7\u00aa edi\u00e7\u00e3o, o Ecofolia, realizado no Parque Estadual Mata do Limoeiro, em Ipoema, distrito de Itabira, envolve visitantes e comunidade do entorno. A programa\u00e7\u00e3o inclui painel com debates sobre o parque com institui\u00e7\u00f5es e lideran\u00e7as locais; caminhada noturna; apresenta\u00e7\u00f5es culturais; lan\u00e7amento da exposi\u00e7\u00e3o \u201cDrummond: Vida e Obra\u201d; trilha dos sentidos; plantio de mudas; homenagens e palestras.<\/p>\n\n\n\n<p>O projeto conta com o patroc\u00ednio e apoio de empres\u00e1rios locais, da Prefeitura de Itabira e do Minist\u00e9rio P\u00fablico. Durante a programa\u00e7\u00e3o ocorrer\u00e1 o lan\u00e7amento da 20\u00ba edi\u00e7\u00e3o da Revista Gigante Verde, que, pela primeira vez, ser\u00e1 impressa e distribu\u00edda a moradores e visitantes como forma de divulga\u00e7\u00e3o e conhecimento das a\u00e7\u00f5es desenvolvidas no parque e seu papel de prote\u00e7\u00e3o e inclus\u00e3o.<\/p>\n\n\n\n<p><strong>Biribiri<\/strong><\/p>\n\n\n\n<p>Em Diamantina, o Parque Estadual do Biribiri realiza o projeto &#8220;Em harmonia com a folia&#8221;. Durante os cinco dias do recesso de Carnaval, a equipe do IEF desenvolver\u00e1 atividades de educa\u00e7\u00e3o ambiental e orienta\u00e7\u00e3o aos visitantes para a prote\u00e7\u00e3o das riquezas naturais da unidade de conserva\u00e7\u00e3o, localizada numa das cidades mineiras mais procuradas no feriado.<\/p>\n\n\n\n<p>O trabalho tamb\u00e9m inclui levantamento de dados de visitantes e \u00e9 realizado em conjunto com volunt\u00e1rios selecionados especialmente para a a\u00e7\u00e3o.<\/p>\n\n\n\n<p><strong>Rio Doce<\/strong><\/p>\n\n\n\n<p>Na regi\u00e3o Leste do Estado, a equipe do Parque Estadual do Rio Doce espera receber um grande n\u00famero de turistas durante o per\u00edodo do Carnaval. Em 2019, foram 664 visitantes.<\/p>\n\n\n\n<p>Para este ano, a unidade de conserva\u00e7\u00e3o realizar\u00e1 os j\u00e1 tradicionais trekkings na Trilha do Vinh\u00e1tico e na Trilha do Angico Vermelho, al\u00e9m de atividades de introdu\u00e7\u00e3o a t\u00e9cnicas de observa\u00e7\u00e3o de aves na Mata Atl\u00e2ntica.<\/p>\n\n\n\n<p><strong>Rei do Mato<\/strong><\/p>\n\n\n\n<p>O Monumento Natural Estadual Gruta Rei do Mato, em Sete Lagoas, manter\u00e1 as visitas \u00e0 gruta durante os dias do Carnaval. O diferencial ser\u00e1 uma matin\u00ea com as crian\u00e7as da Associa\u00e7\u00e3o de Pais e Amigos dos Excepcionais (Apae) da cidade, no dia 20\/2, com atividades educativas ligadas a quest\u00e3o ambiental.<\/p>\n\n\n\n<p>A unidade integra a Rota Lund que tamb\u00e9m inclui o Parque Estadual do Sumidouro, onde fica a Gruta da Lapinha, e o Monumento Natural Peter Lund, onde est\u00e1 localizada a Gruta de Maquin\u00e9.<\/p>\n\n\n\n<p><strong>No estado<\/strong><\/p>\n\n\n\n<p>Minas Gerais possui 18 parques estaduais e tr\u00eas monumentos naturais que disp\u00f5em de infraestrutura para receber visitantes.<\/p>\n\n\n\n<p>A rela\u00e7\u00e3o completa das reservas ambientais administradas pelo Governo de Minas, a localiza\u00e7\u00e3o e os atrativos est\u00e3o dispon\u00edveis\u00a0<a rel=\"noreferrer noopener\" aria-label=\" (abre numa nova aba)\" href=\"http:\/\/www.ief.mg.gov.br\/unidades-de-conservacao\/parques-de-minas\" target=\"_blank\">neste link<\/a>.<\/p>\n\n\n\n<p class=\"has-text-color has-background has-very-light-gray-color has-very-dark-gray-background-color\">Quer saber as not\u00edcias do <strong>Aconteceu no Vale<\/strong> em primeira m\u00e3o? Siga-nos no Facebook <a rel=\"noreferrer noopener\" href=\"http:\/\/facebook.com\/aconteceunovale\" target=\"_blank\">@aconteceunovale<\/a>, Twitter <a rel=\"noreferrer noopener\" href=\"https:\/\/twitter.com\/noticiadosvales\" target=\"_blank\">@noticiadosvales<\/a> e Instagram <a rel=\"noreferrer noopener\" href=\"https:\/\/www.instagram.com\/aconteceunovale\" target=\"_blank\">@aconteceunovale<\/a>.<\/p>\n","protected":false},"excerpt":{"rendered":"<p>Os interessados em curtir um Carnaval em contato com a natureza t\u00eam nos parques estaduais de Minas Gerais op\u00e7\u00f5es que oferecem banhos de cachoeira, subidas a picos, trilhas, passeios pela Mata Atl\u00e2ntica e Cerrado e visita a grutas. As unidades de conserva\u00e7\u00e3o administrada pelo\u00a0Instituto Estadual de Florestas (IEF)\u00a0est\u00e3o presentes em diversas regi\u00f5es do estado e [&hellip;]<\/p>\n","protected":false},"author":1,"featured_media":158920,"comment_status":"open","ping_status":"closed","sticky":false,"template":"","format":"standard","meta":{"amp_status":"","footnotes":""},"categories":[123],"tags":[22850,216638,216637,1018,198,216641,216642,748,38221,75714,54620,132532,216639,1532,216640],"class_list":["post-158919","post","type-post","status-publish","format-standard","has-post-thumbnail","hentry","category-gerais","tag-biribiri","tag-carnaval-com-natureza-e-opcao-nos-parques-de-minas-gerais","tag-carnaval-com-natureza-em-minas-gerais","tag-destaque","tag-diamantina","tag-ecofolia","tag-ecofolia-em-ipoema","tag-ief","tag-instituto-estadual-de-florestas","tag-ipoema","tag-parque-estadual-da-serra-do-brigadeiro","tag-parques-estaduais-de-minas-gerais","tag-pedra-do-pato","tag-sete-lagoas","tag-trilha-do-por-do-sol"],"_links":{"self":[{"href":"https:\/\/aconteceunovale.com.br\/portal\/index.php?rest_route=\/wp\/v2\/posts\/158919","targetHints":{"allow":["GET"]}}],"collection":[{"href":"https:\/\/aconteceunovale.com.br\/portal\/index.php?rest_route=\/wp\/v2\/posts"}],"about":[{"href":"https:\/\/aconteceunovale.com.br\/portal\/index.php?rest_route=\/wp\/v2\/types\/post"}],"author":[{"embeddable":true,"href":"https:\/\/aconteceunovale.com.br\/portal\/index.php?rest_route=\/wp\/v2\/users\/1"}],"replies":[{"embeddable":true,"href":"https:\/\/aconteceunovale.com.br\/portal\/index.php?rest_route=%2Fwp%2Fv2%2Fcomments&post=158919"}],"version-history":[{"count":1,"href":"https:\/\/aconteceunovale.com.br\/portal\/index.php?rest_route=\/wp\/v2\/posts\/158919\/revisions"}],"predecessor-version":[{"id":158921,"href":"https:\/\/aconteceunovale.com.br\/portal\/index.php?rest_route=\/wp\/v2\/posts\/158919\/revisions\/158921"}],"wp:featuredmedia":[{"embeddable":true,"href":"https:\/\/aconteceunovale.com.br\/portal\/index.php?rest_route=\/wp\/v2\/media\/158920"}],"wp:attachment":[{"href":"https:\/\/aconteceunovale.com.br\/portal\/index.php?rest_route=%2Fwp%2Fv2%2Fmedia&parent=158919"}],"wp:term":[{"taxonomy":"category","embeddable":true,"href":"https:\/\/aconteceunovale.com.br\/portal\/index.php?rest_route=%2Fwp%2Fv2%2Fcategories&post=158919"},{"taxonomy":"post_tag","embeddable":true,"href":"https:\/\/aconteceunovale.com.br\/portal\/index.php?rest_route=%2Fwp%2Fv2%2Ftags&post=158919"}],"curies":[{"name":"wp","href":"https:\/\/api.w.org\/{rel}","templated":true}]}}