{"id":158912,"date":"2020-02-18T23:44:53","date_gmt":"2020-02-19T02:44:53","guid":{"rendered":"http:\/\/aconteceunovale.com.br\/portal\/?p=158912"},"modified":"2020-02-18T23:47:41","modified_gmt":"2020-02-19T02:47:41","slug":"acidente-entre-caminhao-e-carretas-deixa-um-ferido-na-br-116","status":"publish","type":"post","link":"https:\/\/aconteceunovale.com.br\/portal\/?p=158912","title":{"rendered":"Acidente entre caminh\u00e3o e carretas deixa um ferido na BR-116"},"content":{"rendered":"\n<p>A colis\u00e3o entre um caminh\u00e3o e duas carretas deixou uma pessoa\nferida na BR-116, pr\u00f3ximo a Itambacuri (MG), na manh\u00e3 desta ter\u00e7a-feira (18\/02\/2020).\nO acidente aconteceu por volta das 5h20.<\/p>\n\n\n\n<p>Segundo a Pol\u00edcia Rodovi\u00e1ria\nFederal, o motorista do caminh\u00e3o, que transportava medicamentos, perdeu o\ncontrole da dire\u00e7\u00e3o, invadiu a contram\u00e3o e colidiu contra uma cegonheira. Em seguida,\nconforme o registro policial, o ve\u00edculo ainda atingiu uma carreta dos Correios.<\/p>\n\n\n\n<p>Ainda de acordo com a\nPRF, o condutor do caminh\u00e3o ficou ferido e foi socorrido pelo Samu. Os\nmotoristas dos dois ve\u00edculos atingidos n\u00e3o se feriram.<\/p>\n\n\n\n<p>A rodovia ficou parcialmente interditada por cerca de tr\u00eas horas. As causas do acidente ser\u00e3o investigadas.<\/p>\n\n\n\n<figure class=\"wp-block-gallery columns-1 is-cropped wp-block-gallery-1 is-layout-flex wp-block-gallery-is-layout-flex\"><ul class=\"blocks-gallery-grid\"><li class=\"blocks-gallery-item\"><figure><img loading=\"lazy\" decoding=\"async\" width=\"600\" height=\"450\" src=\"http:\/\/aconteceunovale.com.br\/portal\/wp-content\/uploads\/2020\/02\/acidente_itambacuri.jpg\" alt=\"\" data-id=\"158913\" data-full-url=\"http:\/\/aconteceunovale.com.br\/portal\/wp-content\/uploads\/2020\/02\/acidente_itambacuri.jpg\" data-link=\"http:\/\/aconteceunovale.com.br\/portal\/?attachment_id=158913\" class=\"wp-image-158913\" srcset=\"https:\/\/aconteceunovale.com.br\/portal\/wp-content\/uploads\/2020\/02\/acidente_itambacuri.jpg 600w, https:\/\/aconteceunovale.com.br\/portal\/wp-content\/uploads\/2020\/02\/acidente_itambacuri-300x225.jpg 300w, https:\/\/aconteceunovale.com.br\/portal\/wp-content\/uploads\/2020\/02\/acidente_itambacuri-80x60.jpg 80w, https:\/\/aconteceunovale.com.br\/portal\/wp-content\/uploads\/2020\/02\/acidente_itambacuri-265x198.jpg 265w, https:\/\/aconteceunovale.com.br\/portal\/wp-content\/uploads\/2020\/02\/acidente_itambacuri-560x420.jpg 560w\" sizes=\"auto, (max-width: 600px) 100vw, 600px\" \/><figcaption class=\"blocks-gallery-item__caption\"><em> Foto: Pol\u00edcia Rodovi\u00e1ria Federal\/Divulga\u00e7\u00e3o <\/em><\/figcaption><\/figure><\/li><\/ul><\/figure>\n\n\n\n<p class=\"has-text-color has-background has-very-light-gray-color has-very-dark-gray-background-color\">Quer saber as not\u00edcias do <strong>Aconteceu no Vale<\/strong> em primeira m\u00e3o? Siga-nos no Facebook <a rel=\"noreferrer noopener\" href=\"http:\/\/facebook.com\/aconteceunovale\" target=\"_blank\">@aconteceunovale<\/a>, Twitter <a rel=\"noreferrer noopener\" href=\"https:\/\/twitter.com\/noticiadosvales\" target=\"_blank\">@noticiadosvales<\/a> e Instagram <a rel=\"noreferrer noopener\" href=\"https:\/\/www.instagram.com\/aconteceunovale\" target=\"_blank\">@aconteceunovale<\/a>.<\/p>\n","protected":false},"excerpt":{"rendered":"<p>A colis\u00e3o entre um caminh\u00e3o e duas carretas deixou uma pessoa ferida na BR-116, pr\u00f3ximo a Itambacuri (MG), na manh\u00e3 desta ter\u00e7a-feira (18\/02\/2020). O acidente aconteceu por volta das 5h20. Segundo a Pol\u00edcia Rodovi\u00e1ria Federal, o motorista do caminh\u00e3o, que transportava medicamentos, perdeu o controle da dire\u00e7\u00e3o, invadiu a contram\u00e3o e colidiu contra uma cegonheira. [&hellip;]<\/p>\n","protected":false},"author":1,"featured_media":158913,"comment_status":"open","ping_status":"closed","sticky":false,"template":"","format":"standard","meta":{"amp_status":"","footnotes":""},"categories":[121,122],"tags":[46962,216629,3945,34495,182,188],"class_list":["post-158912","post","type-post","status-publish","format-standard","has-post-thumbnail","hentry","category-leste","category-mucuri","tag-acidente-em-itambacuri","tag-acidente-entre-caminhao-e-carretas-deixa-um-ferido-na-br-116","tag-acidente-na-br-116","tag-acidente-na-br-116-em-itambacuri","tag-br-116","tag-itambacuri"],"_links":{"self":[{"href":"https:\/\/aconteceunovale.com.br\/portal\/index.php?rest_route=\/wp\/v2\/posts\/158912","targetHints":{"allow":["GET"]}}],"collection":[{"href":"https:\/\/aconteceunovale.com.br\/portal\/index.php?rest_route=\/wp\/v2\/posts"}],"about":[{"href":"https:\/\/aconteceunovale.com.br\/portal\/index.php?rest_route=\/wp\/v2\/types\/post"}],"author":[{"embeddable":true,"href":"https:\/\/aconteceunovale.com.br\/portal\/index.php?rest_route=\/wp\/v2\/users\/1"}],"replies":[{"embeddable":true,"href":"https:\/\/aconteceunovale.com.br\/portal\/index.php?rest_route=%2Fwp%2Fv2%2Fcomments&post=158912"}],"version-history":[{"count":1,"href":"https:\/\/aconteceunovale.com.br\/portal\/index.php?rest_route=\/wp\/v2\/posts\/158912\/revisions"}],"predecessor-version":[{"id":158914,"href":"https:\/\/aconteceunovale.com.br\/portal\/index.php?rest_route=\/wp\/v2\/posts\/158912\/revisions\/158914"}],"wp:featuredmedia":[{"embeddable":true,"href":"https:\/\/aconteceunovale.com.br\/portal\/index.php?rest_route=\/wp\/v2\/media\/158913"}],"wp:attachment":[{"href":"https:\/\/aconteceunovale.com.br\/portal\/index.php?rest_route=%2Fwp%2Fv2%2Fmedia&parent=158912"}],"wp:term":[{"taxonomy":"category","embeddable":true,"href":"https:\/\/aconteceunovale.com.br\/portal\/index.php?rest_route=%2Fwp%2Fv2%2Fcategories&post=158912"},{"taxonomy":"post_tag","embeddable":true,"href":"https:\/\/aconteceunovale.com.br\/portal\/index.php?rest_route=%2Fwp%2Fv2%2Ftags&post=158912"}],"curies":[{"name":"wp","href":"https:\/\/api.w.org\/{rel}","templated":true}]}}