{"id":158903,"date":"2020-02-18T23:04:09","date_gmt":"2020-02-19T02:04:09","guid":{"rendered":"http:\/\/aconteceunovale.com.br\/portal\/?p=158903"},"modified":"2020-02-18T23:06:00","modified_gmt":"2020-02-19T02:06:00","slug":"prf-aprende-800-kg-de-maconha-em-montes-claros","status":"publish","type":"post","link":"https:\/\/aconteceunovale.com.br\/portal\/?p=158903","title":{"rendered":"PRF aprende 800 kg de maconha em Montes Claros"},"content":{"rendered":"\n<p>A\nPol\u00edcia Rodovi\u00e1ria Federal apreendeu 800 kg de maconha na BR-251, em Montes\nClaros, na madrugada desta ter\u00e7a-feira (18\/02\/2020). A droga estava escondida\nno fundo falso de um caminh\u00e3o e o motorista foi abordado depois que a pol\u00edcia\nsuspeitou de um carro que passou pelo posto de fiscaliza\u00e7\u00e3o.<\/p>\n\n\n\n<p>\u201cO carro estava escoltando o caminh\u00e3o e o motorista passou\nobservando o movimento. Em seguida, o pr\u00f3ximo ve\u00edculo que surgiu foi o caminh\u00e3o\ne fizemos a abordagem. O motorista apresentou nervosismo e durante buscas\nminuciosas encontramos a droga em um fundo falso de madeira\u201d, explicou o policial\nGuilherme Teles Gomes.<\/p>\n\n\n\n<p>Os policiais foram atr\u00e1s do carro, que estava escoltando o\ncaminh\u00e3o, e depararam com o motorista retornando pela rodovia. \u201cEle fez uma\nliga\u00e7\u00e3o para o caminhoneiro no momento da abordagem e retornou por causa da\ndemora. J\u00e1 o encontramos quase chegando no posto\u201d.<\/p>\n\n\n\n<p>Os dois foram presos em flagrante e contaram que cada um recebeu\nR$ 5 mil para buscar a droga em S\u00e3o Paulo. O caminhoneiro disse que o material\nera transportado para o estado da Bahia e o condutor do carro afirmou que n\u00e3o\nsabia em qual estado a droga seria entregue. Os dois homens s\u00e3o de Santo\nEstev\u00e3o (BA) e n\u00e3o tinham passagens pela pol\u00edcia.<\/p>\n\n\n\n<p>O caminh\u00e3o tinha placas de Patos (PB) e o carro placas de S\u00e3o Paulo. A PRF informou que a suspeita \u00e9 de que a droga veio do Paraguai pelas caracter\u00edsticas e pela quantidade de entorpecentes. Os dois presos e a droga ser\u00e3o encaminhados \u00e0 delegacia da Pol\u00edcia Federal.<\/p>\n\n\n\n<figure class=\"wp-block-gallery columns-1 is-cropped wp-block-gallery-1 is-layout-flex wp-block-gallery-is-layout-flex\"><ul class=\"blocks-gallery-grid\"><li class=\"blocks-gallery-item\"><figure><img loading=\"lazy\" decoding=\"async\" width=\"678\" height=\"381\" src=\"http:\/\/aconteceunovale.com.br\/portal\/wp-content\/uploads\/2020\/02\/droga_moc_3.jpg\" alt=\"\" data-id=\"158905\" data-full-url=\"http:\/\/aconteceunovale.com.br\/portal\/wp-content\/uploads\/2020\/02\/droga_moc_3.jpg\" data-link=\"http:\/\/aconteceunovale.com.br\/portal\/?attachment_id=158905\" class=\"wp-image-158905\" srcset=\"https:\/\/aconteceunovale.com.br\/portal\/wp-content\/uploads\/2020\/02\/droga_moc_3.jpg 678w, https:\/\/aconteceunovale.com.br\/portal\/wp-content\/uploads\/2020\/02\/droga_moc_3-300x169.jpg 300w\" sizes=\"auto, (max-width: 678px) 100vw, 678px\" \/><figcaption class=\"blocks-gallery-item__caption\"><em>Foto: Pol\u00edcia Rodovi\u00e1ria Federal\/Divulga\u00e7\u00e3o<\/em><\/figcaption><\/figure><\/li><li class=\"blocks-gallery-item\"><figure><img loading=\"lazy\" decoding=\"async\" width=\"678\" height=\"431\" src=\"http:\/\/aconteceunovale.com.br\/portal\/wp-content\/uploads\/2020\/02\/droga_moc_4.jpg\" alt=\"\" data-id=\"158904\" data-full-url=\"http:\/\/aconteceunovale.com.br\/portal\/wp-content\/uploads\/2020\/02\/droga_moc_4.jpg\" data-link=\"http:\/\/aconteceunovale.com.br\/portal\/?attachment_id=158904\" class=\"wp-image-158904\" srcset=\"https:\/\/aconteceunovale.com.br\/portal\/wp-content\/uploads\/2020\/02\/droga_moc_4.jpg 678w, https:\/\/aconteceunovale.com.br\/portal\/wp-content\/uploads\/2020\/02\/droga_moc_4-300x191.jpg 300w, https:\/\/aconteceunovale.com.br\/portal\/wp-content\/uploads\/2020\/02\/droga_moc_4-661x420.jpg 661w\" sizes=\"auto, (max-width: 678px) 100vw, 678px\" \/><figcaption class=\"blocks-gallery-item__caption\"> <em>Foto: Pol\u00edcia Rodovi\u00e1ria Federal\/Divulga\u00e7\u00e3o<\/em> <\/figcaption><\/figure><\/li><li class=\"blocks-gallery-item\"><figure><img loading=\"lazy\" decoding=\"async\" width=\"672\" height=\"450\" src=\"http:\/\/aconteceunovale.com.br\/portal\/wp-content\/uploads\/2020\/02\/droga_moc_1.jpg\" alt=\"\" data-id=\"158907\" data-full-url=\"http:\/\/aconteceunovale.com.br\/portal\/wp-content\/uploads\/2020\/02\/droga_moc_1.jpg\" data-link=\"http:\/\/aconteceunovale.com.br\/portal\/?attachment_id=158907\" class=\"wp-image-158907\" srcset=\"https:\/\/aconteceunovale.com.br\/portal\/wp-content\/uploads\/2020\/02\/droga_moc_1.jpg 672w, https:\/\/aconteceunovale.com.br\/portal\/wp-content\/uploads\/2020\/02\/droga_moc_1-300x201.jpg 300w, https:\/\/aconteceunovale.com.br\/portal\/wp-content\/uploads\/2020\/02\/droga_moc_1-627x420.jpg 627w\" sizes=\"auto, (max-width: 672px) 100vw, 672px\" \/><figcaption class=\"blocks-gallery-item__caption\"> <em>Foto: Pol\u00edcia Rodovi\u00e1ria Federal\/Divulga\u00e7\u00e3o<\/em> <\/figcaption><\/figure><\/li><\/ul><\/figure>\n\n\n\n<p class=\"has-text-color has-background has-very-light-gray-color has-very-dark-gray-background-color\">Quer saber as not\u00edcias do <strong>Aconteceu no Vale<\/strong> em primeira m\u00e3o? Siga-nos no Facebook <a rel=\"noreferrer noopener\" href=\"http:\/\/facebook.com\/aconteceunovale\" target=\"_blank\">@aconteceunovale<\/a>, Twitter <a rel=\"noreferrer noopener\" href=\"https:\/\/twitter.com\/noticiadosvales\" target=\"_blank\">@noticiadosvales<\/a> e Instagram <a rel=\"noreferrer noopener\" href=\"https:\/\/www.instagram.com\/aconteceunovale\" target=\"_blank\">@aconteceunovale<\/a>.<\/p>\n","protected":false},"excerpt":{"rendered":"<p>A Pol\u00edcia Rodovi\u00e1ria Federal apreendeu 800 kg de maconha na BR-251, em Montes Claros, na madrugada desta ter\u00e7a-feira (18\/02\/2020). A droga estava escondida no fundo falso de um caminh\u00e3o e o motorista foi abordado depois que a pol\u00edcia suspeitou de um carro que passou pelo posto de fiscaliza\u00e7\u00e3o. \u201cO carro estava escoltando o caminh\u00e3o e [&hellip;]<\/p>\n","protected":false},"author":1,"featured_media":158907,"comment_status":"open","ping_status":"closed","sticky":false,"template":"","format":"standard","meta":{"amp_status":"","footnotes":""},"categories":[1236],"tags":[126946,216621,921,1018,41720,113765,216620,210,216622,216619,193365],"class_list":["post-158903","post","type-post","status-publish","format-standard","has-post-thumbnail","hentry","category-norte_de_minas","tag-apreensao-de-maconha-em-montes-claros","tag-apreensao-de-maconha-na-br-251-em-montes-claros","tag-br-251","tag-destaque","tag-guanambi","tag-maconha-apreendida-em-montes-claros","tag-maconha-apreendida-na-br-251","tag-montes-claros","tag-patos","tag-prf-aprende-800-kg-de-maconha-em-montes-claros","tag-santo-estevao"],"_links":{"self":[{"href":"https:\/\/aconteceunovale.com.br\/portal\/index.php?rest_route=\/wp\/v2\/posts\/158903","targetHints":{"allow":["GET"]}}],"collection":[{"href":"https:\/\/aconteceunovale.com.br\/portal\/index.php?rest_route=\/wp\/v2\/posts"}],"about":[{"href":"https:\/\/aconteceunovale.com.br\/portal\/index.php?rest_route=\/wp\/v2\/types\/post"}],"author":[{"embeddable":true,"href":"https:\/\/aconteceunovale.com.br\/portal\/index.php?rest_route=\/wp\/v2\/users\/1"}],"replies":[{"embeddable":true,"href":"https:\/\/aconteceunovale.com.br\/portal\/index.php?rest_route=%2Fwp%2Fv2%2Fcomments&post=158903"}],"version-history":[{"count":1,"href":"https:\/\/aconteceunovale.com.br\/portal\/index.php?rest_route=\/wp\/v2\/posts\/158903\/revisions"}],"predecessor-version":[{"id":158908,"href":"https:\/\/aconteceunovale.com.br\/portal\/index.php?rest_route=\/wp\/v2\/posts\/158903\/revisions\/158908"}],"wp:featuredmedia":[{"embeddable":true,"href":"https:\/\/aconteceunovale.com.br\/portal\/index.php?rest_route=\/wp\/v2\/media\/158907"}],"wp:attachment":[{"href":"https:\/\/aconteceunovale.com.br\/portal\/index.php?rest_route=%2Fwp%2Fv2%2Fmedia&parent=158903"}],"wp:term":[{"taxonomy":"category","embeddable":true,"href":"https:\/\/aconteceunovale.com.br\/portal\/index.php?rest_route=%2Fwp%2Fv2%2Fcategories&post=158903"},{"taxonomy":"post_tag","embeddable":true,"href":"https:\/\/aconteceunovale.com.br\/portal\/index.php?rest_route=%2Fwp%2Fv2%2Ftags&post=158903"}],"curies":[{"name":"wp","href":"https:\/\/api.w.org\/{rel}","templated":true}]}}