{"id":158816,"date":"2020-02-16T23:30:49","date_gmt":"2020-02-17T02:30:49","guid":{"rendered":"http:\/\/aconteceunovale.com.br\/portal\/?p=158816"},"modified":"2020-02-16T23:37:17","modified_gmt":"2020-02-17T02:37:17","slug":"acidente-entre-onibus-e-caminhao-deixa-mortos-e-feridos-na-br-365","status":"publish","type":"post","link":"https:\/\/aconteceunovale.com.br\/portal\/?p=158816","title":{"rendered":"Acidente entre \u00f4nibus e caminh\u00e3o deixa mortos e feridos na BR-365"},"content":{"rendered":"\n<p>Um acidente entre um \u00f4nibus e um caminh\u00e3o foi registrado na\nBR-365, na manh\u00e3 de s\u00e1bado (15\/02\/2020), pr\u00f3ximo a Luizl\u00e2ndia do Oeste,\ndistrito de Jo\u00e3o Pinheiro, no Noroeste de Minas Gerais. Segundo informa\u00e7\u00f5es do Corpo\nde Bombeiros, um caminh\u00e3o de gado estava parado na pista e o ve\u00edculo coletivo\nbateu na traseira dele.<\/p>\n\n\n\n<p>Dois passageiros\nmorreram no local. Os corpos das duas v\u00edtimas (um homem e uma mulher) foram\nlevados para o Instituto M\u00e9dico Legal (IML) de Paracatu. Al\u00e9m disso, um\nterceiro passageiro faleceu no hospital. Alguns passageiros ficaram gravemente\nferidos e foram levados para hospitais da regi\u00e3o.<\/p>\n\n\n\n<p>O trecho da rodovia\nficou interditado nos dois sentidos por cerca seis horas e gerou\ncongestionamento de sete quil\u00f4metros em cada sentido, segundo a Pol\u00edcia\nRodovi\u00e1ria Federal (PRF). A per\u00edcia esteve no local e realizou os procedimentos\nde praxe.<\/p>\n\n\n\n<p>O \u00f4nibus saiu de\nIguatu, no Cear\u00e1, na manh\u00e3 de quinta-feira (13) e seguia para S\u00e3o Paulo, com 41\npassageiros e dois motoristas. J\u00e1 no caminh\u00e3o havia 97 animais. Dois morreram.\nO ve\u00edculo saiu de Montes Claros e seguia para Campina Verde.<\/p>\n\n\n\n<p>A v\u00edtima mais grave, uma crian\u00e7a de 3 anos, foi conduzida pelo\nhelic\u00f3ptero Arcanjo dos Bombeiros para a Santa Casa de Montes Claros, no Norte\nde MG. Segundo a unidade de sa\u00fade, o menino apresenta uma fratura bilateral de\nf\u00eamur e suspeita de traumatismo cr\u00e2nio encef\u00e1lico. O estado dele \u00e9 grave e\nrespira com a ajuda de aparelhos.<\/p>\n\n\n\n<p>Quatro v\u00edtimas foram encaminhadas para o Hospital Municipal\nAnt\u00f4nio Carneiro Valadares, em Jo\u00e3o Pinheiro. Segundo a unidade, tr\u00eas j\u00e1\nreceberam alta. A outra passageira foi transferida para o Hospital Regional de\nPatos de Minas. A unidade n\u00e3o informou o estado de sa\u00fade dela.<\/p>\n\n\n\n<p>Outros feridos est\u00e3o sendo atendidos na Funda\u00e7\u00e3o Hospitalar Dr. Mois\u00e9s Magalh\u00e3es Freire, em Pirapora, no Norte de MG. O hospital confirmou a morte de um passageiro do \u00f4nibus ap\u00f3s dar entrada na unidade. A funda\u00e7\u00e3o ainda est\u00e1 levantando o n\u00famero de pessoas feridas.<\/p>\n\n\n\n<figure class=\"wp-block-gallery columns-1 is-cropped wp-block-gallery-1 is-layout-flex wp-block-gallery-is-layout-flex\"><ul class=\"blocks-gallery-grid\"><li class=\"blocks-gallery-item\"><figure><img loading=\"lazy\" decoding=\"async\" width=\"678\" height=\"384\" src=\"http:\/\/aconteceunovale.com.br\/portal\/wp-content\/uploads\/2020\/02\/acidente_365.jpg\" alt=\"\" data-id=\"158817\" data-full-url=\"http:\/\/aconteceunovale.com.br\/portal\/wp-content\/uploads\/2020\/02\/acidente_365.jpg\" data-link=\"http:\/\/aconteceunovale.com.br\/portal\/?attachment_id=158817\" class=\"wp-image-158817\" srcset=\"https:\/\/aconteceunovale.com.br\/portal\/wp-content\/uploads\/2020\/02\/acidente_365.jpg 678w, https:\/\/aconteceunovale.com.br\/portal\/wp-content\/uploads\/2020\/02\/acidente_365-300x170.jpg 300w\" sizes=\"auto, (max-width: 678px) 100vw, 678px\" \/><figcaption class=\"blocks-gallery-item__caption\"><em>\u00d4nibus bateu na traseira de caminh\u00e3o na BR-365 &#8211; Foto: Arc\u00eanio Corr\u00eaa\/G1<\/em><\/figcaption><\/figure><\/li><\/ul><\/figure>\n\n\n\n<h2 class=\"wp-block-heading\">Vers\u00f5es dos motoristas<\/h2>\n\n\n\n<p>Segundo o motorista do\ncaminh\u00e3o, Gic\u00e9lio de Freitas Macedo, o ve\u00edculo parou no meio da pista ap\u00f3s problema\nmec\u00e2nico. &#8220;Estava chovendo, a mangueira do freio estourou e o caminh\u00e3o\nparou. Eu estava acelerando para tentar destravar a roda e alinhar o caminh\u00e3o,\nmas o \u00f4nibus veio atr\u00e1s e bateu&#8221;, afirmou.<\/p>\n\n\n\n<p>O motorista do \u00f4nibus, Jo\u00e3o Paulo\nNascimento, ainda informou que no momento do acidente chovia muito e o caminh\u00e3o\nparado estava sem sinaliza\u00e7\u00e3o &#8220;E vinha uma carreta com farol alto na pista\ncontr\u00e1ria. Quando ela passou, n\u00e3o deu tempo de desviar do caminh\u00e3o.&#8221;<\/p>\n\n\n\n<p>O representante da empresa de \u00f4nibus, Rafael Oliveira da Silva,\ninformou que a companhia tem autoriza\u00e7\u00e3o para fazer esse tipo de viagem e que\nest\u00e1 prestando assist\u00eancia aos passageiros.<\/p>\n\n\n\n<p>Conforme a PRF, tanto o \u00f4nibus quanto o caminh\u00e3o estavam com a documenta\u00e7\u00e3o em dia e n\u00e3o foram apreendidos. Os passageiros que n\u00e3o ficaram feridos foram levados para um hotel no Distrito de Luizl\u00e2ndia do Oeste.<\/p>\n\n\n\n<p class=\"has-text-color has-background has-very-light-gray-color has-very-dark-gray-background-color\">Quer saber as not\u00edcias do <strong>Aconteceu no Vale<\/strong> em primeira m\u00e3o? Siga-nos no Facebook <a rel=\"noreferrer noopener\" href=\"http:\/\/facebook.com\/aconteceunovale\" target=\"_blank\">@aconteceunovale<\/a>, Twitter <a rel=\"noreferrer noopener\" href=\"https:\/\/twitter.com\/noticiadosvales\" target=\"_blank\">@noticiadosvales<\/a> e Instagram <a rel=\"noreferrer noopener\" href=\"https:\/\/www.instagram.com\/aconteceunovale\" target=\"_blank\">@aconteceunovale<\/a>.<\/p>\n","protected":false},"excerpt":{"rendered":"<p>Um acidente entre um \u00f4nibus e um caminh\u00e3o foi registrado na BR-365, na manh\u00e3 de s\u00e1bado (15\/02\/2020), pr\u00f3ximo a Luizl\u00e2ndia do Oeste, distrito de Jo\u00e3o Pinheiro, no Noroeste de Minas Gerais. Segundo informa\u00e7\u00f5es do Corpo de Bombeiros, um caminh\u00e3o de gado estava parado na pista e o ve\u00edculo coletivo bateu na traseira dele. Dois passageiros [&hellip;]<\/p>\n","protected":false},"author":1,"featured_media":158817,"comment_status":"open","ping_status":"closed","sticky":false,"template":"","format":"standard","meta":{"amp_status":"","footnotes":""},"categories":[6,123],"tags":[216488,21062,216486,180833,195454,216489,216485,216484,31601,2981,216487,1538,112473,210,212,254],"class_list":["post-158816","post","type-post","status-publish","format-standard","has-post-thumbnail","hentry","category-br","category-gerais","tag-acidente-com-onibus-de-iguatu","tag-acidente-com-onibus-na-br-365","tag-acidente-com-onibus-que-seguia-de-iguatu-para-sao-paulo","tag-acidente-em-joao-pinheiro","tag-acidente-em-luizlandia-do-oeste","tag-acidente-entre-onibus-e-caminhao-deixa-mortos-e-feridos-na-br-365","tag-acidente-entre-onibus-e-caminhao-em-joao-pinheiro","tag-acidente-entre-onibus-e-caminhao-em-luizlandia-do-oeste","tag-acidente-na-br-365","tag-br-365","tag-iguatu","tag-joao-pinheiro","tag-luizlandia-do-oeste","tag-montes-claros","tag-paracatu","tag-pirapora"],"_links":{"self":[{"href":"https:\/\/aconteceunovale.com.br\/portal\/index.php?rest_route=\/wp\/v2\/posts\/158816","targetHints":{"allow":["GET"]}}],"collection":[{"href":"https:\/\/aconteceunovale.com.br\/portal\/index.php?rest_route=\/wp\/v2\/posts"}],"about":[{"href":"https:\/\/aconteceunovale.com.br\/portal\/index.php?rest_route=\/wp\/v2\/types\/post"}],"author":[{"embeddable":true,"href":"https:\/\/aconteceunovale.com.br\/portal\/index.php?rest_route=\/wp\/v2\/users\/1"}],"replies":[{"embeddable":true,"href":"https:\/\/aconteceunovale.com.br\/portal\/index.php?rest_route=%2Fwp%2Fv2%2Fcomments&post=158816"}],"version-history":[{"count":1,"href":"https:\/\/aconteceunovale.com.br\/portal\/index.php?rest_route=\/wp\/v2\/posts\/158816\/revisions"}],"predecessor-version":[{"id":158818,"href":"https:\/\/aconteceunovale.com.br\/portal\/index.php?rest_route=\/wp\/v2\/posts\/158816\/revisions\/158818"}],"wp:featuredmedia":[{"embeddable":true,"href":"https:\/\/aconteceunovale.com.br\/portal\/index.php?rest_route=\/wp\/v2\/media\/158817"}],"wp:attachment":[{"href":"https:\/\/aconteceunovale.com.br\/portal\/index.php?rest_route=%2Fwp%2Fv2%2Fmedia&parent=158816"}],"wp:term":[{"taxonomy":"category","embeddable":true,"href":"https:\/\/aconteceunovale.com.br\/portal\/index.php?rest_route=%2Fwp%2Fv2%2Fcategories&post=158816"},{"taxonomy":"post_tag","embeddable":true,"href":"https:\/\/aconteceunovale.com.br\/portal\/index.php?rest_route=%2Fwp%2Fv2%2Ftags&post=158816"}],"curies":[{"name":"wp","href":"https:\/\/api.w.org\/{rel}","templated":true}]}}