{"id":158814,"date":"2020-02-16T21:59:19","date_gmt":"2020-02-17T00:59:19","guid":{"rendered":"http:\/\/aconteceunovale.com.br\/portal\/?p=158814"},"modified":"2020-02-16T21:59:41","modified_gmt":"2020-02-17T00:59:41","slug":"conselheiro-tutelar-enfermeiro-e-professor-estao-entre-presos-suspeitos-de-abusar-sexualmente-de-crianca-no-norte-de-minas","status":"publish","type":"post","link":"https:\/\/aconteceunovale.com.br\/portal\/?p=158814","title":{"rendered":"Conselheiro tutelar, enfermeiro e professor est\u00e3o entre presos suspeitos de abusar sexualmente de crian\u00e7a no Norte de Minas"},"content":{"rendered":"\n<p>Quatro homens foram presos na sexta-feira (14\/02\/2020) em uma\ninvestiga\u00e7\u00e3o que apura abusos sexuais cometidos contra um menino de 11 anos em\nMonte Azul, no Norte de Minas Gerais. Entre eles, segundo a Pol\u00edcia, h\u00e1 um\nconselheiro tutelar, um enfermeiro e um professor. Ao serem encaminhados \u00e0\ndelegacia, exerceram o direito de permanecer em sil\u00eancio.<\/p>\n\n\n\n<p>De acordo com a\nPol\u00edcia Civil, o garoto apontou a participa\u00e7\u00e3o direta dos tr\u00eas nos abusos. Al\u00e9m\ndisso, a v\u00edtima e a fam\u00edlia estavam sendo amea\u00e7adas. O conselheiro e o\nenfermeiro s\u00e3o casados e o professor \u00e9 tio de um deles.<\/p>\n\n\n\n<p>\u201cEstavam\nacima de qualquer suspeita. Um deles, inclusive, tinha a fun\u00e7\u00e3o de proteger e\namparar crian\u00e7as e adolescentes em situa\u00e7\u00e3o de vulnerabilidade&#8221;, fala o\ndelegado Jo\u00e3o Paulo Ladeira.<\/p>\n\n\n\n<p>O Conselho Municipal dos Direitos da Crian\u00e7a e do Adolescente\nconfirmou que o conselheiro n\u00e3o ocupa mais o cargo.<\/p>\n\n\n\n<p>O delegado completa afirmando que eles se\naproveitavam das condi\u00e7\u00f5es financeiras do menino e ofereciam presentes em troca\nda viol\u00eancia sexual. A fam\u00edlia chegou a receber cestas b\u00e1sica dos investigados.<\/p>\n\n\n\n<p>O quarto homem preso j\u00e1 se envolveu em\nv\u00e1rios crimes e est\u00e1 em liberdade condicional por roubo. Jo\u00e3o Paulo destaca\nque, quando menor, ele colocou fogo em uma pessoa viva. O investigado foi\nflagrado no meio de um matagal enquanto observava um familiar da v\u00edtima.<\/p>\n\n\n\n<p>\u201cPor se tratar de uma pessoa considerada de extrema periculosidade, que j\u00e1 teve envolvimento com crimes e que manteve uma postura amea\u00e7adora, representamos pela pris\u00e3o dele tamb\u00e9m\u201d, destaca Ladeira.<\/p>\n\n\n\n<figure class=\"wp-block-gallery columns-1 is-cropped wp-block-gallery-1 is-layout-flex wp-block-gallery-is-layout-flex\"><ul class=\"blocks-gallery-grid\"><li class=\"blocks-gallery-item\"><figure><img loading=\"lazy\" decoding=\"async\" width=\"678\" height=\"321\" src=\"http:\/\/aconteceunovale.com.br\/portal\/wp-content\/uploads\/2020\/02\/monte_azul_mg.jpg\" alt=\"\" data-id=\"158602\" class=\"wp-image-158602\" srcset=\"https:\/\/aconteceunovale.com.br\/portal\/wp-content\/uploads\/2020\/02\/monte_azul_mg.jpg 678w, https:\/\/aconteceunovale.com.br\/portal\/wp-content\/uploads\/2020\/02\/monte_azul_mg-300x142.jpg 300w\" sizes=\"auto, (max-width: 678px) 100vw, 678px\" \/><figcaption class=\"blocks-gallery-item__caption\"><em>Foto: Reprodu\u00e7\u00e3o \/ Site da Prefeitura de Monte Azul<\/em><\/figcaption><\/figure><\/li><\/ul><\/figure>\n\n\n\n<h3 class=\"wp-block-heading\"><strong>Abusos foram\nfilmados e divulgados em redes sociais<\/strong><\/h3>\n\n\n\n<p>O delegado respons\u00e1vel pelo caso fala tamb\u00e9m que o procedimento\ninvestigativo foi instaurado ap\u00f3s um v\u00eddeo circular em redes sociais e mostrar\no garoto sendo abusado. Segundo Jo\u00e3o Paulo Ladeira, um homem j\u00e1 havia sido\npreso no dia 6 deste m\u00eas, totalizando cinco pris\u00f5es com as desta sexta.<\/p>\n\n\n\n<p>Na ocasi\u00e3o, ainda foram cumpridos mandados de busca que\nterminaram com a apreens\u00e3o de celulares, notebooks e tablets. O conselheiro\ntutelar, o enfermeiro e o professor tamb\u00e9m eram alvos dessas ordens judiciais\nda primeira fase da investiga\u00e7\u00e3o. Os aparelhos eletr\u00f4nicos ainda est\u00e3o sendo\nanalisadas e podem, de acordo com a Pol\u00edcia Civil, ajudar a identificar mais\nenvolvidos e outras v\u00edtimas.<\/p>\n\n\n\n<p>As amea\u00e7as, de acordo com o delegado,\ncome\u00e7aram ap\u00f3s o cumprimento destes mandados de pris\u00e3o e de busca e apreens\u00e3o.<\/p>\n\n\n\n<p>\u201cO menino e o pai dele se dirigiam a uma\noitiva de produ\u00e7\u00e3o de provas quando foram abordados por uma pessoa que sugeriu\nque eles n\u00e3o mencionassem os nomes de tr\u00eas dos presos. Entendemos que eles\nestavam usando de interposta pessoa para atrapalhar investiga\u00e7\u00f5es, o que\ncaracteriza uma forma de amea\u00e7a velada\u201d, explica o delegado.<\/p>\n\n\n\n<p>De acordo com Jo\u00e3o Paulo Ladeira, os tr\u00eas\nnomes mencionados eram os do professor, do conselheiro tutelar e do enfermeiro.<\/p>\n\n\n\n<h3 class=\"wp-block-heading\">Fam\u00edlia\nn\u00e3o sabia dos abusos<\/h3>\n\n\n\n<p>O delegado explica que\no garoto \u00e9 de uma fam\u00edlia carente. Ele mora com o pai, outras tr\u00eas crian\u00e7as e\num idoso acamado. A m\u00e3e estava residindo em S\u00e3o Paulo e voltou \u00e0s pressas ao\nsaber dos abusos.<\/p>\n\n\n\n<p>Jo\u00e3o Paulo Ladeira afirma que os\ninvestigados aproveitavam da vulnerabilidade e da confian\u00e7a da fam\u00edlia, eles\nchegavam a levar cestas b\u00e1sicas para eles e induziam o menino a praticar os\natos libidinosos por meio de presentes, roupas e cal\u00e7ados.<\/p>\n\n\n\n<p>\u201cTrata-se de uma crian\u00e7a que, pela\npr\u00f3pria idade, \u00e9 sugestion\u00e1vel e influenci\u00e1vel. Uma pessoa ainda em forma\u00e7\u00e3o.\nAo saber, a fam\u00edlia se sentiu vulner\u00e1vel, est\u00e1 em choque e desesperada.\nRepresentamos pela pris\u00e3o justamente para garantir a prote\u00e7\u00e3o integral deles,\nque est\u00e3o sendo acompanhados pela Pol\u00edcia Civil, Conselho Tutelar, Minist\u00e9rio\nP\u00fablico e Poder Judici\u00e1rio\u201d, destaca.<\/p>\n\n\n\n<p>O menino foi submetido a exames e nenhuma doen\u00e7a sexualmente transmiss\u00edvel foi identificada.<\/p>\n\n\n\n<p class=\"has-text-color has-background has-very-light-gray-color has-very-dark-gray-background-color\">Quer saber as not\u00edcias do <strong>Aconteceu no Vale<\/strong> em primeira m\u00e3o? Siga-nos no Facebook <a rel=\"noreferrer noopener\" href=\"http:\/\/facebook.com\/aconteceunovale\" target=\"_blank\">@aconteceunovale<\/a>, Twitter <a rel=\"noreferrer noopener\" href=\"https:\/\/twitter.com\/noticiadosvales\" target=\"_blank\">@noticiadosvales<\/a> e Instagram <a rel=\"noreferrer noopener\" href=\"https:\/\/www.instagram.com\/aconteceunovale\" target=\"_blank\">@aconteceunovale<\/a>.<\/p>\n","protected":false},"excerpt":{"rendered":"<p>Quatro homens foram presos na sexta-feira (14\/02\/2020) em uma investiga\u00e7\u00e3o que apura abusos sexuais cometidos contra um menino de 11 anos em Monte Azul, no Norte de Minas Gerais. Entre eles, segundo a Pol\u00edcia, h\u00e1 um conselheiro tutelar, um enfermeiro e um professor. Ao serem encaminhados \u00e0 delegacia, exerceram o direito de permanecer em sil\u00eancio. [&hellip;]<\/p>\n","protected":false},"author":1,"featured_media":158602,"comment_status":"open","ping_status":"closed","sticky":false,"template":"","format":"standard","meta":{"amp_status":"","footnotes":""},"categories":[1236],"tags":[216483,216110,216117,216116,1018,216114,216111,216113,216118,216119,1277,216399,216112,216115],"class_list":["post-158814","post","type-post","status-publish","format-standard","has-post-thumbnail","hentry","category-norte_de_minas","tag-conselheiro-tutelar-e-professor-estao-entre-presos-suspeitos-de-abusar-sexualmente-de-crianca-no-norte-de-minas","tag-crianca-estuprada-em-monte-azul","tag-delegada-marcia-miguel-meira-e-santos","tag-delegado-joao-paulo-ladeira-soares","tag-destaque","tag-estuprador-preso-em-monte-azul","tag-estupro-de-crianca-em-monte-azul","tag-estupro-em-monte-azul","tag-joao-paulo-ladeira-soares","tag-marcia-miguel-meira-e-santos","tag-monte-azul","tag-policia-civil-prende-quatro-suspeitos-de-estupro-de-vulneravel-em-monte-azul","tag-policia-civil-prende-suspeito-de-estupro-de-vulneravel-em-monte-azul","tag-preso-por-estupro-em-monte-azul"],"_links":{"self":[{"href":"https:\/\/aconteceunovale.com.br\/portal\/index.php?rest_route=\/wp\/v2\/posts\/158814","targetHints":{"allow":["GET"]}}],"collection":[{"href":"https:\/\/aconteceunovale.com.br\/portal\/index.php?rest_route=\/wp\/v2\/posts"}],"about":[{"href":"https:\/\/aconteceunovale.com.br\/portal\/index.php?rest_route=\/wp\/v2\/types\/post"}],"author":[{"embeddable":true,"href":"https:\/\/aconteceunovale.com.br\/portal\/index.php?rest_route=\/wp\/v2\/users\/1"}],"replies":[{"embeddable":true,"href":"https:\/\/aconteceunovale.com.br\/portal\/index.php?rest_route=%2Fwp%2Fv2%2Fcomments&post=158814"}],"version-history":[{"count":1,"href":"https:\/\/aconteceunovale.com.br\/portal\/index.php?rest_route=\/wp\/v2\/posts\/158814\/revisions"}],"predecessor-version":[{"id":158815,"href":"https:\/\/aconteceunovale.com.br\/portal\/index.php?rest_route=\/wp\/v2\/posts\/158814\/revisions\/158815"}],"wp:featuredmedia":[{"embeddable":true,"href":"https:\/\/aconteceunovale.com.br\/portal\/index.php?rest_route=\/wp\/v2\/media\/158602"}],"wp:attachment":[{"href":"https:\/\/aconteceunovale.com.br\/portal\/index.php?rest_route=%2Fwp%2Fv2%2Fmedia&parent=158814"}],"wp:term":[{"taxonomy":"category","embeddable":true,"href":"https:\/\/aconteceunovale.com.br\/portal\/index.php?rest_route=%2Fwp%2Fv2%2Fcategories&post=158814"},{"taxonomy":"post_tag","embeddable":true,"href":"https:\/\/aconteceunovale.com.br\/portal\/index.php?rest_route=%2Fwp%2Fv2%2Ftags&post=158814"}],"curies":[{"name":"wp","href":"https:\/\/api.w.org\/{rel}","templated":true}]}}