{"id":158809,"date":"2020-02-16T21:50:07","date_gmt":"2020-02-17T00:50:07","guid":{"rendered":"http:\/\/aconteceunovale.com.br\/portal\/?p=158809"},"modified":"2020-02-16T21:51:14","modified_gmt":"2020-02-17T00:51:14","slug":"tres-homens-sao-presos-apos-assalto-no-municipio-de-miravania-no-norte-de-minas","status":"publish","type":"post","link":"https:\/\/aconteceunovale.com.br\/portal\/?p=158809","title":{"rendered":"Tr\u00eas homens s\u00e3o presos ap\u00f3s assalto no munic\u00edpio de Mirav\u00e2nia, no Norte de Minas"},"content":{"rendered":"\n<p>A Pol\u00edcia Militar prendeu tr\u00eas homens por assalto a uma\nmercearia na zona rural de Mirav\u00e2nia, no Norte de Minas Gerais. Um deles era\nconsiderado foragido da Justi\u00e7a e tentou fornecer um nome falso ao ser\nabordado. Foram apreendidos um rev\u00f3lver, muni\u00e7\u00f5es e um carro. Uma moto, sete\ncelulares e joias foram recuperados.<\/p>\n\n\n\n<p>\u201cTr\u00eas autores entraram\nno estabelecimento usando capacetes e armados com um rev\u00f3lver. Outros dois\npermaneceram em um carro do lado de fora dando cobertura. Eles renderam as\nv\u00edtimas e ordenaram que todas ficassem deitadas e subtra\u00edram dinheiro, joias,\ncelulares e mercadorias. Em seguida, fugiram no autom\u00f3vel e em uma moto\nroubada\u201d, explicou o tenente Bruno Braga Matos.<\/p>\n\n\n\n<p>Algumas pessoas que\nsuspeitaram da movimenta\u00e7\u00e3o no estabelecimento ligaram para o 190. Policiais de\nMirav\u00e2nia, S\u00e3o Jo\u00e3o das Miss\u00f5es, Montalv\u00e2nia e Manga foram acionados e fizeram\ncerco em v\u00e1rias estradas vicinais que cortam a regi\u00e3o.<\/p>\n\n\n\n<p>\u201cOs militares de Mirav\u00e2nia conseguiram fazer a abordagem do\ncarro, que dava apoio, e os de S\u00e3o Jo\u00e3o das Miss\u00f5es interceptaram o foragido da\nJusti\u00e7a, que estava na moto e tentou fugir. Com ele, foram encontradas joias,\num rev\u00f3lver com numera\u00e7\u00e3o suprimida e muni\u00e7\u00f5es\u201d, completa o tenente.<\/p>\n\n\n\n<p>O foragido \u00e9 natural de Jana\u00faba (MG) e\nfoi abordado na Comunidade de Paje\u00fa. Ele tem v\u00e1rias passagens pela pol\u00edcia por\nroubo, homic\u00eddio e porte ilegal de armas. \u201cAo ser questionado, ainda tentou\nfornecer um nome falso, mas conseguimos identific\u00e1-lo com a ajuda do Servi\u00e7o de\nIntelig\u00eancia\u201d, fala Bruno Braga Matos.<\/p>\n\n\n\n<p>No autom\u00f3vel havia dois dos suspeitos. Outros dois conseguiram fugir por um matagal. A PM ainda faz buscas para localiz\u00e1-los. O dinheiro roubado n\u00e3o foi encontrado.<\/p>\n\n\n\n<figure class=\"wp-block-gallery columns-1 is-cropped wp-block-gallery-1 is-layout-flex wp-block-gallery-is-layout-flex\"><ul class=\"blocks-gallery-grid\"><li class=\"blocks-gallery-item\"><figure><img loading=\"lazy\" decoding=\"async\" width=\"643\" height=\"450\" src=\"http:\/\/aconteceunovale.com.br\/portal\/wp-content\/uploads\/2020\/02\/assalto_miravania_1.jpeg\" alt=\"\" data-id=\"158812\" data-full-url=\"http:\/\/aconteceunovale.com.br\/portal\/wp-content\/uploads\/2020\/02\/assalto_miravania_1.jpeg\" data-link=\"http:\/\/aconteceunovale.com.br\/portal\/?attachment_id=158812\" class=\"wp-image-158812\" srcset=\"https:\/\/aconteceunovale.com.br\/portal\/wp-content\/uploads\/2020\/02\/assalto_miravania_1.jpeg 643w, https:\/\/aconteceunovale.com.br\/portal\/wp-content\/uploads\/2020\/02\/assalto_miravania_1-300x210.jpeg 300w, https:\/\/aconteceunovale.com.br\/portal\/wp-content\/uploads\/2020\/02\/assalto_miravania_1-100x70.jpeg 100w, https:\/\/aconteceunovale.com.br\/portal\/wp-content\/uploads\/2020\/02\/assalto_miravania_1-600x420.jpeg 600w\" sizes=\"auto, (max-width: 643px) 100vw, 643px\" \/><figcaption class=\"blocks-gallery-item__caption\"><em> Foto: Pol\u00edcia Militar \/ Divulga\u00e7\u00e3o <\/em><\/figcaption><\/figure><\/li><li class=\"blocks-gallery-item\"><figure><img loading=\"lazy\" decoding=\"async\" width=\"678\" height=\"396\" src=\"http:\/\/aconteceunovale.com.br\/portal\/wp-content\/uploads\/2020\/02\/assalto_miravania_2.jpeg\" alt=\"\" data-id=\"158811\" data-full-url=\"http:\/\/aconteceunovale.com.br\/portal\/wp-content\/uploads\/2020\/02\/assalto_miravania_2.jpeg\" data-link=\"http:\/\/aconteceunovale.com.br\/portal\/?attachment_id=158811\" class=\"wp-image-158811\" srcset=\"https:\/\/aconteceunovale.com.br\/portal\/wp-content\/uploads\/2020\/02\/assalto_miravania_2.jpeg 678w, https:\/\/aconteceunovale.com.br\/portal\/wp-content\/uploads\/2020\/02\/assalto_miravania_2-300x175.jpeg 300w\" sizes=\"auto, (max-width: 678px) 100vw, 678px\" \/><figcaption class=\"blocks-gallery-item__caption\"> <em> Foto: Pol\u00edcia Militar \/ Divulga\u00e7\u00e3o <\/em> <\/figcaption><\/figure><\/li><li class=\"blocks-gallery-item\"><figure><img loading=\"lazy\" decoding=\"async\" width=\"678\" height=\"432\" src=\"http:\/\/aconteceunovale.com.br\/portal\/wp-content\/uploads\/2020\/02\/assalto_miravania_3.jpeg\" alt=\"\" data-id=\"158810\" data-full-url=\"http:\/\/aconteceunovale.com.br\/portal\/wp-content\/uploads\/2020\/02\/assalto_miravania_3.jpeg\" data-link=\"http:\/\/aconteceunovale.com.br\/portal\/?attachment_id=158810\" class=\"wp-image-158810\" srcset=\"https:\/\/aconteceunovale.com.br\/portal\/wp-content\/uploads\/2020\/02\/assalto_miravania_3.jpeg 678w, https:\/\/aconteceunovale.com.br\/portal\/wp-content\/uploads\/2020\/02\/assalto_miravania_3-300x191.jpeg 300w, https:\/\/aconteceunovale.com.br\/portal\/wp-content\/uploads\/2020\/02\/assalto_miravania_3-659x420.jpeg 659w\" sizes=\"auto, (max-width: 678px) 100vw, 678px\" \/><figcaption class=\"blocks-gallery-item__caption\"> <em> Foto: Pol\u00edcia Militar \/ Divulga\u00e7\u00e3o <\/em> <\/figcaption><\/figure><\/li><\/ul><\/figure>\n\n\n\n<p class=\"has-text-color has-background has-very-light-gray-color has-very-dark-gray-background-color\">Quer saber as not\u00edcias do <strong>Aconteceu no Vale<\/strong> em primeira m\u00e3o? Siga-nos no Facebook <a rel=\"noreferrer noopener\" href=\"http:\/\/facebook.com\/aconteceunovale\" target=\"_blank\">@aconteceunovale<\/a>, Twitter <a rel=\"noreferrer noopener\" href=\"https:\/\/twitter.com\/noticiadosvales\" target=\"_blank\">@noticiadosvales<\/a> e Instagram <a rel=\"noreferrer noopener\" href=\"https:\/\/www.instagram.com\/aconteceunovale\" target=\"_blank\">@aconteceunovale<\/a>.<\/p>\n","protected":false},"excerpt":{"rendered":"<p>A Pol\u00edcia Militar prendeu tr\u00eas homens por assalto a uma mercearia na zona rural de Mirav\u00e2nia, no Norte de Minas Gerais. Um deles era considerado foragido da Justi\u00e7a e tentou fornecer um nome falso ao ser abordado. Foram apreendidos um rev\u00f3lver, muni\u00e7\u00f5es e um carro. Uma moto, sete celulares e joias foram recuperados. \u201cTr\u00eas autores [&hellip;]<\/p>\n","protected":false},"author":1,"featured_media":158812,"comment_status":"open","ping_status":"closed","sticky":false,"template":"","format":"standard","meta":{"amp_status":"","footnotes":""},"categories":[1236],"tags":[216479,216478,216482,204,1356,3056,1709,216480,216481,1810,216477],"class_list":["post-158809","post","type-post","status-publish","format-standard","has-post-thumbnail","hentry","category-norte_de_minas","tag-assalto-em-mercearia-em-miravania","tag-assalto-em-miravania","tag-bruno-braga-matos","tag-janauba","tag-manga","tag-miravania","tag-montalvania","tag-roubo-em-mercearia-em-miravania","tag-roubo-em-miravania","tag-sao-joao-das-missoes","tag-tres-homens-sao-presos-apos-assalto-no-municipio-de-miravania"],"_links":{"self":[{"href":"https:\/\/aconteceunovale.com.br\/portal\/index.php?rest_route=\/wp\/v2\/posts\/158809","targetHints":{"allow":["GET"]}}],"collection":[{"href":"https:\/\/aconteceunovale.com.br\/portal\/index.php?rest_route=\/wp\/v2\/posts"}],"about":[{"href":"https:\/\/aconteceunovale.com.br\/portal\/index.php?rest_route=\/wp\/v2\/types\/post"}],"author":[{"embeddable":true,"href":"https:\/\/aconteceunovale.com.br\/portal\/index.php?rest_route=\/wp\/v2\/users\/1"}],"replies":[{"embeddable":true,"href":"https:\/\/aconteceunovale.com.br\/portal\/index.php?rest_route=%2Fwp%2Fv2%2Fcomments&post=158809"}],"version-history":[{"count":1,"href":"https:\/\/aconteceunovale.com.br\/portal\/index.php?rest_route=\/wp\/v2\/posts\/158809\/revisions"}],"predecessor-version":[{"id":158813,"href":"https:\/\/aconteceunovale.com.br\/portal\/index.php?rest_route=\/wp\/v2\/posts\/158809\/revisions\/158813"}],"wp:featuredmedia":[{"embeddable":true,"href":"https:\/\/aconteceunovale.com.br\/portal\/index.php?rest_route=\/wp\/v2\/media\/158812"}],"wp:attachment":[{"href":"https:\/\/aconteceunovale.com.br\/portal\/index.php?rest_route=%2Fwp%2Fv2%2Fmedia&parent=158809"}],"wp:term":[{"taxonomy":"category","embeddable":true,"href":"https:\/\/aconteceunovale.com.br\/portal\/index.php?rest_route=%2Fwp%2Fv2%2Fcategories&post=158809"},{"taxonomy":"post_tag","embeddable":true,"href":"https:\/\/aconteceunovale.com.br\/portal\/index.php?rest_route=%2Fwp%2Fv2%2Ftags&post=158809"}],"curies":[{"name":"wp","href":"https:\/\/api.w.org\/{rel}","templated":true}]}}